{"id":20194,"date":"2026-01-27T10:18:17","date_gmt":"2026-01-27T13:18:17","guid":{"rendered":"https:\/\/nubesmgzdigital.com.ar\/?p=20194"},"modified":"2026-01-27T10:18:18","modified_gmt":"2026-01-27T13:18:18","slug":"satto-fue-designado-presidente-del-ente-mixto-de-turismo-de-entre-rios","status":"publish","type":"post","link":"https:\/\/nubesmgzdigital.com.ar\/index.php\/2026\/01\/27\/satto-fue-designado-presidente-del-ente-mixto-de-turismo-de-entre-rios\/","title":{"rendered":"Satto fue designado presidente del Ente Mixto de Turismo de Entre R\u00edos"},"content":{"rendered":"\n<p><strong><em>Por decreto N\u00b0 121\/2026, el gobernador Rogelio Frigerio design\u00f3 a Jorge Satto como presidente del EMTURER. La medida habilita el inicio formal del funcionamiento del primer ente mixto tur\u00edstico de la provincia.<\/em><\/strong><\/p>\n\n\n\n<p>El gobernador Rogelio Frigerio design\u00f3 al secretario de Turismo de Entre R\u00edos, Jorge Satto, como presidente del Ente Mixto de Turismo de Entre R\u00edos (EMTURER), dando as\u00ed un paso decisivo para la puesta en marcha de una herramienta institucional clave para el desarrollo de la actividad tur\u00edstica en la provincia.<\/p>\n\n\n\n<p>La designaci\u00f3n permite avanzar en la implementaci\u00f3n efectiva del Ente Mixto de Turismo -creado por la Ley N\u00b0 11.183 sancionada en 2025-, que estableci\u00f3 un nuevo modelo de gesti\u00f3n asociada entre el sector p\u00fablico y privado para el dise\u00f1o, ejecuci\u00f3n y control de pol\u00edticas y programas de desarrollo, fomento y promoci\u00f3n tur\u00edstica.<\/p>\n\n\n\n<p>El EMTURER fue concebido como un organismo descentralizado de la Administraci\u00f3n P\u00fablica Provincial, al que se transfieren las responsabilidades primarias, objetivos, acciones, presupuesto, patrimonio, estructura funcional y recursos humanos vinculados a la Secretar\u00eda de Turismo. Se trata del primer Ente Mixto de Turismo de Entre R\u00edos y de una demanda hist\u00f3rica del sector tur\u00edstico entrerriano, asumida como compromiso por la actual gesti\u00f3n de gobierno.<\/p>\n\n\n\n<p>La Ley N\u00b0 11.183 establece que el Ente contar\u00e1 con un directorio integrado por 15 representantes del sector p\u00fablico, privado e institucional. El mismo estar\u00e1 conformado por cinco funcionarios del Poder Ejecutivo provincial y un legislador por cada C\u00e1mara del Poder Legislativo; representantes del Colegio de Profesionales en Turismo de Entre R\u00edos (COPROTUER) y de la Universidad Aut\u00f3noma de Entre R\u00edos (UADER); y cinco referentes del sector privado designados por la C\u00e1mara Entrerriana de Turismo (CET), asociaciones hoteleras y gastron\u00f3micas adheridas a FEHGRA, delegaciones de Entre R\u00edos de UTHGRA, la Federaci\u00f3n Econ\u00f3mica de Entre R\u00edos (FEDER) y la Asociaci\u00f3n Santafesina y Entrerriana de Agencias de Viajes y Turismo (ASEAVyT).<\/p>\n\n\n\n<p>Cabe recordar que, durante el a\u00f1o 2025, y en el marco de la sanci\u00f3n de la ley, referentes del sector p\u00fablico y privado del turismo entrerriano mantuvieron reuniones peri\u00f3dicas destinadas a ensayar la din\u00e1mica de funcionamiento del Ente Mixto, promoviendo el di\u00e1logo, el consenso y la construcci\u00f3n de una agenda com\u00fan.<\/p>\n\n\n\n<p>Con la designaci\u00f3n de su presidente y el avance en la conformaci\u00f3n de autoridades, el EMTURER inicia formalmente su etapa operativa. En este contexto, el 2026 se proyecta como un a\u00f1o bisagra para la implementaci\u00f3n de este modelo de gobernanza tur\u00edstica, orientado a fortalecer la planificaci\u00f3n estrat\u00e9gica, la articulaci\u00f3n institucional y el desarrollo sostenido del turismo en Entre R\u00edos.<\/p>\n\n\n\n<figure class=\"wp-block-image size-full is-resized\"><a href=\"https:\/\/www.entrerios.tur.ar\/noticias\/satto-fue-designado-presidente-del-ente-mixto-de-turismo-de-entre-r%C3%ADos\" target=\"_blank\" rel=\" noreferrer noopener\"><img loading=\"lazy\" decoding=\"async\" width=\"419\" height=\"102\" src=\"https:\/\/nubesmgzdigital.com.ar\/wp-content\/uploads\/2025\/12\/Captura-de-pantalla_30-12-2025_11453_www.entrerios.tur_.ar_.jpeg\" alt=\"\" class=\"wp-image-20099\" style=\"aspect-ratio:4.108319289106787;width:201px;height:auto\" srcset=\"https:\/\/nubesmgzdigital.com.ar\/wp-content\/uploads\/2025\/12\/Captura-de-pantalla_30-12-2025_11453_www.entrerios.tur_.ar_.jpeg 419w, https:\/\/nubesmgzdigital.com.ar\/wp-content\/uploads\/2025\/12\/Captura-de-pantalla_30-12-2025_11453_www.entrerios.tur_.ar_-300x73.jpeg 300w\" sizes=\"auto, (max-width: 419px) 100vw, 419px\" \/><\/a><\/figure>\n","protected":false},"excerpt":{"rendered":"<p>Por decreto N\u00b0 121\/2026, el gobernador Rogelio Frigerio design\u00f3 a Jorge Satto como presidente del EMTURER. La medida habilita el inicio formal del funcionamiento del primer ente mixto tur\u00edstico de la provincia. El gobernador Rogelio Frigerio design\u00f3 al secretario de Turismo de Entre R\u00edos, Jorge Satto, como presidente del Ente Mixto de Turismo de Entre [&hellip;]<\/p>\n","protected":false},"author":1,"featured_media":20195,"comment_status":"open","ping_status":"open","sticky":false,"template":"","format":"standard","meta":{"footnotes":""},"categories":[150],"tags":[],"class_list":["post-20194","post","type-post","status-publish","format-standard","has-post-thumbnail","hentry","category-entre-rios-termalismo"],"post_mailing_queue_ids":[],"_links":{"self":[{"href":"https:\/\/nubesmgzdigital.com.ar\/index.php\/wp-json\/wp\/v2\/posts\/20194","targetHints":{"allow":["GET"]}}],"collection":[{"href":"https:\/\/nubesmgzdigital.com.ar\/index.php\/wp-json\/wp\/v2\/posts"}],"about":[{"href":"https:\/\/nubesmgzdigital.com.ar\/index.php\/wp-json\/wp\/v2\/types\/post"}],"author":[{"embeddable":true,"href":"https:\/\/nubesmgzdigital.com.ar\/index.php\/wp-json\/wp\/v2\/users\/1"}],"replies":[{"embeddable":true,"href":"https:\/\/nubesmgzdigital.com.ar\/index.php\/wp-json\/wp\/v2\/comments?post=20194"}],"version-history":[{"count":1,"href":"https:\/\/nubesmgzdigital.com.ar\/index.php\/wp-json\/wp\/v2\/posts\/20194\/revisions"}],"predecessor-version":[{"id":20196,"href":"https:\/\/nubesmgzdigital.com.ar\/index.php\/wp-json\/wp\/v2\/posts\/20194\/revisions\/20196"}],"wp:featuredmedia":[{"embeddable":true,"href":"https:\/\/nubesmgzdigital.com.ar\/index.php\/wp-json\/wp\/v2\/media\/20195"}],"wp:attachment":[{"href":"https:\/\/nubesmgzdigital.com.ar\/index.php\/wp-json\/wp\/v2\/media?parent=20194"}],"wp:term":[{"taxonomy":"category","embeddable":true,"href":"https:\/\/nubesmgzdigital.com.ar\/index.php\/wp-json\/wp\/v2\/categories?post=20194"},{"taxonomy":"post_tag","embeddable":true,"href":"https:\/\/nubesmgzdigital.com.ar\/index.php\/wp-json\/wp\/v2\/tags?post=20194"}],"curies":[{"name":"wp","href":"https:\/\/api.w.org\/{rel}","templated":true}]}}