{"id":20201,"date":"2026-01-28T14:42:20","date_gmt":"2026-01-28T17:42:20","guid":{"rendered":"https:\/\/nubesmgzdigital.com.ar\/?p=20201"},"modified":"2026-01-28T14:42:21","modified_gmt":"2026-01-28T17:42:21","slug":"panama-reune-a-mas-de-40-especialistas-en-turismo-el-epicentro-del-periodismo-internacional","status":"publish","type":"post","link":"https:\/\/nubesmgzdigital.com.ar\/index.php\/2026\/01\/28\/panama-reune-a-mas-de-40-especialistas-en-turismo-el-epicentro-del-periodismo-internacional\/","title":{"rendered":"Panam\u00e1 re\u00fane a m\u00e1s de 40 especialistas en turismo: el epicentro del periodismo internacional"},"content":{"rendered":"\n<p><strong><em>A partir de ma\u00f1ana, 29 de enero, y hasta el 5 de febrero de 2026, Panam\u00e1 reunir\u00e1 a 49 l\u00edderes de la comunicaci\u00f3n tur\u00edstica como parte de la celebraci\u00f3n de la und\u00e9cima gala del Premio Pasaporte Abierto, convirtiendo al pa\u00eds en el epicentro del periodismo internacional del sector.<\/em><\/strong><\/p>\n\n\n\n<p>Durante esta jornada, periodistas, comunicadores, autoridades y referentes del sector provenientes de distintos pa\u00edses visitar\u00e1n lugares emblem\u00e1ticos de las ciudades costeras de Panam\u00e1 (Pac\u00edfico) y Col\u00f3n (Atl\u00e1ntico). El objetivo es brindar una experiencia que combine el reconocimiento profesional, la formaci\u00f3n acad\u00e9mica, el intercambio cultural y vivencias territoriales de alto valor simb\u00f3lico.<\/p>\n\n\n\n<p><strong><em>El programa de actividades incluye:<\/em><\/strong><\/p>\n\n\n\n<p>La gala del Premio Pasaporte Abierto: un reconocimiento al trabajo de periodistas y comunicadores tur\u00edsticos.<\/p>\n\n\n\n<p>Recorridos hist\u00f3ricos: visitas al Casco Antiguo (Patrimonio de la Humanidad por la Unesco), al Canal de Panam\u00e1 y a los fuertes coloniales de Portobelo.<\/p>\n\n\n\n<p>Networking estrat\u00e9gico: sesiones dise\u00f1adas para fortalecer alianzas internacionales.<\/p>\n\n\n\n<figure class=\"wp-block-gallery has-nested-images columns-default is-cropped wp-block-gallery-1 is-layout-flex wp-block-gallery-is-layout-flex\">\n<figure class=\"wp-block-image size-large\"><img loading=\"lazy\" decoding=\"async\" width=\"1024\" height=\"576\" data-id=\"20203\" src=\"https:\/\/nubesmgzdigital.com.ar\/wp-content\/uploads\/2026\/01\/WhatsApp-Image-2026-01-28-at-2.05.39-PM-1024x576.jpeg\" alt=\"\" class=\"wp-image-20203\" srcset=\"https:\/\/nubesmgzdigital.com.ar\/wp-content\/uploads\/2026\/01\/WhatsApp-Image-2026-01-28-at-2.05.39-PM-1024x576.jpeg 1024w, https:\/\/nubesmgzdigital.com.ar\/wp-content\/uploads\/2026\/01\/WhatsApp-Image-2026-01-28-at-2.05.39-PM-300x169.jpeg 300w, https:\/\/nubesmgzdigital.com.ar\/wp-content\/uploads\/2026\/01\/WhatsApp-Image-2026-01-28-at-2.05.39-PM-768x432.jpeg 768w, https:\/\/nubesmgzdigital.com.ar\/wp-content\/uploads\/2026\/01\/WhatsApp-Image-2026-01-28-at-2.05.39-PM-1536x864.jpeg 1536w, https:\/\/nubesmgzdigital.com.ar\/wp-content\/uploads\/2026\/01\/WhatsApp-Image-2026-01-28-at-2.05.39-PM-696x392.jpeg 696w, https:\/\/nubesmgzdigital.com.ar\/wp-content\/uploads\/2026\/01\/WhatsApp-Image-2026-01-28-at-2.05.39-PM-1068x601.jpeg 1068w, https:\/\/nubesmgzdigital.com.ar\/wp-content\/uploads\/2026\/01\/WhatsApp-Image-2026-01-28-at-2.05.39-PM-747x420.jpeg 747w, https:\/\/nubesmgzdigital.com.ar\/wp-content\/uploads\/2026\/01\/WhatsApp-Image-2026-01-28-at-2.05.39-PM.jpeg 1600w\" sizes=\"auto, (max-width: 1024px) 100vw, 1024px\" \/><\/figure>\n\n\n\n<figure class=\"wp-block-image size-large\"><img loading=\"lazy\" decoding=\"async\" width=\"1024\" height=\"576\" data-id=\"20202\" src=\"https:\/\/nubesmgzdigital.com.ar\/wp-content\/uploads\/2026\/01\/WhatsApp-Image-2026-01-28-at-2.05.45-PM-1024x576.jpeg\" alt=\"\" class=\"wp-image-20202\" srcset=\"https:\/\/nubesmgzdigital.com.ar\/wp-content\/uploads\/2026\/01\/WhatsApp-Image-2026-01-28-at-2.05.45-PM-1024x576.jpeg 1024w, https:\/\/nubesmgzdigital.com.ar\/wp-content\/uploads\/2026\/01\/WhatsApp-Image-2026-01-28-at-2.05.45-PM-300x169.jpeg 300w, https:\/\/nubesmgzdigital.com.ar\/wp-content\/uploads\/2026\/01\/WhatsApp-Image-2026-01-28-at-2.05.45-PM-768x432.jpeg 768w, https:\/\/nubesmgzdigital.com.ar\/wp-content\/uploads\/2026\/01\/WhatsApp-Image-2026-01-28-at-2.05.45-PM-1536x864.jpeg 1536w, https:\/\/nubesmgzdigital.com.ar\/wp-content\/uploads\/2026\/01\/WhatsApp-Image-2026-01-28-at-2.05.45-PM-696x392.jpeg 696w, https:\/\/nubesmgzdigital.com.ar\/wp-content\/uploads\/2026\/01\/WhatsApp-Image-2026-01-28-at-2.05.45-PM-1068x601.jpeg 1068w, https:\/\/nubesmgzdigital.com.ar\/wp-content\/uploads\/2026\/01\/WhatsApp-Image-2026-01-28-at-2.05.45-PM-747x420.jpeg 747w, https:\/\/nubesmgzdigital.com.ar\/wp-content\/uploads\/2026\/01\/WhatsApp-Image-2026-01-28-at-2.05.45-PM.jpeg 1600w\" sizes=\"auto, (max-width: 1024px) 100vw, 1024px\" \/><\/figure>\n\n\n\n<figure class=\"wp-block-image size-large\"><img loading=\"lazy\" decoding=\"async\" width=\"1024\" height=\"683\" data-id=\"20204\" src=\"https:\/\/nubesmgzdigital.com.ar\/wp-content\/uploads\/2026\/01\/WhatsApp-Image-2026-01-28-at-2.05.48-PM-1024x683.jpeg\" alt=\"\" class=\"wp-image-20204\" srcset=\"https:\/\/nubesmgzdigital.com.ar\/wp-content\/uploads\/2026\/01\/WhatsApp-Image-2026-01-28-at-2.05.48-PM-1024x683.jpeg 1024w, https:\/\/nubesmgzdigital.com.ar\/wp-content\/uploads\/2026\/01\/WhatsApp-Image-2026-01-28-at-2.05.48-PM-300x200.jpeg 300w, https:\/\/nubesmgzdigital.com.ar\/wp-content\/uploads\/2026\/01\/WhatsApp-Image-2026-01-28-at-2.05.48-PM-768x512.jpeg 768w, https:\/\/nubesmgzdigital.com.ar\/wp-content\/uploads\/2026\/01\/WhatsApp-Image-2026-01-28-at-2.05.48-PM-1536x1024.jpeg 1536w, https:\/\/nubesmgzdigital.com.ar\/wp-content\/uploads\/2026\/01\/WhatsApp-Image-2026-01-28-at-2.05.48-PM-696x464.jpeg 696w, https:\/\/nubesmgzdigital.com.ar\/wp-content\/uploads\/2026\/01\/WhatsApp-Image-2026-01-28-at-2.05.48-PM-1068x712.jpeg 1068w, https:\/\/nubesmgzdigital.com.ar\/wp-content\/uploads\/2026\/01\/WhatsApp-Image-2026-01-28-at-2.05.48-PM-630x420.jpeg 630w, https:\/\/nubesmgzdigital.com.ar\/wp-content\/uploads\/2026\/01\/WhatsApp-Image-2026-01-28-at-2.05.48-PM.jpeg 1600w\" sizes=\"auto, (max-width: 1024px) 100vw, 1024px\" \/><\/figure>\n<\/figure>\n\n\n\n<p>VII Foro Internacional de L\u00edderes en Turismo: bajo el lema \u201cEl patrimonio en di\u00e1logo: estrategias para comunicar lo que somos\u201d, este evento se realizar\u00e1 en el Centro de Arte y Cultura de Col\u00f3n con entrada libre.<\/p>\n\n\n\n<p>Este encuentro de formaci\u00f3n colectiva contar\u00e1 con panelistas expertos de Argentina, Brasil, Rep\u00fablica Dominicana, M\u00e9xico, Colombia, Alemania, Ecuador, Venezuela y Panam\u00e1.<\/p>\n\n\n\n<p>Se extiende una invitaci\u00f3n cordial a profesionales, estudiantes, gestores culturales y al p\u00fablico general interesado en los desaf\u00edos del turismo contempor\u00e1neo, especialmente en la narrativa de destinos con profundidad y responsabilidad. La entrada es gratuita y no requiere inscripci\u00f3n previa.<\/p>\n\n\n\n<p>Esta cita forma parte del calendario 2026 de la Organizaci\u00f3n Mundial de Periodismo Tur\u00edstico, que integra eventos formativos y conferencias internacionales destinados a fortalecer las pr\u00e1cticas comunicativas en el sector.<\/p><p><\/p>\n","protected":false},"excerpt":{"rendered":"<p>A partir de ma\u00f1ana, 29 de enero, y hasta el 5 de febrero de 2026, Panam\u00e1 reunir\u00e1 a 49 l\u00edderes de la comunicaci\u00f3n tur\u00edstica como parte de la celebraci\u00f3n de la und\u00e9cima gala del Premio Pasaporte Abierto, convirtiendo al pa\u00eds en el epicentro del periodismo internacional del sector. Durante esta jornada, periodistas, comunicadores, autoridades y [&hellip;]<\/p>\n","protected":false},"author":3,"featured_media":20205,"comment_status":"open","ping_status":"open","sticky":false,"template":"","format":"standard","meta":{"footnotes":""},"categories":[145,113],"tags":[],"class_list":["post-20201","post","type-post","status-publish","format-standard","has-post-thumbnail","hentry","category-ferias-y-congresos","category-internacional"],"post_mailing_queue_ids":[],"_links":{"self":[{"href":"https:\/\/nubesmgzdigital.com.ar\/index.php\/wp-json\/wp\/v2\/posts\/20201","targetHints":{"allow":["GET"]}}],"collection":[{"href":"https:\/\/nubesmgzdigital.com.ar\/index.php\/wp-json\/wp\/v2\/posts"}],"about":[{"href":"https:\/\/nubesmgzdigital.com.ar\/index.php\/wp-json\/wp\/v2\/types\/post"}],"author":[{"embeddable":true,"href":"https:\/\/nubesmgzdigital.com.ar\/index.php\/wp-json\/wp\/v2\/users\/3"}],"replies":[{"embeddable":true,"href":"https:\/\/nubesmgzdigital.com.ar\/index.php\/wp-json\/wp\/v2\/comments?post=20201"}],"version-history":[{"count":1,"href":"https:\/\/nubesmgzdigital.com.ar\/index.php\/wp-json\/wp\/v2\/posts\/20201\/revisions"}],"predecessor-version":[{"id":20206,"href":"https:\/\/nubesmgzdigital.com.ar\/index.php\/wp-json\/wp\/v2\/posts\/20201\/revisions\/20206"}],"wp:featuredmedia":[{"embeddable":true,"href":"https:\/\/nubesmgzdigital.com.ar\/index.php\/wp-json\/wp\/v2\/media\/20205"}],"wp:attachment":[{"href":"https:\/\/nubesmgzdigital.com.ar\/index.php\/wp-json\/wp\/v2\/media?parent=20201"}],"wp:term":[{"taxonomy":"category","embeddable":true,"href":"https:\/\/nubesmgzdigital.com.ar\/index.php\/wp-json\/wp\/v2\/categories?post=20201"},{"taxonomy":"post_tag","embeddable":true,"href":"https:\/\/nubesmgzdigital.com.ar\/index.php\/wp-json\/wp\/v2\/tags?post=20201"}],"curies":[{"name":"wp","href":"https:\/\/api.w.org\/{rel}","templated":true}]}}