{"id":20207,"date":"2026-01-29T08:12:46","date_gmt":"2026-01-29T11:12:46","guid":{"rendered":"https:\/\/nubesmgzdigital.com.ar\/?p=20207"},"modified":"2026-01-29T08:40:12","modified_gmt":"2026-01-29T11:40:12","slug":"villa-gesell-se-destaca-como-uno-de-los-destinos-mas-activos-de-la-costa-bonaerense","status":"publish","type":"post","link":"https:\/\/nubesmgzdigital.com.ar\/index.php\/2026\/01\/29\/villa-gesell-se-destaca-como-uno-de-los-destinos-mas-activos-de-la-costa-bonaerense\/","title":{"rendered":"Villa Gesell se destaca como uno de los destinos m\u00e1s activos de la Costa bonaerense"},"content":{"rendered":"\n<p><strong><em>Villa Gesell, m\u00e1s cultural que nunca en cuanto a oferta cultural y recreativa, con una amplia variedad de propuestas tanto p\u00fablicas como privadas.<\/em><\/strong><\/p>\n\n\n\n<p>La comunidad y los visitantes pueden disfrutar de museos, el Polo Cultural del Sur, el Teatro Municipal, la Casa de la Cultura y la Plaza Primera Junta, que es el epicentro de recitales y eventos al aire libre. Adem\u00e1s, se llevan a cabo ferias artesanales, talleres, circos y muestras, entre otras actividades promovidas por el sector p\u00fablico.<\/p>\n\n\n\n<figure class=\"wp-block-gallery has-nested-images columns-default is-cropped wp-block-gallery-1 is-layout-flex wp-block-gallery-is-layout-flex\">\n<figure class=\"wp-block-image size-large\"><img loading=\"lazy\" decoding=\"async\" width=\"461\" height=\"1024\" data-id=\"20209\" src=\"https:\/\/nubesmgzdigital.com.ar\/wp-content\/uploads\/2026\/01\/WhatsApp-Image-2026-01-28-at-2.08.41-PM-461x1024.jpeg\" alt=\"\" class=\"wp-image-20209\" srcset=\"https:\/\/nubesmgzdigital.com.ar\/wp-content\/uploads\/2026\/01\/WhatsApp-Image-2026-01-28-at-2.08.41-PM-461x1024.jpeg 461w, https:\/\/nubesmgzdigital.com.ar\/wp-content\/uploads\/2026\/01\/WhatsApp-Image-2026-01-28-at-2.08.41-PM-135x300.jpeg 135w, https:\/\/nubesmgzdigital.com.ar\/wp-content\/uploads\/2026\/01\/WhatsApp-Image-2026-01-28-at-2.08.41-PM-189x420.jpeg 189w, https:\/\/nubesmgzdigital.com.ar\/wp-content\/uploads\/2026\/01\/WhatsApp-Image-2026-01-28-at-2.08.41-PM.jpeg 576w\" sizes=\"auto, (max-width: 461px) 100vw, 461px\" \/><\/figure>\n\n\n\n<figure class=\"wp-block-image size-large\"><img loading=\"lazy\" decoding=\"async\" width=\"461\" height=\"1024\" data-id=\"20208\" src=\"https:\/\/nubesmgzdigital.com.ar\/wp-content\/uploads\/2026\/01\/WhatsApp-Image-2026-01-28-at-2.08.42-PM-1-461x1024.jpeg\" alt=\"\" class=\"wp-image-20208\" srcset=\"https:\/\/nubesmgzdigital.com.ar\/wp-content\/uploads\/2026\/01\/WhatsApp-Image-2026-01-28-at-2.08.42-PM-1-461x1024.jpeg 461w, https:\/\/nubesmgzdigital.com.ar\/wp-content\/uploads\/2026\/01\/WhatsApp-Image-2026-01-28-at-2.08.42-PM-1-135x300.jpeg 135w, https:\/\/nubesmgzdigital.com.ar\/wp-content\/uploads\/2026\/01\/WhatsApp-Image-2026-01-28-at-2.08.42-PM-1-691x1536.jpeg 691w, https:\/\/nubesmgzdigital.com.ar\/wp-content\/uploads\/2026\/01\/WhatsApp-Image-2026-01-28-at-2.08.42-PM-1-696x1547.jpeg 696w, https:\/\/nubesmgzdigital.com.ar\/wp-content\/uploads\/2026\/01\/WhatsApp-Image-2026-01-28-at-2.08.42-PM-1-189x420.jpeg 189w, https:\/\/nubesmgzdigital.com.ar\/wp-content\/uploads\/2026\/01\/WhatsApp-Image-2026-01-28-at-2.08.42-PM-1.jpeg 720w\" sizes=\"auto, (max-width: 461px) 100vw, 461px\" \/><\/figure>\n\n\n\n<figure class=\"wp-block-image size-large\"><img loading=\"lazy\" decoding=\"async\" width=\"461\" height=\"1024\" data-id=\"20210\" src=\"https:\/\/nubesmgzdigital.com.ar\/wp-content\/uploads\/2026\/01\/WhatsApp-Image-2026-01-28-at-2.08.42-PM-461x1024.jpeg\" alt=\"\" class=\"wp-image-20210\" srcset=\"https:\/\/nubesmgzdigital.com.ar\/wp-content\/uploads\/2026\/01\/WhatsApp-Image-2026-01-28-at-2.08.42-PM-461x1024.jpeg 461w, https:\/\/nubesmgzdigital.com.ar\/wp-content\/uploads\/2026\/01\/WhatsApp-Image-2026-01-28-at-2.08.42-PM-135x300.jpeg 135w, https:\/\/nubesmgzdigital.com.ar\/wp-content\/uploads\/2026\/01\/WhatsApp-Image-2026-01-28-at-2.08.42-PM-189x420.jpeg 189w, https:\/\/nubesmgzdigital.com.ar\/wp-content\/uploads\/2026\/01\/WhatsApp-Image-2026-01-28-at-2.08.42-PM.jpeg 576w\" sizes=\"auto, (max-width: 461px) 100vw, 461px\" \/><\/figure>\n<\/figure>\n\n\n\n<p>El sector privado complementa esta oferta con cines, conciertos l\u00edricos, encuentros corales y shows en locales gastron\u00f3micos, enriqueciendo la vida cultural y social, adem\u00e1s de dinamizar la econom\u00eda local y fomentar la participaci\u00f3n ciudadana en el \u00e1mbito cultural.<\/p>\n\n\n\n<p>Desde el Gobierno de la Provincia de Buenos Aires, se impulsa el Parador Recreo, un espacio dedicado a promover el turismo recreativo y cultural a trav\u00e9s de eventos musicales, actividades deportivas, mateadas, juegos y promociones, creando un entorno agradable y estimulante para los visitantes.<\/p>\n\n\n\n<p>A estas iniciativas se suman la Feria Gesell Lee, que exhibe arte, artesan\u00edas y propuestas gastron\u00f3micas, y la Avenida 3, convertida en peatonal, que se transforma en un espacio para la muestra de arte y la promoci\u00f3n de la cultura local. La destacada orquesta municipal tambi\u00e9n participa en conciertos al aire libre, aportando a\u00fan m\u00e1s diversidad y dinamismo a la oferta cultural y recreativa del lugar.<br \/>La intensa actividad cultural que caracteriza a Villa Gesell no solo enriquece la vida de sus habitantes, sino que tambi\u00e9n fortalece su identidad y autonom\u00eda como comunidad. Estas expresiones art\u00edsticas y culturales fomentan el sentido de pertenencia, promueven el turismo y posicionan a la ciudad como un destino din\u00e1mico y diverso. Sin duda, la constante presencia de eventos, festivales y propuestas culturales es un pilar fundamental para el crecimiento y el bienestar de Villa Gesell, consolidando su lugar en el mapa cultural de la regi\u00f3n y del pa\u00eds.<\/p>\n<p>\u00a0<\/p>\n","protected":false},"excerpt":{"rendered":"<p>Villa Gesell, m\u00e1s cultural que nunca en cuanto a oferta cultural y recreativa, con una amplia variedad de propuestas tanto p\u00fablicas como privadas. La comunidad y los visitantes pueden disfrutar de museos, el Polo Cultural del Sur, el Teatro Municipal, la Casa de la Cultura y la Plaza Primera Junta, que es el epicentro de [&hellip;]<\/p>\n","protected":false},"author":3,"featured_media":20210,"comment_status":"open","ping_status":"open","sticky":false,"template":"","format":"standard","meta":{"footnotes":""},"categories":[147],"tags":[],"class_list":["post-20207","post","type-post","status-publish","format-standard","has-post-thumbnail","hentry","category-pcia-de-buenos-aires"],"post_mailing_queue_ids":[],"_links":{"self":[{"href":"https:\/\/nubesmgzdigital.com.ar\/index.php\/wp-json\/wp\/v2\/posts\/20207","targetHints":{"allow":["GET"]}}],"collection":[{"href":"https:\/\/nubesmgzdigital.com.ar\/index.php\/wp-json\/wp\/v2\/posts"}],"about":[{"href":"https:\/\/nubesmgzdigital.com.ar\/index.php\/wp-json\/wp\/v2\/types\/post"}],"author":[{"embeddable":true,"href":"https:\/\/nubesmgzdigital.com.ar\/index.php\/wp-json\/wp\/v2\/users\/3"}],"replies":[{"embeddable":true,"href":"https:\/\/nubesmgzdigital.com.ar\/index.php\/wp-json\/wp\/v2\/comments?post=20207"}],"version-history":[{"count":3,"href":"https:\/\/nubesmgzdigital.com.ar\/index.php\/wp-json\/wp\/v2\/posts\/20207\/revisions"}],"predecessor-version":[{"id":20213,"href":"https:\/\/nubesmgzdigital.com.ar\/index.php\/wp-json\/wp\/v2\/posts\/20207\/revisions\/20213"}],"wp:featuredmedia":[{"embeddable":true,"href":"https:\/\/nubesmgzdigital.com.ar\/index.php\/wp-json\/wp\/v2\/media\/20210"}],"wp:attachment":[{"href":"https:\/\/nubesmgzdigital.com.ar\/index.php\/wp-json\/wp\/v2\/media?parent=20207"}],"wp:term":[{"taxonomy":"category","embeddable":true,"href":"https:\/\/nubesmgzdigital.com.ar\/index.php\/wp-json\/wp\/v2\/categories?post=20207"},{"taxonomy":"post_tag","embeddable":true,"href":"https:\/\/nubesmgzdigital.com.ar\/index.php\/wp-json\/wp\/v2\/tags?post=20207"}],"curies":[{"name":"wp","href":"https:\/\/api.w.org\/{rel}","templated":true}]}}