{"id":20224,"date":"2026-01-30T08:27:14","date_gmt":"2026-01-30T11:27:14","guid":{"rendered":"https:\/\/nubesmgzdigital.com.ar\/?p=20224"},"modified":"2026-01-30T08:27:15","modified_gmt":"2026-01-30T11:27:15","slug":"turismo-los-carnavales-misioneros-se-presentaran-en-la-costanera-de-posadas","status":"publish","type":"post","link":"https:\/\/nubesmgzdigital.com.ar\/index.php\/2026\/01\/30\/turismo-los-carnavales-misioneros-se-presentaran-en-la-costanera-de-posadas\/","title":{"rendered":"TURISMO: LOS CARNAVALES MISIONEROS SE PRESENTAR\u00c1N EN LA COSTANERA DE POSADAS"},"content":{"rendered":"\n<p><strong><em>M\u00fasica, color y alegr\u00eda recorrer\u00e1n el paseo costero para anticipar una de las celebraciones m\u00e1s esperadas del verano.<\/em><\/strong><\/p>\n\n\n\n<p>Este viernes, la Costanera de Posadas ser\u00e1 escenario de la presentaci\u00f3n oficial de los Carnavales Misioneros 2026, a trav\u00e9s de una propuesta itinerante y participativa que invita a residentes y turistas a disfrutar el esp\u00edritu del carnaval en pleno paseo costero.<\/p>\n\n\n\n<figure class=\"wp-block-gallery has-nested-images columns-default is-cropped wp-block-gallery-1 is-layout-flex wp-block-gallery-is-layout-flex\">\n<figure class=\"wp-block-image size-large\"><img loading=\"lazy\" decoding=\"async\" width=\"1024\" height=\"768\" data-id=\"20227\" src=\"https:\/\/nubesmgzdigital.com.ar\/wp-content\/uploads\/2026\/01\/Carnavales-misioneros_archivo-1-1024x768.jpg\" alt=\"\" class=\"wp-image-20227\" srcset=\"https:\/\/nubesmgzdigital.com.ar\/wp-content\/uploads\/2026\/01\/Carnavales-misioneros_archivo-1-1024x768.jpg 1024w, https:\/\/nubesmgzdigital.com.ar\/wp-content\/uploads\/2026\/01\/Carnavales-misioneros_archivo-1-300x225.jpg 300w, https:\/\/nubesmgzdigital.com.ar\/wp-content\/uploads\/2026\/01\/Carnavales-misioneros_archivo-1-768x576.jpg 768w, https:\/\/nubesmgzdigital.com.ar\/wp-content\/uploads\/2026\/01\/Carnavales-misioneros_archivo-1-80x60.jpg 80w, https:\/\/nubesmgzdigital.com.ar\/wp-content\/uploads\/2026\/01\/Carnavales-misioneros_archivo-1-265x198.jpg 265w, https:\/\/nubesmgzdigital.com.ar\/wp-content\/uploads\/2026\/01\/Carnavales-misioneros_archivo-1-696x522.jpg 696w, https:\/\/nubesmgzdigital.com.ar\/wp-content\/uploads\/2026\/01\/Carnavales-misioneros_archivo-1-1068x801.jpg 1068w, https:\/\/nubesmgzdigital.com.ar\/wp-content\/uploads\/2026\/01\/Carnavales-misioneros_archivo-1-560x420.jpg 560w, https:\/\/nubesmgzdigital.com.ar\/wp-content\/uploads\/2026\/01\/Carnavales-misioneros_archivo-1.jpg 1440w\" sizes=\"auto, (max-width: 1024px) 100vw, 1024px\" \/><\/figure>\n\n\n\n<figure class=\"wp-block-image size-large\"><img loading=\"lazy\" decoding=\"async\" width=\"1024\" height=\"576\" data-id=\"20226\" src=\"https:\/\/nubesmgzdigital.com.ar\/wp-content\/uploads\/2026\/01\/Carnavales-misioneros_archivo-3-scaled-1-1024x576.jpg\" alt=\"\" class=\"wp-image-20226\" srcset=\"https:\/\/nubesmgzdigital.com.ar\/wp-content\/uploads\/2026\/01\/Carnavales-misioneros_archivo-3-scaled-1-1024x576.jpg 1024w, https:\/\/nubesmgzdigital.com.ar\/wp-content\/uploads\/2026\/01\/Carnavales-misioneros_archivo-3-scaled-1-300x169.jpg 300w, https:\/\/nubesmgzdigital.com.ar\/wp-content\/uploads\/2026\/01\/Carnavales-misioneros_archivo-3-scaled-1-768x432.jpg 768w, https:\/\/nubesmgzdigital.com.ar\/wp-content\/uploads\/2026\/01\/Carnavales-misioneros_archivo-3-scaled-1-1536x864.jpg 1536w, https:\/\/nubesmgzdigital.com.ar\/wp-content\/uploads\/2026\/01\/Carnavales-misioneros_archivo-3-scaled-1-2048x1152.jpg 2048w, https:\/\/nubesmgzdigital.com.ar\/wp-content\/uploads\/2026\/01\/Carnavales-misioneros_archivo-3-scaled-1-696x392.jpg 696w, https:\/\/nubesmgzdigital.com.ar\/wp-content\/uploads\/2026\/01\/Carnavales-misioneros_archivo-3-scaled-1-1068x601.jpg 1068w, https:\/\/nubesmgzdigital.com.ar\/wp-content\/uploads\/2026\/01\/Carnavales-misioneros_archivo-3-scaled-1-747x420.jpg 747w\" sizes=\"auto, (max-width: 1024px) 100vw, 1024px\" \/><\/figure>\n\n\n\n<figure class=\"wp-block-image size-large\"><img loading=\"lazy\" decoding=\"async\" width=\"900\" height=\"506\" data-id=\"20225\" src=\"https:\/\/nubesmgzdigital.com.ar\/wp-content\/uploads\/2026\/01\/image-239.jpeg\" alt=\"\" class=\"wp-image-20225\" srcset=\"https:\/\/nubesmgzdigital.com.ar\/wp-content\/uploads\/2026\/01\/image-239.jpeg 900w, https:\/\/nubesmgzdigital.com.ar\/wp-content\/uploads\/2026\/01\/image-239-300x169.jpeg 300w, https:\/\/nubesmgzdigital.com.ar\/wp-content\/uploads\/2026\/01\/image-239-768x432.jpeg 768w, https:\/\/nubesmgzdigital.com.ar\/wp-content\/uploads\/2026\/01\/image-239-696x391.jpeg 696w, https:\/\/nubesmgzdigital.com.ar\/wp-content\/uploads\/2026\/01\/image-239-747x420.jpeg 747w\" sizes=\"auto, (max-width: 900px) 100vw, 900px\" \/><\/figure>\n<\/figure>\n\n\n\n<p>La actividad comenzar\u00e1 a las 20 h, con un recorrido que ir\u00e1 desde el balneario El Brete hasta el Parque de las Fiestas, integrando m\u00fasica en vivo, baile y acciones promocionales a lo largo de la Costanera.<\/p>\n\n\n\n<p>El tr\u00e1iler musical y el bus \u201cLa Jangada\u201d funcionar\u00e1n como soporte principal de la propuesta art\u00edstica, acompa\u00f1ados por la Banda Espiral y un equipo de animaci\u00f3n que marcar\u00e1 el ritmo durante todo el recorrido, con paradas estrat\u00e9gicas en bares y espacios gastron\u00f3micos.<\/p>\n\n\n\n<p>La propuesta se enmarca en la campa\u00f1a Turiste\u00e1 Misiones, que invita a disfrutar el verano desde lo cercano y accesible, combinando fiestas populares, naturaleza y escapadas. En ese sentido, los carnavales se presentan no solo como un evento, sino como una excusa para salir, recorrer, encontrarse y descubrir Misiones a ritmo propio, integrando comparsas, m\u00fasica y celebraci\u00f3n con arroyos, saltos, parques provinciales, campings y propuestas culturales.<\/p>\n\n\n\n<p>As\u00ed, la presentaci\u00f3n de los Carnavales Misioneros 2026 busca potenciar su visibilidad, acerc\u00e1ndolos al espacio urbano y al disfrute cotidiano, reafirmando su lugar como una de las actividades m\u00e1s convocantes del verano misionero.<\/p>\n\n\n\n<p><strong>Fuente: Ministerio de Turismo<\/strong><\/p><p><\/p>\n","protected":false},"excerpt":{"rendered":"<p>M\u00fasica, color y alegr\u00eda recorrer\u00e1n el paseo costero para anticipar una de las celebraciones m\u00e1s esperadas del verano. Este viernes, la Costanera de Posadas ser\u00e1 escenario de la presentaci\u00f3n oficial de los Carnavales Misioneros 2026, a trav\u00e9s de una propuesta itinerante y participativa que invita a residentes y turistas a disfrutar el esp\u00edritu del carnaval [&hellip;]<\/p>\n","protected":false},"author":1,"featured_media":20227,"comment_status":"open","ping_status":"open","sticky":false,"template":"","format":"standard","meta":{"footnotes":""},"categories":[114,2,129],"tags":[],"class_list":["post-20224","post","type-post","status-publish","format-standard","has-post-thumbnail","hentry","category-turismo-destinos","category-nea","category-sociales"],"post_mailing_queue_ids":[],"_links":{"self":[{"href":"https:\/\/nubesmgzdigital.com.ar\/index.php\/wp-json\/wp\/v2\/posts\/20224","targetHints":{"allow":["GET"]}}],"collection":[{"href":"https:\/\/nubesmgzdigital.com.ar\/index.php\/wp-json\/wp\/v2\/posts"}],"about":[{"href":"https:\/\/nubesmgzdigital.com.ar\/index.php\/wp-json\/wp\/v2\/types\/post"}],"author":[{"embeddable":true,"href":"https:\/\/nubesmgzdigital.com.ar\/index.php\/wp-json\/wp\/v2\/users\/1"}],"replies":[{"embeddable":true,"href":"https:\/\/nubesmgzdigital.com.ar\/index.php\/wp-json\/wp\/v2\/comments?post=20224"}],"version-history":[{"count":1,"href":"https:\/\/nubesmgzdigital.com.ar\/index.php\/wp-json\/wp\/v2\/posts\/20224\/revisions"}],"predecessor-version":[{"id":20228,"href":"https:\/\/nubesmgzdigital.com.ar\/index.php\/wp-json\/wp\/v2\/posts\/20224\/revisions\/20228"}],"wp:featuredmedia":[{"embeddable":true,"href":"https:\/\/nubesmgzdigital.com.ar\/index.php\/wp-json\/wp\/v2\/media\/20227"}],"wp:attachment":[{"href":"https:\/\/nubesmgzdigital.com.ar\/index.php\/wp-json\/wp\/v2\/media?parent=20224"}],"wp:term":[{"taxonomy":"category","embeddable":true,"href":"https:\/\/nubesmgzdigital.com.ar\/index.php\/wp-json\/wp\/v2\/categories?post=20224"},{"taxonomy":"post_tag","embeddable":true,"href":"https:\/\/nubesmgzdigital.com.ar\/index.php\/wp-json\/wp\/v2\/tags?post=20224"}],"curies":[{"name":"wp","href":"https:\/\/api.w.org\/{rel}","templated":true}]}}