{"id":20232,"date":"2026-01-30T08:51:59","date_gmt":"2026-01-30T11:51:59","guid":{"rendered":"https:\/\/nubesmgzdigital.com.ar\/?p=20232"},"modified":"2026-01-30T08:52:00","modified_gmt":"2026-01-30T11:52:00","slug":"en-enero-el-turismo-le-aporto-a-mendoza-mas-de-137-000-millones","status":"publish","type":"post","link":"https:\/\/nubesmgzdigital.com.ar\/index.php\/2026\/01\/30\/en-enero-el-turismo-le-aporto-a-mendoza-mas-de-137-000-millones\/","title":{"rendered":"En enero, el turismo le aport\u00f3 a Mendoza m\u00e1s de $137.000 millones"},"content":{"rendered":"\n<p><strong><em>La Provincia hizo un balance positivo del primer mes del a\u00f1o en materia tur\u00edstica. Durante enero, la ocupaci\u00f3n promedio alcanz\u00f3 el 60%, un n\u00famero que se ubica dentro de la media hist\u00f3rica y que resulta especialmente favorable si se tiene en cuenta que Mendoza no es un destino de sol y playa, sino una provincia con una propuesta tur\u00edstica centrada en la naturaleza, la cultura, el vino, la monta\u00f1a y las experiencias.<\/em><\/strong><\/p>\n\n\n\n<p>Durante enero, el turismo gener\u00f3 un fuerte impacto econ\u00f3mico en la provincia, con un ingreso total de $137.475 millones de pesos, producto de la visita de 312 mil turistas. Este c\u00e1lculo se basa en una estad\u00eda promedio de 4,7 noches y un gasto diario estimado de $92.500 por persona, lo que evidencia una significativa inyecci\u00f3n de capital en la econom\u00eda local.<\/p>\n\n\n\n<p>Gabriela Testa, presidenta del Emetur, explic\u00f3 que en verano se ven m\u00e1s familias de turistas recorriendo la provincia y que \u201ceste promedio provincial presenta realidades diversas, seg\u00fan los destinos\u201d. En este sentido, la funcionaria remarc\u00f3 que las villas de San Rafael, Potrerillos y Cacheuta registraron niveles de ocupaci\u00f3n superiores al Gran Mendoza, \u201cprincipalmente por su oferta vinculada al agua, los entornos naturales y las actividades al aire libre, que resultan especialmente atractivas durante el verano\u201d.<\/p>\n\n\n\n<p>\u201cCuando hablamos de Mendoza, no se puede dar una foto \u00fanica. Var\u00eda la situaci\u00f3n tur\u00edstica de acuerdo a cada zona de la provincia. En verano, naturalmente le va mejor al sur provincial y a zonas de monta\u00f1a. Luego es notorio un comportamiento de aumento de la demanda hacia los fines de semana y en aquellas localidades en las que se est\u00e1n celebrando vendimias y festivales\u201d, precis\u00f3 la funcionaria.<\/p>\n\n\n\n<p>Testa coment\u00f3 que gracias a la amplia oferta con la que cuenta Mendoza \u201cse puede disminuir la estacionalidad y recibimos un flujo de turistas m\u00e1s estable durante todo el a\u00f1o\u201d.<\/p>\n\n\n\n<p>\u201cPor la multiplicidad de productos tur\u00edsticos que posee Mendoza, tenemos una demanda sostenida durante todo el a\u00f1o, lo que, desde el punto de vista econ\u00f3mico, es mucho m\u00e1s favorable que cuando se producen altos picos de consumo, que son dif\u00edciles de satisfacer\u201d.<\/p>\n\n\n\n<p>Adem\u00e1s de las variadas propuestas que ofrece Mendoza, se viene realizando un fuerte trabajo de publicidad y promoci\u00f3n, en diversos mercados nacionales e internacionales, con el objetivo de atraer a m\u00e1s turistas. \u201cTal es as\u00ed, que recientemente equipos del Emetur realizaron activaciones en el Festival de Jes\u00fas Mar\u00eda, en la Costa Atl\u00e1ntica y en Espa\u00f1a, en dos de los eventos m\u00e1s importantes del mundo, relacionados al sector\u201d, explic\u00f3 la presidenta del Ente.<\/p>\n\n\n\n<p><strong>\u00bfQui\u00e9nes visitan Mendoza?<\/strong><\/p>\n\n\n\n<p>Seg\u00fan los datos analizados por el Observatorio del Emetur, el flujo tur\u00edstico durante el primer mes del a\u00f1o estuvo compuesto mayoritariamente por visitantes nacionales, que viajan acompa\u00f1ados. El 80% de los turistas son argentinos. El 42,7% de estos proviene de Buenos Aires, seguido por la regi\u00f3n Centro (C\u00f3rdoba) con un 19,5%.<\/p>\n\n\n\n<p>En cuanto al Turismo Internacional, los visitantes representan el 20%. De este total, los visitantes chilenos representan el 7,5%, mientras que el resto del mundo suma un 12,5%, entre los que destacan los brasile\u00f1os.<\/p>\n\n\n\n<p>En relaci\u00f3n a la preferencia de los visitantes, al momento de alojarse, en esta temporada, se prefieren los aparts hoteles, las caba\u00f1as o bungalows y se suman los campings, que representan un segmento reducido del 1,84%.<\/p>\n\n\n\n<p>En cuanto a la organizaci\u00f3n del viaje, se observa un comportamiento de reserva de corto plazo. Seg\u00fan los datos obtenidos, el 40,33% de los turistas planifica su visita en un per\u00edodo de entre una semana y un mes.<\/p>\n\n\n\n<p>Es importante destacar que el 24,29% organiza su viaje con menos de una semana de anticipaci\u00f3n. Este fen\u00f3meno de \u00ab\u00faltimo momento\u00bb se refleja tambi\u00e9n en la fluctuaci\u00f3n de la demanda, la cual se intensifica notablemente hacia los fines de semana y en localidades con eventos espec\u00edficos como festivales y vendimias.<\/p>\n\n\n\n<p><strong>Festivales y Vendimias: motores de atracci\u00f3n<\/strong><\/p>\n\n\n\n<p>Uno de los factores clave del movimiento tur\u00edstico fue la intensa agenda cultural y festiva de la provincia. Los festivales y Vendimias departamentales convocaron a miles de mendocinos y visitantes de todo el pa\u00eds y del extranjero.&nbsp;<\/p>\n\n\n\n<p>Entre los principales eventos se destacan el Festival del Chivo, en Malarg\u00fce; el Festival del Mel\u00f3n y la Sand\u00eda, en Lavalle; el Encuentro de las Naciones, en Jun\u00edn; Vino Blues y Jazz en el Lago, en Ciudad, entre otros, que se consolidan como verdaderos motores de atracci\u00f3n tur\u00edstica y dinamizadores de las econom\u00edas locales.<\/p>\n\n\n\n<p>A partir del an\u00e1lisis que hace el Observatorio, se desprende que la mayor\u00eda de los visitantes gestion\u00f3 su experiencia de forma independiente, teniendo en cuenta que el 94,4% organiz\u00f3 el viaje por cuenta propia y s\u00f3lo el 4,3% contrat\u00f3 paquetes tur\u00edsticos. En cuanto a la anticipaci\u00f3n, el 38,1% planifica entre una semana y un mes antes; el 28,2% con menos de una semana.<\/p>\n\n\n\n<p><strong>Mendoza, entre los destinos m\u00e1s elegidos del pa\u00eds<\/strong><\/p>\n\n\n\n<p>Mendoza se consolid\u00f3 durante este verano como uno de los destinos tur\u00edsticos m\u00e1s elegidos de la Argentina, y adem\u00e1s fue posicionada como el destino m\u00e1s econ\u00f3mico del pa\u00eds para el verano 2026, seg\u00fan estudios de la consultora Focus Market.<\/p>\n\n\n\n<p>La provincia se destac\u00f3 por ofrecer precios m\u00e1s bajos que destinos tradicionales como Bariloche o Mar del Plata, con una excelente relaci\u00f3n precio-calidad, opciones accesibles de alojamiento, gastronom\u00eda variada y m\u00faltiples actividades gratuitas o de bajo costo.<\/p>\n\n\n\n<p>A este posicionamiento se suma un nuevo reconocimiento internacional: Mendoza fue incluida entre los mejores destinos del mundo para viajar en 2026, seg\u00fan el ranking elaborado por la prestigiosa revista Time Out, una de las publicaciones m\u00e1s influyentes a nivel global en turismo, cultura y estilos de vida.<\/p>\n\n\n\n<p><strong>Promociones que impulsaron el consumo<\/strong><\/p>\n\n\n\n<p>Durante el mes de enero, las promociones Manso Men\u00fa, Mansa Bodega y Manso Alojamiento jugaron un rol clave en la dinamizaci\u00f3n del consumo, traccionando tanto a mendocinos como a turistas, gracias a propuestas de alta calidad a precios accesibles, fortaleciendo la competitividad del destino.<\/p>\n<p>\u00a0<\/p>\n\n\n\n<figure class=\"wp-block-gallery has-nested-images columns-default is-cropped wp-block-gallery-1 is-layout-flex wp-block-gallery-is-layout-flex\">\n<figure class=\"wp-block-image size-large\"><img loading=\"lazy\" decoding=\"async\" width=\"1024\" height=\"684\" data-id=\"20237\" src=\"https:\/\/nubesmgzdigital.com.ar\/wp-content\/uploads\/2026\/01\/1000935482-1-scaled-1-1024x684.jpg\" alt=\"\" class=\"wp-image-20237\" srcset=\"https:\/\/nubesmgzdigital.com.ar\/wp-content\/uploads\/2026\/01\/1000935482-1-scaled-1-1024x684.jpg 1024w, https:\/\/nubesmgzdigital.com.ar\/wp-content\/uploads\/2026\/01\/1000935482-1-scaled-1-300x200.jpg 300w, https:\/\/nubesmgzdigital.com.ar\/wp-content\/uploads\/2026\/01\/1000935482-1-scaled-1-768x513.jpg 768w, https:\/\/nubesmgzdigital.com.ar\/wp-content\/uploads\/2026\/01\/1000935482-1-scaled-1-1536x1025.jpg 1536w, https:\/\/nubesmgzdigital.com.ar\/wp-content\/uploads\/2026\/01\/1000935482-1-scaled-1-2048x1367.jpg 2048w, https:\/\/nubesmgzdigital.com.ar\/wp-content\/uploads\/2026\/01\/1000935482-1-scaled-1-696x465.jpg 696w, https:\/\/nubesmgzdigital.com.ar\/wp-content\/uploads\/2026\/01\/1000935482-1-scaled-1-1068x713.jpg 1068w, https:\/\/nubesmgzdigital.com.ar\/wp-content\/uploads\/2026\/01\/1000935482-1-scaled-1-629x420.jpg 629w\" sizes=\"auto, (max-width: 1024px) 100vw, 1024px\" \/><\/figure>\n\n\n\n<figure class=\"wp-block-image size-full\"><img loading=\"lazy\" decoding=\"async\" width=\"980\" height=\"654\" data-id=\"20239\" src=\"https:\/\/nubesmgzdigital.com.ar\/wp-content\/uploads\/2026\/01\/1000935475-1-980x654-2.jpg\" alt=\"\" class=\"wp-image-20239\" srcset=\"https:\/\/nubesmgzdigital.com.ar\/wp-content\/uploads\/2026\/01\/1000935475-1-980x654-2.jpg 980w, https:\/\/nubesmgzdigital.com.ar\/wp-content\/uploads\/2026\/01\/1000935475-1-980x654-2-300x200.jpg 300w, https:\/\/nubesmgzdigital.com.ar\/wp-content\/uploads\/2026\/01\/1000935475-1-980x654-2-768x513.jpg 768w, https:\/\/nubesmgzdigital.com.ar\/wp-content\/uploads\/2026\/01\/1000935475-1-980x654-2-696x464.jpg 696w, https:\/\/nubesmgzdigital.com.ar\/wp-content\/uploads\/2026\/01\/1000935475-1-980x654-2-629x420.jpg 629w\" sizes=\"auto, (max-width: 980px) 100vw, 980px\" \/><\/figure>\n\n\n\n<figure class=\"wp-block-image size-large\"><img loading=\"lazy\" decoding=\"async\" width=\"980\" height=\"653\" data-id=\"20236\" src=\"https:\/\/nubesmgzdigital.com.ar\/wp-content\/uploads\/2026\/01\/1000935478-1-980x653-1.jpg\" alt=\"\" class=\"wp-image-20236\" srcset=\"https:\/\/nubesmgzdigital.com.ar\/wp-content\/uploads\/2026\/01\/1000935478-1-980x653-1.jpg 980w, https:\/\/nubesmgzdigital.com.ar\/wp-content\/uploads\/2026\/01\/1000935478-1-980x653-1-300x200.jpg 300w, https:\/\/nubesmgzdigital.com.ar\/wp-content\/uploads\/2026\/01\/1000935478-1-980x653-1-768x512.jpg 768w, https:\/\/nubesmgzdigital.com.ar\/wp-content\/uploads\/2026\/01\/1000935478-1-980x653-1-696x464.jpg 696w, https:\/\/nubesmgzdigital.com.ar\/wp-content\/uploads\/2026\/01\/1000935478-1-980x653-1-630x420.jpg 630w\" sizes=\"auto, (max-width: 980px) 100vw, 980px\" \/><\/figure>\n\n\n\n<figure class=\"wp-block-image size-large\"><img loading=\"lazy\" decoding=\"async\" width=\"980\" height=\"551\" data-id=\"20233\" src=\"https:\/\/nubesmgzdigital.com.ar\/wp-content\/uploads\/2026\/01\/1000935472-1-980x551-1.jpg\" alt=\"\" class=\"wp-image-20233\" srcset=\"https:\/\/nubesmgzdigital.com.ar\/wp-content\/uploads\/2026\/01\/1000935472-1-980x551-1.jpg 980w, https:\/\/nubesmgzdigital.com.ar\/wp-content\/uploads\/2026\/01\/1000935472-1-980x551-1-300x169.jpg 300w, https:\/\/nubesmgzdigital.com.ar\/wp-content\/uploads\/2026\/01\/1000935472-1-980x551-1-768x432.jpg 768w, https:\/\/nubesmgzdigital.com.ar\/wp-content\/uploads\/2026\/01\/1000935472-1-980x551-1-696x391.jpg 696w, https:\/\/nubesmgzdigital.com.ar\/wp-content\/uploads\/2026\/01\/1000935472-1-980x551-1-747x420.jpg 747w\" sizes=\"auto, (max-width: 980px) 100vw, 980px\" \/><\/figure>\n\n\n\n<figure class=\"wp-block-image size-large\"><img loading=\"lazy\" decoding=\"async\" width=\"980\" height=\"569\" data-id=\"20235\" src=\"https:\/\/nubesmgzdigital.com.ar\/wp-content\/uploads\/2026\/01\/1000935474-1-980x569-1.jpg\" alt=\"\" class=\"wp-image-20235\" srcset=\"https:\/\/nubesmgzdigital.com.ar\/wp-content\/uploads\/2026\/01\/1000935474-1-980x569-1.jpg 980w, https:\/\/nubesmgzdigital.com.ar\/wp-content\/uploads\/2026\/01\/1000935474-1-980x569-1-300x174.jpg 300w, https:\/\/nubesmgzdigital.com.ar\/wp-content\/uploads\/2026\/01\/1000935474-1-980x569-1-768x446.jpg 768w, https:\/\/nubesmgzdigital.com.ar\/wp-content\/uploads\/2026\/01\/1000935474-1-980x569-1-696x404.jpg 696w, https:\/\/nubesmgzdigital.com.ar\/wp-content\/uploads\/2026\/01\/1000935474-1-980x569-1-723x420.jpg 723w\" sizes=\"auto, (max-width: 980px) 100vw, 980px\" \/><\/figure>\n<\/figure>\n\n\n\n<figure class=\"wp-block-image size-full\"><a href=\"https:\/\/prensa.mendoza.gob.ar\/en-enero-el-turismo-le-aporto-a-mendoza-mas-de-137-000-millones-2\/\" target=\"_blank\" rel=\" noreferrer noopener\"><img loading=\"lazy\" decoding=\"async\" width=\"325\" height=\"99\" src=\"https:\/\/nubesmgzdigital.com.ar\/wp-content\/uploads\/2026\/01\/Captura-de-pantalla_30-1-2026_8473_prensa.mendoza.gob_.ar_.jpeg\" alt=\"\" class=\"wp-image-20240\" srcset=\"https:\/\/nubesmgzdigital.com.ar\/wp-content\/uploads\/2026\/01\/Captura-de-pantalla_30-1-2026_8473_prensa.mendoza.gob_.ar_.jpeg 325w, https:\/\/nubesmgzdigital.com.ar\/wp-content\/uploads\/2026\/01\/Captura-de-pantalla_30-1-2026_8473_prensa.mendoza.gob_.ar_-300x91.jpeg 300w\" sizes=\"auto, (max-width: 325px) 100vw, 325px\" \/><\/a><\/figure>\n","protected":false},"excerpt":{"rendered":"<p>La Provincia hizo un balance positivo del primer mes del a\u00f1o en materia tur\u00edstica. Durante enero, la ocupaci\u00f3n promedio alcanz\u00f3 el 60%, un n\u00famero que se ubica dentro de la media hist\u00f3rica y que resulta especialmente favorable si se tiene en cuenta que Mendoza no es un destino de sol y playa, sino una provincia [&hellip;]<\/p>\n","protected":false},"author":1,"featured_media":20233,"comment_status":"open","ping_status":"open","sticky":false,"template":"","format":"standard","meta":{"footnotes":""},"categories":[114,134],"tags":[],"class_list":["post-20232","post","type-post","status-publish","format-standard","has-post-thumbnail","hentry","category-turismo-destinos","category-cuyo"],"post_mailing_queue_ids":[],"_links":{"self":[{"href":"https:\/\/nubesmgzdigital.com.ar\/index.php\/wp-json\/wp\/v2\/posts\/20232","targetHints":{"allow":["GET"]}}],"collection":[{"href":"https:\/\/nubesmgzdigital.com.ar\/index.php\/wp-json\/wp\/v2\/posts"}],"about":[{"href":"https:\/\/nubesmgzdigital.com.ar\/index.php\/wp-json\/wp\/v2\/types\/post"}],"author":[{"embeddable":true,"href":"https:\/\/nubesmgzdigital.com.ar\/index.php\/wp-json\/wp\/v2\/users\/1"}],"replies":[{"embeddable":true,"href":"https:\/\/nubesmgzdigital.com.ar\/index.php\/wp-json\/wp\/v2\/comments?post=20232"}],"version-history":[{"count":1,"href":"https:\/\/nubesmgzdigital.com.ar\/index.php\/wp-json\/wp\/v2\/posts\/20232\/revisions"}],"predecessor-version":[{"id":20241,"href":"https:\/\/nubesmgzdigital.com.ar\/index.php\/wp-json\/wp\/v2\/posts\/20232\/revisions\/20241"}],"wp:featuredmedia":[{"embeddable":true,"href":"https:\/\/nubesmgzdigital.com.ar\/index.php\/wp-json\/wp\/v2\/media\/20233"}],"wp:attachment":[{"href":"https:\/\/nubesmgzdigital.com.ar\/index.php\/wp-json\/wp\/v2\/media?parent=20232"}],"wp:term":[{"taxonomy":"category","embeddable":true,"href":"https:\/\/nubesmgzdigital.com.ar\/index.php\/wp-json\/wp\/v2\/categories?post=20232"},{"taxonomy":"post_tag","embeddable":true,"href":"https:\/\/nubesmgzdigital.com.ar\/index.php\/wp-json\/wp\/v2\/tags?post=20232"}],"curies":[{"name":"wp","href":"https:\/\/api.w.org\/{rel}","templated":true}]}}