{"id":20242,"date":"2026-01-30T09:06:45","date_gmt":"2026-01-30T12:06:45","guid":{"rendered":"https:\/\/nubesmgzdigital.com.ar\/?p=20242"},"modified":"2026-01-30T09:11:00","modified_gmt":"2026-01-30T12:11:00","slug":"con-amplia-convocatoria-cerro-la-fiesta-de-la-nautica-y-del-turismo-en-la-provincia-de-santa-ceuz","status":"publish","type":"post","link":"https:\/\/nubesmgzdigital.com.ar\/index.php\/2026\/01\/30\/con-amplia-convocatoria-cerro-la-fiesta-de-la-nautica-y-del-turismo-en-la-provincia-de-santa-ceuz\/","title":{"rendered":"Con amplia convocatoria cerr\u00f3 la Fiesta de la N\u00e1utica y del Turismo en la provincia de Santa Cruz"},"content":{"rendered":"\n<p><strong><em>La Secretar\u00eda de Estado de Turismo, dependiente del Ministerio de la Producci\u00f3n, Comercio e Industria, contin\u00faa participando de la Fiesta de la N\u00e1utica y del Turismo, en la ciudad de Caleta Olivia. La jornada se destac\u00f3 con una amplia participaci\u00f3n de vecinos y visitantes, y una promoci\u00f3n de la actividad n\u00e1utica y el turismo como ejes de integraci\u00f3n y desarrollo en la regi\u00f3n.<\/em><\/strong><\/p>\n\n\n\n<p>Durante la jornada, el p\u00fablico recorri\u00f3 los distintos espacios de la propuesta, accedi\u00f3 a stands informativos y particip\u00f3 de actividades recreativas pensadas para toda la familia, en un marco que fortaleci\u00f3 el v\u00ednculo entre instituciones, emprendedores y la comunidad.<\/p>\n\n\n\n<p>En este contexto, la Direcci\u00f3n de Promoci\u00f3n y Comunicaci\u00f3n Tur\u00edstica, acompa\u00f1ado por la subsecretar\u00eda de Turismo de Caleta Olivia, particip\u00f3 activamente con un stand institucional, donde el equipo t\u00e9cnico present\u00f3 los principales destinos de la provincia y brind\u00f3 informaci\u00f3n tur\u00edstica a quienes se acercar\u00e1n, fortaleciendo la visibilizaci\u00f3n de la oferta santacruce\u00f1a.<\/p>\n\n\n\n<p>La Fiesta cont\u00f3 con el acompa\u00f1amiento de los municipios de Puerto Deseado y Las Heras, la Comisi\u00f3n de Fomento de Jaramillo y Fitz Roy, y el Parque Natural Provincial Monte Loayza, reflejando el trabajo conjunto entre localidades para poner en valor los atractivos naturales y culturales del territorio.<\/p>\n\n\n\n<figure class=\"wp-block-gallery has-nested-images columns-default is-cropped wp-block-gallery-1 is-layout-flex wp-block-gallery-is-layout-flex\">\n<figure class=\"wp-block-image size-large\"><img loading=\"lazy\" decoding=\"async\" width=\"768\" height=\"1024\" data-id=\"20244\" src=\"https:\/\/nubesmgzdigital.com.ar\/wp-content\/uploads\/2026\/01\/WhatsApp_Image_2026-01-18_at_22.07.03_2-768x1024.jpeg\" alt=\"\" class=\"wp-image-20244\" srcset=\"https:\/\/nubesmgzdigital.com.ar\/wp-content\/uploads\/2026\/01\/WhatsApp_Image_2026-01-18_at_22.07.03_2-768x1024.jpeg 768w, https:\/\/nubesmgzdigital.com.ar\/wp-content\/uploads\/2026\/01\/WhatsApp_Image_2026-01-18_at_22.07.03_2-225x300.jpeg 225w, https:\/\/nubesmgzdigital.com.ar\/wp-content\/uploads\/2026\/01\/WhatsApp_Image_2026-01-18_at_22.07.03_2-1152x1536.jpeg 1152w, https:\/\/nubesmgzdigital.com.ar\/wp-content\/uploads\/2026\/01\/WhatsApp_Image_2026-01-18_at_22.07.03_2-696x928.jpeg 696w, https:\/\/nubesmgzdigital.com.ar\/wp-content\/uploads\/2026\/01\/WhatsApp_Image_2026-01-18_at_22.07.03_2-1068x1424.jpeg 1068w, https:\/\/nubesmgzdigital.com.ar\/wp-content\/uploads\/2026\/01\/WhatsApp_Image_2026-01-18_at_22.07.03_2-315x420.jpeg 315w, https:\/\/nubesmgzdigital.com.ar\/wp-content\/uploads\/2026\/01\/WhatsApp_Image_2026-01-18_at_22.07.03_2.jpeg 1200w\" sizes=\"auto, (max-width: 768px) 100vw, 768px\" \/><\/figure>\n\n\n\n<figure class=\"wp-block-image size-large\"><img loading=\"lazy\" decoding=\"async\" width=\"768\" height=\"1024\" data-id=\"20248\" src=\"https:\/\/nubesmgzdigital.com.ar\/wp-content\/uploads\/2026\/01\/WhatsApp_Image_2026-01-18_at_22.07.03_1-768x1024.jpeg\" alt=\"\" class=\"wp-image-20248\" srcset=\"https:\/\/nubesmgzdigital.com.ar\/wp-content\/uploads\/2026\/01\/WhatsApp_Image_2026-01-18_at_22.07.03_1-768x1024.jpeg 768w, https:\/\/nubesmgzdigital.com.ar\/wp-content\/uploads\/2026\/01\/WhatsApp_Image_2026-01-18_at_22.07.03_1-225x300.jpeg 225w, https:\/\/nubesmgzdigital.com.ar\/wp-content\/uploads\/2026\/01\/WhatsApp_Image_2026-01-18_at_22.07.03_1-1152x1536.jpeg 1152w, https:\/\/nubesmgzdigital.com.ar\/wp-content\/uploads\/2026\/01\/WhatsApp_Image_2026-01-18_at_22.07.03_1-696x928.jpeg 696w, https:\/\/nubesmgzdigital.com.ar\/wp-content\/uploads\/2026\/01\/WhatsApp_Image_2026-01-18_at_22.07.03_1-1068x1424.jpeg 1068w, https:\/\/nubesmgzdigital.com.ar\/wp-content\/uploads\/2026\/01\/WhatsApp_Image_2026-01-18_at_22.07.03_1-315x420.jpeg 315w, https:\/\/nubesmgzdigital.com.ar\/wp-content\/uploads\/2026\/01\/WhatsApp_Image_2026-01-18_at_22.07.03_1.jpeg 1200w\" sizes=\"auto, (max-width: 768px) 100vw, 768px\" \/><\/figure>\n\n\n\n<figure class=\"wp-block-image size-large\"><img loading=\"lazy\" decoding=\"async\" width=\"768\" height=\"1024\" data-id=\"20245\" src=\"https:\/\/nubesmgzdigital.com.ar\/wp-content\/uploads\/2026\/01\/WhatsApp_Image_2026-01-18_at_22.07.02_1-768x1024.jpeg\" alt=\"\" class=\"wp-image-20245\" srcset=\"https:\/\/nubesmgzdigital.com.ar\/wp-content\/uploads\/2026\/01\/WhatsApp_Image_2026-01-18_at_22.07.02_1-768x1024.jpeg 768w, https:\/\/nubesmgzdigital.com.ar\/wp-content\/uploads\/2026\/01\/WhatsApp_Image_2026-01-18_at_22.07.02_1-225x300.jpeg 225w, https:\/\/nubesmgzdigital.com.ar\/wp-content\/uploads\/2026\/01\/WhatsApp_Image_2026-01-18_at_22.07.02_1-696x928.jpeg 696w, https:\/\/nubesmgzdigital.com.ar\/wp-content\/uploads\/2026\/01\/WhatsApp_Image_2026-01-18_at_22.07.02_1-315x420.jpeg 315w, https:\/\/nubesmgzdigital.com.ar\/wp-content\/uploads\/2026\/01\/WhatsApp_Image_2026-01-18_at_22.07.02_1.jpeg 960w\" sizes=\"auto, (max-width: 768px) 100vw, 768px\" \/><\/figure>\n\n\n\n<figure class=\"wp-block-image size-large\"><img loading=\"lazy\" decoding=\"async\" width=\"768\" height=\"1024\" data-id=\"20243\" src=\"https:\/\/nubesmgzdigital.com.ar\/wp-content\/uploads\/2026\/01\/WhatsApp_Image_2026-01-18_at_22.07.02-768x1024.jpeg\" alt=\"\" class=\"wp-image-20243\" srcset=\"https:\/\/nubesmgzdigital.com.ar\/wp-content\/uploads\/2026\/01\/WhatsApp_Image_2026-01-18_at_22.07.02-768x1024.jpeg 768w, https:\/\/nubesmgzdigital.com.ar\/wp-content\/uploads\/2026\/01\/WhatsApp_Image_2026-01-18_at_22.07.02-225x300.jpeg 225w, https:\/\/nubesmgzdigital.com.ar\/wp-content\/uploads\/2026\/01\/WhatsApp_Image_2026-01-18_at_22.07.02-696x928.jpeg 696w, https:\/\/nubesmgzdigital.com.ar\/wp-content\/uploads\/2026\/01\/WhatsApp_Image_2026-01-18_at_22.07.02-315x420.jpeg 315w, https:\/\/nubesmgzdigital.com.ar\/wp-content\/uploads\/2026\/01\/WhatsApp_Image_2026-01-18_at_22.07.02.jpeg 960w\" sizes=\"auto, (max-width: 768px) 100vw, 768px\" \/><\/figure>\n\n\n\n<figure class=\"wp-block-image size-large\"><img loading=\"lazy\" decoding=\"async\" width=\"768\" height=\"1024\" data-id=\"20247\" src=\"https:\/\/nubesmgzdigital.com.ar\/wp-content\/uploads\/2026\/01\/WhatsApp_Image_2026-01-18_at_22.07.01_2-768x1024.jpeg\" alt=\"\" class=\"wp-image-20247\" srcset=\"https:\/\/nubesmgzdigital.com.ar\/wp-content\/uploads\/2026\/01\/WhatsApp_Image_2026-01-18_at_22.07.01_2-768x1024.jpeg 768w, https:\/\/nubesmgzdigital.com.ar\/wp-content\/uploads\/2026\/01\/WhatsApp_Image_2026-01-18_at_22.07.01_2-225x300.jpeg 225w, https:\/\/nubesmgzdigital.com.ar\/wp-content\/uploads\/2026\/01\/WhatsApp_Image_2026-01-18_at_22.07.01_2-696x928.jpeg 696w, https:\/\/nubesmgzdigital.com.ar\/wp-content\/uploads\/2026\/01\/WhatsApp_Image_2026-01-18_at_22.07.01_2-315x420.jpeg 315w, https:\/\/nubesmgzdigital.com.ar\/wp-content\/uploads\/2026\/01\/WhatsApp_Image_2026-01-18_at_22.07.01_2.jpeg 960w\" sizes=\"auto, (max-width: 768px) 100vw, 768px\" \/><\/figure>\n\n\n\n<figure class=\"wp-block-image size-large\"><img loading=\"lazy\" decoding=\"async\" width=\"768\" height=\"1024\" data-id=\"20246\" src=\"https:\/\/nubesmgzdigital.com.ar\/wp-content\/uploads\/2026\/01\/WhatsApp_Image_2026-01-18_at_22.07.01-768x1024.jpeg\" alt=\"\" class=\"wp-image-20246\" srcset=\"https:\/\/nubesmgzdigital.com.ar\/wp-content\/uploads\/2026\/01\/WhatsApp_Image_2026-01-18_at_22.07.01-768x1024.jpeg 768w, https:\/\/nubesmgzdigital.com.ar\/wp-content\/uploads\/2026\/01\/WhatsApp_Image_2026-01-18_at_22.07.01-225x300.jpeg 225w, https:\/\/nubesmgzdigital.com.ar\/wp-content\/uploads\/2026\/01\/WhatsApp_Image_2026-01-18_at_22.07.01-696x928.jpeg 696w, https:\/\/nubesmgzdigital.com.ar\/wp-content\/uploads\/2026\/01\/WhatsApp_Image_2026-01-18_at_22.07.01-315x420.jpeg 315w, https:\/\/nubesmgzdigital.com.ar\/wp-content\/uploads\/2026\/01\/WhatsApp_Image_2026-01-18_at_22.07.01.jpeg 960w\" sizes=\"auto, (max-width: 768px) 100vw, 768px\" \/><\/figure>\n<\/figure>\n\n\n\n<figure class=\"wp-block-image size-full is-resized\"><a href=\"https:\/\/noticias.santacruz.gob.ar\/gestion\/produccion\/secretaria-de-turismo\/item\/36558-con-amplia-convocatoria-cerro-el-segundo-dia-de-la-fiesta-de-la-nautica-y-del-turismo\" target=\"_blank\" rel=\" noreferrer noopener\"><img loading=\"lazy\" decoding=\"async\" width=\"399\" height=\"146\" src=\"https:\/\/nubesmgzdigital.com.ar\/wp-content\/uploads\/2025\/09\/Captura-de-pantalla_8-9-2025_111634_noticias.santacruz.gob_.ar_.jpeg\" alt=\"\" class=\"wp-image-19721\" style=\"aspect-ratio:2.7330621855934925;width:257px;height:auto\" srcset=\"https:\/\/nubesmgzdigital.com.ar\/wp-content\/uploads\/2025\/09\/Captura-de-pantalla_8-9-2025_111634_noticias.santacruz.gob_.ar_.jpeg 399w, https:\/\/nubesmgzdigital.com.ar\/wp-content\/uploads\/2025\/09\/Captura-de-pantalla_8-9-2025_111634_noticias.santacruz.gob_.ar_-300x110.jpeg 300w\" sizes=\"auto, (max-width: 399px) 100vw, 399px\" \/><\/a><\/figure>\n","protected":false},"excerpt":{"rendered":"<p>La Secretar\u00eda de Estado de Turismo, dependiente del Ministerio de la Producci\u00f3n, Comercio e Industria, contin\u00faa participando de la Fiesta de la N\u00e1utica y del Turismo, en la ciudad de Caleta Olivia. La jornada se destac\u00f3 con una amplia participaci\u00f3n de vecinos y visitantes, y una promoci\u00f3n de la actividad n\u00e1utica y el turismo como [&hellip;]<\/p>\n","protected":false},"author":1,"featured_media":20249,"comment_status":"open","ping_status":"open","sticky":false,"template":"","format":"standard","meta":{"footnotes":""},"categories":[136],"tags":[],"class_list":["post-20242","post","type-post","status-publish","format-standard","has-post-thumbnail","hentry","category-patagonia"],"post_mailing_queue_ids":[],"_links":{"self":[{"href":"https:\/\/nubesmgzdigital.com.ar\/index.php\/wp-json\/wp\/v2\/posts\/20242","targetHints":{"allow":["GET"]}}],"collection":[{"href":"https:\/\/nubesmgzdigital.com.ar\/index.php\/wp-json\/wp\/v2\/posts"}],"about":[{"href":"https:\/\/nubesmgzdigital.com.ar\/index.php\/wp-json\/wp\/v2\/types\/post"}],"author":[{"embeddable":true,"href":"https:\/\/nubesmgzdigital.com.ar\/index.php\/wp-json\/wp\/v2\/users\/1"}],"replies":[{"embeddable":true,"href":"https:\/\/nubesmgzdigital.com.ar\/index.php\/wp-json\/wp\/v2\/comments?post=20242"}],"version-history":[{"count":2,"href":"https:\/\/nubesmgzdigital.com.ar\/index.php\/wp-json\/wp\/v2\/posts\/20242\/revisions"}],"predecessor-version":[{"id":20251,"href":"https:\/\/nubesmgzdigital.com.ar\/index.php\/wp-json\/wp\/v2\/posts\/20242\/revisions\/20251"}],"wp:featuredmedia":[{"embeddable":true,"href":"https:\/\/nubesmgzdigital.com.ar\/index.php\/wp-json\/wp\/v2\/media\/20249"}],"wp:attachment":[{"href":"https:\/\/nubesmgzdigital.com.ar\/index.php\/wp-json\/wp\/v2\/media?parent=20242"}],"wp:term":[{"taxonomy":"category","embeddable":true,"href":"https:\/\/nubesmgzdigital.com.ar\/index.php\/wp-json\/wp\/v2\/categories?post=20242"},{"taxonomy":"post_tag","embeddable":true,"href":"https:\/\/nubesmgzdigital.com.ar\/index.php\/wp-json\/wp\/v2\/tags?post=20242"}],"curies":[{"name":"wp","href":"https:\/\/api.w.org\/{rel}","templated":true}]}}