{"id":20351,"date":"2026-03-13T11:11:48","date_gmt":"2026-03-13T14:11:48","guid":{"rendered":"https:\/\/nubesmgzdigital.com.ar\/?p=20351"},"modified":"2026-03-13T11:11:48","modified_gmt":"2026-03-13T14:11:48","slug":"innovacion-y-estrategia-el-travel-innovation-forum-volvio-a-marcar-la-agenda-del-turismo","status":"publish","type":"post","link":"https:\/\/nubesmgzdigital.com.ar\/index.php\/2026\/03\/13\/innovacion-y-estrategia-el-travel-innovation-forum-volvio-a-marcar-la-agenda-del-turismo\/","title":{"rendered":"Innovaci\u00f3n y estrategia: el Travel Innovation Forum volvi\u00f3 a marcar la agenda del turismo"},"content":{"rendered":"\n<p><em><strong>Organizado por la mayorista VIETUR, el evento reuni\u00f3 a referentes de la industria para analizar tendencias, herramientas e innovaci\u00f3n aplicadas al negocio. La tercera edici\u00f3n volvi\u00f3 a consolidarse como un espacio clave de capacitaci\u00f3n y networking para el sector.<\/strong><\/em><\/p>\n\n\n\n<p>Con m\u00e1s de 41 a\u00f1os de trayectoria en el mercado, la operadora mayorista de viajes y turismo VIETUR volvi\u00f3 a poner en agenda los grandes desaf\u00edos del sector mediante la tercera edici\u00f3n del Travel Innovation Forum (TIF), el encuentro anual de capacitaci\u00f3n y networking que se consolid\u00f3 como un espacio estrat\u00e9gico para los profesionales del turismo.<\/p>\n\n\n\n<figure class=\"wp-block-gallery has-nested-images columns-default is-cropped wp-block-gallery-1 is-layout-flex wp-block-gallery-is-layout-flex\">\n<figure class=\"wp-block-image size-large\"><img loading=\"lazy\" decoding=\"async\" width=\"1024\" height=\"683\" data-id=\"20353\" src=\"https:\/\/nubesmgzdigital.com.ar\/wp-content\/uploads\/2026\/03\/Directivos-de-Vietur-en-el-evento-1024x683.jpeg\" alt=\"\" class=\"wp-image-20353\" srcset=\"https:\/\/nubesmgzdigital.com.ar\/wp-content\/uploads\/2026\/03\/Directivos-de-Vietur-en-el-evento-1024x683.jpeg 1024w, https:\/\/nubesmgzdigital.com.ar\/wp-content\/uploads\/2026\/03\/Directivos-de-Vietur-en-el-evento-300x200.jpeg 300w, https:\/\/nubesmgzdigital.com.ar\/wp-content\/uploads\/2026\/03\/Directivos-de-Vietur-en-el-evento-768x512.jpeg 768w, https:\/\/nubesmgzdigital.com.ar\/wp-content\/uploads\/2026\/03\/Directivos-de-Vietur-en-el-evento-1536x1024.jpeg 1536w, https:\/\/nubesmgzdigital.com.ar\/wp-content\/uploads\/2026\/03\/Directivos-de-Vietur-en-el-evento-2048x1365.jpeg 2048w, https:\/\/nubesmgzdigital.com.ar\/wp-content\/uploads\/2026\/03\/Directivos-de-Vietur-en-el-evento-696x464.jpeg 696w, https:\/\/nubesmgzdigital.com.ar\/wp-content\/uploads\/2026\/03\/Directivos-de-Vietur-en-el-evento-1068x712.jpeg 1068w, https:\/\/nubesmgzdigital.com.ar\/wp-content\/uploads\/2026\/03\/Directivos-de-Vietur-en-el-evento-630x420.jpeg 630w\" sizes=\"auto, (max-width: 1024px) 100vw, 1024px\" \/><\/figure>\n\n\n\n<figure class=\"wp-block-image size-large\"><img loading=\"lazy\" decoding=\"async\" width=\"1024\" height=\"683\" data-id=\"20352\" src=\"https:\/\/nubesmgzdigital.com.ar\/wp-content\/uploads\/2026\/03\/Travel-Innovation-Forum-1024x683.jpeg\" alt=\"\" class=\"wp-image-20352\" srcset=\"https:\/\/nubesmgzdigital.com.ar\/wp-content\/uploads\/2026\/03\/Travel-Innovation-Forum-1024x683.jpeg 1024w, https:\/\/nubesmgzdigital.com.ar\/wp-content\/uploads\/2026\/03\/Travel-Innovation-Forum-300x200.jpeg 300w, https:\/\/nubesmgzdigital.com.ar\/wp-content\/uploads\/2026\/03\/Travel-Innovation-Forum-768x512.jpeg 768w, https:\/\/nubesmgzdigital.com.ar\/wp-content\/uploads\/2026\/03\/Travel-Innovation-Forum-1536x1024.jpeg 1536w, https:\/\/nubesmgzdigital.com.ar\/wp-content\/uploads\/2026\/03\/Travel-Innovation-Forum-2048x1365.jpeg 2048w, https:\/\/nubesmgzdigital.com.ar\/wp-content\/uploads\/2026\/03\/Travel-Innovation-Forum-696x464.jpeg 696w, https:\/\/nubesmgzdigital.com.ar\/wp-content\/uploads\/2026\/03\/Travel-Innovation-Forum-1068x712.jpeg 1068w, https:\/\/nubesmgzdigital.com.ar\/wp-content\/uploads\/2026\/03\/Travel-Innovation-Forum-630x420.jpeg 630w\" sizes=\"auto, (max-width: 1024px) 100vw, 1024px\" \/><\/figure>\n<\/figure>\n\n\n\n<p>La edici\u00f3n 2026 se realiz\u00f3 el 11 de marzo, desde las 8:30 horas, en el Hotel Scala de la Ciudad de Buenos Aires, bajo el eje de \u201cInspiraci\u00f3n, conocimiento y herramientas para construir el turismo del futuro\u201d.<\/p>\n\n\n\n<p>La propuesta combin\u00f3 an\u00e1lisis econ\u00f3mico, inteligencia artificial, tendencias globales, innovaci\u00f3n tecnol\u00f3gica y experiencias motivacionales, en un formato din\u00e1mico orientado a aportar contenido concreto y aplicable a la gesti\u00f3n diaria de las agencias de viajes.<\/p>\n\n\n\n<p>El TIF naci\u00f3 con el objetivo de generar un \u00e1mbito donde los distintos actores del ecosistema tur\u00edstico pudieran reflexionar sobre el presente y anticipar escenarios futuros.\u00a0<\/p>\n\n\n\n<p>En 2025 hab\u00eda reunido a m\u00e1s de 300 asistentes y 230 agencias de viajes de distintas provincias \u2014entre ellas Buenos Aires, C\u00f3rdoba, Mendoza, Santa Fe, San Juan, Salta y Tierra del Fuego\u2014 junto a operadores de circuitos, aerol\u00edneas, cadenas hoteleras, oficinas de turismo y medios especializados. Esa base de crecimiento sostenido volvi\u00f3 a evidenciarse en esta tercera edici\u00f3n, que reafirm\u00f3 la apuesta de VIETUR por la formaci\u00f3n continua.<\/p>\n\n\n\n<p>Ese compromiso tiene un antecedente claro en EDUVIE, su programa educativo con m\u00e1s de 30 a\u00f1os de historia y m\u00e1s de 47.000 agentes capacitados en todo el pa\u00eds, una experiencia que respalda cada iniciativa de actualizaci\u00f3n profesional que impulsa la compa\u00f1\u00eda.<\/p>\n\n\n\n<p>La agenda 2026 volvi\u00f3 a articular miradas complementarias. El an\u00e1lisis econ\u00f3mico estuvo a cargo de Mat\u00edas Surt, director y economista jefe de Invecq, quien abord\u00f3 el contexto macro y las perspectivas para el sector tur\u00edstico.<\/p>\n\n\n\n<p>Desde la industria hotelera internacional, Jimena Faena, VP de Marketing &amp; Revenue Management LATAMC en Wyndham Hotels &amp; Resorts,&nbsp; se refiri\u00f3 a \u201cC\u00f3mo construir una marca relevante en la era de la Inteligencia Artificial\u201d.<\/p>\n\n\n\n<p>El enfoque sobre producto y comercializaci\u00f3n lleg\u00f3 de la mano de Alejandro de la Osa, CEO de Europamundo Vacaciones, quien comparti\u00f3 su experiencia en desarrollo de sistemas, estrategia comercial y expansi\u00f3n de negocios tur\u00edsticos.<\/p>\n\n\n\n<p>A su turno, Ezequiel Crupnicoff, fundador de Benteveo, sum\u00f3 una mirada innovadora sobre creatividad, industria audiovisual e inteligencia artificial (IA) aplicada a la estrategia empresarial.<\/p>\n\n\n\n<p>El cierre tuvo un componente diferencial con la participaci\u00f3n del ilusionista y conferencista Max Giaco, que integr\u00f3 herramientas de comunicaci\u00f3n, psicolog\u00eda y neurociencias para trabajar sobre liderazgo, percepci\u00f3n y toma de decisiones, en una intervenci\u00f3n que combin\u00f3 reflexi\u00f3n y entretenimiento.<\/p>\n\n\n\n<p>Adem\u00e1s del contenido acad\u00e9mico, la jornada incluy\u00f3 un workshop inicial, espacios de interacci\u00f3n entre profesionales y sorteos, que se extendi\u00f3 desde las primeras horas de la ma\u00f1ana hasta el mediod\u00eda.<\/p>\n\n\n\n<p>La convocatoria volvi\u00f3 a reunir a compa\u00f1\u00edas de peso internacional como Lufthansa, Air Europa, Aerol\u00edneas Argentinas, Emirates, Turkish Airlines, Universal Assistance, Europamundo, PromPer\u00fa y la Oficina Espa\u00f1ola de Turismo, entre otras marcas que acompa\u00f1aron la iniciativa.<\/p>\n\n\n\n<p>A lo largo de sus ediciones, el Travel Innovation Forum logr\u00f3 posicionarse como mucho m\u00e1s que un ciclo de charlas: se convirti\u00f3 en un espacio de actualizaci\u00f3n profesional, generaci\u00f3n de v\u00ednculos y construcci\u00f3n colectiva de conocimiento. En un contexto de transformaci\u00f3n permanente, la capacitaci\u00f3n dej\u00f3 de ser un diferencial para transformarse en una condici\u00f3n indispensable para la competitividad.<\/p>\n\n\n\n<p>Con una convocatoria que crece a\u00f1o tras a\u00f1o, el TIF reafirm\u00f3 el compromiso de VIETUR con el desarrollo del sector y con la convicci\u00f3n de que el futuro del turismo se construye a partir de la innovaci\u00f3n, la formaci\u00f3n y el trabajo en red.<\/p>\n\n\n\n<p>M\u00e1s informaci\u00f3n en:\u00a0<a href=\"https:\/\/vietur.com.ar\/\" target=\"_blank\" rel=\"noreferrer noopener\">https:\/\/vietur.com.ar\/<\/a>\u00a0<\/p>\n<p>\u00a0<\/p>\n\n\n\n<p><\/p>\n","protected":false},"excerpt":{"rendered":"<p>Organizado por la mayorista VIETUR, el evento reuni\u00f3 a referentes de la industria para analizar tendencias, herramientas e innovaci\u00f3n aplicadas al negocio. La tercera edici\u00f3n volvi\u00f3 a consolidarse como un espacio clave de capacitaci\u00f3n y networking para el sector. Con m\u00e1s de 41 a\u00f1os de trayectoria en el mercado, la operadora mayorista de viajes y [&hellip;]<\/p>\n","protected":false},"author":1,"featured_media":20352,"comment_status":"open","ping_status":"open","sticky":false,"template":"","format":"standard","meta":{"footnotes":""},"categories":[119],"tags":[],"class_list":["post-20351","post","type-post","status-publish","format-standard","has-post-thumbnail","hentry","category-empresas"],"post_mailing_queue_ids":[],"_links":{"self":[{"href":"https:\/\/nubesmgzdigital.com.ar\/index.php\/wp-json\/wp\/v2\/posts\/20351","targetHints":{"allow":["GET"]}}],"collection":[{"href":"https:\/\/nubesmgzdigital.com.ar\/index.php\/wp-json\/wp\/v2\/posts"}],"about":[{"href":"https:\/\/nubesmgzdigital.com.ar\/index.php\/wp-json\/wp\/v2\/types\/post"}],"author":[{"embeddable":true,"href":"https:\/\/nubesmgzdigital.com.ar\/index.php\/wp-json\/wp\/v2\/users\/1"}],"replies":[{"embeddable":true,"href":"https:\/\/nubesmgzdigital.com.ar\/index.php\/wp-json\/wp\/v2\/comments?post=20351"}],"version-history":[{"count":1,"href":"https:\/\/nubesmgzdigital.com.ar\/index.php\/wp-json\/wp\/v2\/posts\/20351\/revisions"}],"predecessor-version":[{"id":20354,"href":"https:\/\/nubesmgzdigital.com.ar\/index.php\/wp-json\/wp\/v2\/posts\/20351\/revisions\/20354"}],"wp:featuredmedia":[{"embeddable":true,"href":"https:\/\/nubesmgzdigital.com.ar\/index.php\/wp-json\/wp\/v2\/media\/20352"}],"wp:attachment":[{"href":"https:\/\/nubesmgzdigital.com.ar\/index.php\/wp-json\/wp\/v2\/media?parent=20351"}],"wp:term":[{"taxonomy":"category","embeddable":true,"href":"https:\/\/nubesmgzdigital.com.ar\/index.php\/wp-json\/wp\/v2\/categories?post=20351"},{"taxonomy":"post_tag","embeddable":true,"href":"https:\/\/nubesmgzdigital.com.ar\/index.php\/wp-json\/wp\/v2\/tags?post=20351"}],"curies":[{"name":"wp","href":"https:\/\/api.w.org\/{rel}","templated":true}]}}