{"id":20364,"date":"2026-03-17T11:02:46","date_gmt":"2026-03-17T14:02:46","guid":{"rendered":"https:\/\/nubesmgzdigital.com.ar\/?p=20364"},"modified":"2026-03-17T11:02:46","modified_gmt":"2026-03-17T14:02:46","slug":"mendoza-se-prepara-para-ser-el-epicentro-del-turismo-llega-el-51-congreso-de-agentes-de-viajes","status":"publish","type":"post","link":"https:\/\/nubesmgzdigital.com.ar\/index.php\/2026\/03\/17\/mendoza-se-prepara-para-ser-el-epicentro-del-turismo-llega-el-51-congreso-de-agentes-de-viajes\/","title":{"rendered":"MENDOZA SE PREPARA PARA SER EL EPICENTRO DEL TURISMO: LLEGA EL 51\u00b0 CONGRESO DE AGENTES DE VIAJES"},"content":{"rendered":"\n<p><strong><em>El 28 y 29 de mayo Mendoza ser\u00e1 sede del\u00a051\u00b0 Congreso de Agentes de Viajes de FAEVYT, el encuentro m\u00e1s importante del sector en Argentina, que reunir\u00e1 a profesionales de todo el pa\u00eds para compartir ideas, analizar tendencias y pensar el futuro de la industria tur\u00edstica.<\/em><\/strong><\/p>\n\n\n\n<p>\u201cCada Congreso es una oportunidad para encontrarnos, aprender y proyectar juntos el futuro de nuestra actividad. Este a\u00f1o en Mendoza volvemos a apostar por una agenda que combine innovaci\u00f3n, liderazgo, tecnolog\u00eda y herramientas concretas para que las agencias de viajes sigan creciendo y adapt\u00e1ndose a un mercado en permanente evoluci\u00f3n\u201d, destac\u00f3\u00a0<strong>Andr\u00e9s Dey\u00e1, presidente de FAEVYT<\/strong>.<\/p>\n\n\n\n<p>Con una agenda din\u00e1mica que combina conferencias magistrales, talleres t\u00e9cnicos y espacios de intercambio, el Congreso volver\u00e1 a consolidarse como un punto de encuentro clave para los agentes de viajes, con contenidos pensados para fortalecer el rol estrat\u00e9gico de las agencias de viajes en un contexto de transformaci\u00f3n tecnol\u00f3gica, cambios en el consumo y nuevos desaf\u00edos para el sector.<\/p>\n\n\n\n<p>Durante las dos jornadas, el escenario del Congreso contar\u00e1 con la participaci\u00f3n de destacados especialistas de diferentes \u00e1mbitos que aportar\u00e1n miradas complementarias sobre negocios, liderazgo, comunicaci\u00f3n y tecnolog\u00eda.<\/p>\n\n\n\n<p>Entre ellos estar\u00e1\u00a0<strong>Guillermo Gonz\u00e1lez<\/strong>, reconocido por sus conferencias sobre estrategia comercial, tambi\u00e9n participar\u00e1\u00a0<strong>Lara L\u00f3pez Calvo<\/strong>, economista de la UBA y mag\u00edster en finanzas de UCEMA, que aportar\u00e1 su mirada sobre la econom\u00eda del pa\u00eds,\u00a0<strong>Mariano Wechsler,<\/strong>\u00a0experto en transformaci\u00f3n digital abordar\u00e1 los desaf\u00edos de la cultura digital. Por su parte,\u00a0<strong>Natalia de Vita<\/strong>\u00a0ofrecer\u00e1 una conferencia centrada en liderazgo, bienestar y habilidades humanas. La agenda tambi\u00e9n incluir\u00e1 la participaci\u00f3n del periodista\u00a0<strong>Nacho Gir\u00f3n<\/strong>, quien analizar\u00e1 la coyuntura pol\u00edtica y econ\u00f3mica y su impacto en el desarrollo de los negocios.<\/p>\n\n\n\n<p>El especialista en liderazgo y trabajo en equipo&nbsp;<strong>Maxi Hapes<\/strong>&nbsp;presentar\u00e1 una charla sobre inteligencia emocional aplicada al \u00e1mbito laboral, una herramienta cada vez m\u00e1s relevante para la gesti\u00f3n de equipos.<\/p>\n\n\n\n<p>La tecnolog\u00eda y la inteligencia artificial tendr\u00e1n un espacio destacado con&nbsp;<strong>Santi Siri<\/strong>, referente en innovaci\u00f3n tecnol\u00f3gica y el cierre estar\u00e1 a cargo de&nbsp;<strong>Carlos Sosa<\/strong>, con una conferencia sobre liderazgo 360\u00b0, motivaci\u00f3n y neurocoaching.<\/p>\n\n\n\n<p>Adem\u00e1s de las conferencias, el programa incluir\u00e1 talleres t\u00e9cnicos, presentaciones de destinos y espacios de networking, junto a momentos de encuentro entre colegas que ya son una marca registrada del Congreso.<\/p>\n\n\n\n<p>Una vez m\u00e1s, el&nbsp;<strong>Congreso de Agentes de Viajes de FAEVYT<\/strong>&nbsp;se posiciona como una plataforma de actualizaci\u00f3n, inspiraci\u00f3n y construcci\u00f3n colectiva para seguir fortaleciendo a las agencias de viajes y al turismo como motor de desarrollo en todo el pa\u00eds.<\/p>\n\n\n\n<p>M\u00e1s informaci\u00f3n:\u00a0<a href=\"https:\/\/faevyt.org.ar\/congreso\/\" target=\"_blank\" rel=\"noreferrer noopener\">https:\/\/faevyt.org.ar\/congreso\/<\/a><\/p>\n<p>\u00a0<\/p>\n\n\n\n<p><\/p>\n","protected":false},"excerpt":{"rendered":"<p>El 28 y 29 de mayo Mendoza ser\u00e1 sede del\u00a051\u00b0 Congreso de Agentes de Viajes de FAEVYT, el encuentro m\u00e1s importante del sector en Argentina, que reunir\u00e1 a profesionales de todo el pa\u00eds para compartir ideas, analizar tendencias y pensar el futuro de la industria tur\u00edstica. \u201cCada Congreso es una oportunidad para encontrarnos, aprender y [&hellip;]<\/p>\n","protected":false},"author":1,"featured_media":20365,"comment_status":"open","ping_status":"open","sticky":false,"template":"","format":"standard","meta":{"footnotes":""},"categories":[134,145],"tags":[],"class_list":["post-20364","post","type-post","status-publish","format-standard","has-post-thumbnail","hentry","category-cuyo","category-ferias-y-congresos"],"post_mailing_queue_ids":[],"_links":{"self":[{"href":"https:\/\/nubesmgzdigital.com.ar\/index.php\/wp-json\/wp\/v2\/posts\/20364","targetHints":{"allow":["GET"]}}],"collection":[{"href":"https:\/\/nubesmgzdigital.com.ar\/index.php\/wp-json\/wp\/v2\/posts"}],"about":[{"href":"https:\/\/nubesmgzdigital.com.ar\/index.php\/wp-json\/wp\/v2\/types\/post"}],"author":[{"embeddable":true,"href":"https:\/\/nubesmgzdigital.com.ar\/index.php\/wp-json\/wp\/v2\/users\/1"}],"replies":[{"embeddable":true,"href":"https:\/\/nubesmgzdigital.com.ar\/index.php\/wp-json\/wp\/v2\/comments?post=20364"}],"version-history":[{"count":1,"href":"https:\/\/nubesmgzdigital.com.ar\/index.php\/wp-json\/wp\/v2\/posts\/20364\/revisions"}],"predecessor-version":[{"id":20366,"href":"https:\/\/nubesmgzdigital.com.ar\/index.php\/wp-json\/wp\/v2\/posts\/20364\/revisions\/20366"}],"wp:featuredmedia":[{"embeddable":true,"href":"https:\/\/nubesmgzdigital.com.ar\/index.php\/wp-json\/wp\/v2\/media\/20365"}],"wp:attachment":[{"href":"https:\/\/nubesmgzdigital.com.ar\/index.php\/wp-json\/wp\/v2\/media?parent=20364"}],"wp:term":[{"taxonomy":"category","embeddable":true,"href":"https:\/\/nubesmgzdigital.com.ar\/index.php\/wp-json\/wp\/v2\/categories?post=20364"},{"taxonomy":"post_tag","embeddable":true,"href":"https:\/\/nubesmgzdigital.com.ar\/index.php\/wp-json\/wp\/v2\/tags?post=20364"}],"curies":[{"name":"wp","href":"https:\/\/api.w.org\/{rel}","templated":true}]}}