{"id":20489,"date":"2026-04-27T17:28:34","date_gmt":"2026-04-27T20:28:34","guid":{"rendered":"https:\/\/nubesmgzdigital.com.ar\/?p=20489"},"modified":"2026-04-27T17:28:35","modified_gmt":"2026-04-27T20:28:35","slug":"nacho-giron-llega-al-congreso-faevyt-con-una-mirada-clave-sobre-la-actualidad-politica-y-su-impacto-en-el-turismo","status":"publish","type":"post","link":"https:\/\/nubesmgzdigital.com.ar\/index.php\/2026\/04\/27\/nacho-giron-llega-al-congreso-faevyt-con-una-mirada-clave-sobre-la-actualidad-politica-y-su-impacto-en-el-turismo\/","title":{"rendered":"NACHO GIR\u00d3N LLEGA AL CONGRESO FAEVYT CON UNA MIRADA CLAVE SOBRE LA ACTUALIDAD POL\u00cdTICA Y SU IMPACTO EN EL TURISMO"},"content":{"rendered":"\n<p><em>En el marco del 51\u00b0 Congreso de Agentes de Viajes de FAEVYT, que se realizar\u00e1 el 28 y 29 de mayo en Mendoza, el periodista especializado en pol\u00edtica Nacho Gir\u00f3n ser\u00e1 uno de los protagonistas de las conferencias magistrales con su charla \u201cLos pasillos del poder\u201d, donde abordar\u00e1 el complejo escenario argentino y las claves para interpretar el contexto actual.<\/em><\/p>\n\n\n<div class=\"wp-block-image\">\n<figure class=\"alignright size-full is-resized\"><img loading=\"lazy\" decoding=\"async\" width=\"573\" height=\"1013\" src=\"https:\/\/nubesmgzdigital.com.ar\/wp-content\/uploads\/2026\/04\/Nacho-giron-placa.png\" alt=\"\" class=\"wp-image-20490\" style=\"aspect-ratio:0.5656486194662965;width:220px;height:auto\" srcset=\"https:\/\/nubesmgzdigital.com.ar\/wp-content\/uploads\/2026\/04\/Nacho-giron-placa.png 573w, https:\/\/nubesmgzdigital.com.ar\/wp-content\/uploads\/2026\/04\/Nacho-giron-placa-170x300.png 170w, https:\/\/nubesmgzdigital.com.ar\/wp-content\/uploads\/2026\/04\/Nacho-giron-placa-238x420.png 238w\" sizes=\"auto, (max-width: 573px) 100vw, 573px\" \/><\/figure>\n<\/div>\n\n\n<p>El periodista har\u00e1 foco en uno de los grandes desaf\u00edos actuales: distinguir la informaci\u00f3n relevante del ruido medi\u00e1tico. \u201cEl desaf\u00edo de separar la paja del trigo a la hora de destacar cu\u00e1l es la informaci\u00f3n relevante de la accesoria\u201d ser\u00e1 uno de los ejes centrales de su exposici\u00f3n, en la que compartir\u00e1 su experiencia recorriendo los espacios donde se toman decisiones clave. \u201cHablar con los que est\u00e1n metidos dentro de su \u00e1rea espec\u00edfica, en el coraz\u00f3n de las decisiones, tanto desde el lado pol\u00edtico como econ\u00f3mico, es fundamental\u201d, afirma Nacho Gir\u00f3n, quien destaca el valor de este tipo de encuentros para acceder a miradas calificadas y enriquecer la toma de decisiones en el \u00e1mbito empresarial.<\/p>\n\n\n\n<p>Con una reconocida trayectoria en medios, Nacho Gir\u00f3n es Licenciado en Comunicaci\u00f3n Period\u00edstica por la Universidad Cat\u00f3lica Argentina (UCA) y se especializa en actualidad pol\u00edtica. Actualmente conduce\u00a0<em>Infobae al Amanecer<\/em>, escribe sobre pol\u00edtica y es columnista en FM Urbana 104.3 y FM Delta 90.3. Adem\u00e1s, es autor del podcast semanal\u00a0<em>Los Pasillos del Poder<\/em>.<\/p>\n\n\n\n<p>Su participaci\u00f3n en el Congreso FAEVYT aportar\u00e1 una mirada estrat\u00e9gica para comprender el contexto pol\u00edtico y econ\u00f3mico, y su impacto en la industria tur\u00edstica, en un espacio que re\u00fane a los principales referentes del sector para debatir el presente y proyectar el futuro.<\/p>\n\n\n\n<p>M\u00e1s informaci\u00f3n:\u00a0<a href=\"https:\/\/faevyt.org.ar\/congreso\/\" target=\"_blank\" rel=\"noreferrer noopener\">https:\/\/faevyt.org.ar\/congreso\/<\/a><\/p>\n<p>\u00a0<\/p>\n\n\n\n<figure class=\"wp-block-image size-full\"><img loading=\"lazy\" decoding=\"async\" width=\"302\" height=\"114\" src=\"https:\/\/nubesmgzdigital.com.ar\/wp-content\/uploads\/2026\/04\/Captura-de-pantalla_27-4-2026_172646_mail.google.com_.jpeg\" alt=\"\" class=\"wp-image-20492\" srcset=\"https:\/\/nubesmgzdigital.com.ar\/wp-content\/uploads\/2026\/04\/Captura-de-pantalla_27-4-2026_172646_mail.google.com_.jpeg 302w, https:\/\/nubesmgzdigital.com.ar\/wp-content\/uploads\/2026\/04\/Captura-de-pantalla_27-4-2026_172646_mail.google.com_-300x113.jpeg 300w\" sizes=\"auto, (max-width: 302px) 100vw, 302px\" \/><\/figure>\n\n\n\n<p><\/p>\n","protected":false},"excerpt":{"rendered":"<p>En el marco del 51\u00b0 Congreso de Agentes de Viajes de FAEVYT, que se realizar\u00e1 el 28 y 29 de mayo en Mendoza, el periodista especializado en pol\u00edtica Nacho Gir\u00f3n ser\u00e1 uno de los protagonistas de las conferencias magistrales con su charla \u201cLos pasillos del poder\u201d, donde abordar\u00e1 el complejo escenario argentino y las claves [&hellip;]<\/p>\n","protected":false},"author":1,"featured_media":20491,"comment_status":"open","ping_status":"open","sticky":false,"template":"","format":"standard","meta":{"footnotes":""},"categories":[145],"tags":[],"class_list":["post-20489","post","type-post","status-publish","format-standard","has-post-thumbnail","hentry","category-ferias-y-congresos"],"post_mailing_queue_ids":[],"_links":{"self":[{"href":"https:\/\/nubesmgzdigital.com.ar\/index.php\/wp-json\/wp\/v2\/posts\/20489","targetHints":{"allow":["GET"]}}],"collection":[{"href":"https:\/\/nubesmgzdigital.com.ar\/index.php\/wp-json\/wp\/v2\/posts"}],"about":[{"href":"https:\/\/nubesmgzdigital.com.ar\/index.php\/wp-json\/wp\/v2\/types\/post"}],"author":[{"embeddable":true,"href":"https:\/\/nubesmgzdigital.com.ar\/index.php\/wp-json\/wp\/v2\/users\/1"}],"replies":[{"embeddable":true,"href":"https:\/\/nubesmgzdigital.com.ar\/index.php\/wp-json\/wp\/v2\/comments?post=20489"}],"version-history":[{"count":1,"href":"https:\/\/nubesmgzdigital.com.ar\/index.php\/wp-json\/wp\/v2\/posts\/20489\/revisions"}],"predecessor-version":[{"id":20493,"href":"https:\/\/nubesmgzdigital.com.ar\/index.php\/wp-json\/wp\/v2\/posts\/20489\/revisions\/20493"}],"wp:featuredmedia":[{"embeddable":true,"href":"https:\/\/nubesmgzdigital.com.ar\/index.php\/wp-json\/wp\/v2\/media\/20491"}],"wp:attachment":[{"href":"https:\/\/nubesmgzdigital.com.ar\/index.php\/wp-json\/wp\/v2\/media?parent=20489"}],"wp:term":[{"taxonomy":"category","embeddable":true,"href":"https:\/\/nubesmgzdigital.com.ar\/index.php\/wp-json\/wp\/v2\/categories?post=20489"},{"taxonomy":"post_tag","embeddable":true,"href":"https:\/\/nubesmgzdigital.com.ar\/index.php\/wp-json\/wp\/v2\/tags?post=20489"}],"curies":[{"name":"wp","href":"https:\/\/api.w.org\/{rel}","templated":true}]}}