{"id":20494,"date":"2026-04-27T18:05:42","date_gmt":"2026-04-27T21:05:42","guid":{"rendered":"https:\/\/nubesmgzdigital.com.ar\/?p=20494"},"modified":"2026-04-27T18:05:43","modified_gmt":"2026-04-27T21:05:43","slug":"la-periodista-argentina-maru-ulivi-se-incorpora-a-la-galeria-de-honor-del-periodismo-turistico-en-monterrey","status":"publish","type":"post","link":"https:\/\/nubesmgzdigital.com.ar\/index.php\/2026\/04\/27\/la-periodista-argentina-maru-ulivi-se-incorpora-a-la-galeria-de-honor-del-periodismo-turistico-en-monterrey\/","title":{"rendered":"La periodista argentina Maru Ulivi se incorpora a la Galer\u00eda de Honor del Periodismo Tur\u00edstico en Monterrey"},"content":{"rendered":"\n<p><strong><em>En el marco del 16\u00b0 Congreso Internacional de Periodismo Tur\u00edstico realizado en la ciudad de Monterrey, M\u00e9xico, se llev\u00f3 a cabo una nueva incorporaci\u00f3n a la Galer\u00eda de Honor del Periodismo Tur\u00edstico, un espacio que reconoce la trayectoria, el compromiso y la contribuci\u00f3n de comunicadores que fortalecen el desarrollo del turismo desde una mirada \u00e9tica, innovadora y transformadora.<\/em><\/strong><\/p>\n\n\n\n<p>En esta ocasi\u00f3n, la periodista argentina Maru Ulivi fue distinguida por su labor sostenida en la difusi\u00f3n de destinos, la generaci\u00f3n de contenidos con identidad y su aporte a la construcci\u00f3n de narrativas tur\u00edsticas con sentido humano y territorial. Su trabajo ha destacado por visibilizar experiencias aut\u00e9nticas y por promover un turismo m\u00e1s consciente y conectado con las comunidades.<\/p>\n\n\n\n<p>Con su incorporaci\u00f3n, la galer\u00eda contin\u00faa consolid\u00e1ndose como un espacio de referencia en Iberoam\u00e9rica. Ya forman parte de este reconocimiento el paname\u00f1o Luis Polo Roa, el mexicano Jes\u00fas \u201cChuy\u201d Coronado, el dominicano Salvador Batista y el peruano Eric Barrantes, quienes han sido reconocidos por su impacto en el \u00e1mbito del periodismo tur\u00edstico en la regi\u00f3n.<\/p>\n\n\n\n<p>La inclusi\u00f3n de Maru Ulivi no solo reconoce su trayectoria profesional, sino que tambi\u00e9n refuerza el papel fundamental del periodismo tur\u00edstico como herramienta para interpretar, narrar y proyectar los territorios desde una perspectiva cultural, social y sostenible.<\/p>\n\n\n\n<p>Este tipo de distinciones, impulsadas por la Organizaci\u00f3n Mundial de Periodismo Tur\u00edstico, buscan fortalecer redes entre profesionales, generar intercambio de experiencias y poner en valor el rol de la comunicaci\u00f3n en el desarrollo tur\u00edstico contempor\u00e1neo.<\/p>\n\n\n\n<figure class=\"wp-block-image size-large is-resized\"><img decoding=\"async\" src=\"https:\/\/static.wixstatic.com\/media\/33c914_9c0d800a9fa74401961039113a9c802e~mv2.jpg\/v1\/fill\/w_268,h_144,al_c,q_80,usm_0.66_1.00_0.01,enc_avif,quality_auto\/271953438_2306940576115753_3080210338646854793_n.jpg\" alt=\"\" style=\"aspect-ratio:1.8612045577862182;width:190px;height:auto\"\/><\/figure>\n","protected":false},"excerpt":{"rendered":"<p>En el marco del 16\u00b0 Congreso Internacional de Periodismo Tur\u00edstico realizado en la ciudad de Monterrey, M\u00e9xico, se llev\u00f3 a cabo una nueva incorporaci\u00f3n a la Galer\u00eda de Honor del Periodismo Tur\u00edstico, un espacio que reconoce la trayectoria, el compromiso y la contribuci\u00f3n de comunicadores que fortalecen el desarrollo del turismo desde una mirada \u00e9tica, [&hellip;]<\/p>\n","protected":false},"author":1,"featured_media":20495,"comment_status":"open","ping_status":"open","sticky":false,"template":"","format":"standard","meta":{"footnotes":""},"categories":[113],"tags":[],"class_list":["post-20494","post","type-post","status-publish","format-standard","has-post-thumbnail","hentry","category-internacional"],"post_mailing_queue_ids":[],"_links":{"self":[{"href":"https:\/\/nubesmgzdigital.com.ar\/index.php\/wp-json\/wp\/v2\/posts\/20494","targetHints":{"allow":["GET"]}}],"collection":[{"href":"https:\/\/nubesmgzdigital.com.ar\/index.php\/wp-json\/wp\/v2\/posts"}],"about":[{"href":"https:\/\/nubesmgzdigital.com.ar\/index.php\/wp-json\/wp\/v2\/types\/post"}],"author":[{"embeddable":true,"href":"https:\/\/nubesmgzdigital.com.ar\/index.php\/wp-json\/wp\/v2\/users\/1"}],"replies":[{"embeddable":true,"href":"https:\/\/nubesmgzdigital.com.ar\/index.php\/wp-json\/wp\/v2\/comments?post=20494"}],"version-history":[{"count":1,"href":"https:\/\/nubesmgzdigital.com.ar\/index.php\/wp-json\/wp\/v2\/posts\/20494\/revisions"}],"predecessor-version":[{"id":20496,"href":"https:\/\/nubesmgzdigital.com.ar\/index.php\/wp-json\/wp\/v2\/posts\/20494\/revisions\/20496"}],"wp:featuredmedia":[{"embeddable":true,"href":"https:\/\/nubesmgzdigital.com.ar\/index.php\/wp-json\/wp\/v2\/media\/20495"}],"wp:attachment":[{"href":"https:\/\/nubesmgzdigital.com.ar\/index.php\/wp-json\/wp\/v2\/media?parent=20494"}],"wp:term":[{"taxonomy":"category","embeddable":true,"href":"https:\/\/nubesmgzdigital.com.ar\/index.php\/wp-json\/wp\/v2\/categories?post=20494"},{"taxonomy":"post_tag","embeddable":true,"href":"https:\/\/nubesmgzdigital.com.ar\/index.php\/wp-json\/wp\/v2\/tags?post=20494"}],"curies":[{"name":"wp","href":"https:\/\/api.w.org\/{rel}","templated":true}]}}