{"id":2083,"date":"2019-08-07T08:29:11","date_gmt":"2019-08-07T11:29:11","guid":{"rendered":"http:\/\/nubesmgzdigital.com.ar\/?p=2083"},"modified":"2019-08-07T08:29:13","modified_gmt":"2019-08-07T11:29:13","slug":"llega-a-catedral-la-semana-internacional-fis-de-esqui-alpino","status":"publish","type":"post","link":"https:\/\/nubesmgzdigital.com.ar\/index.php\/2019\/08\/07\/llega-a-catedral-la-semana-internacional-fis-de-esqui-alpino\/","title":{"rendered":"Llega a Catedral la Semana Internacional FIS de esqu\u00ed alpino"},"content":{"rendered":"\n<p><strong>Atletas de Argentina, Espa\u00f1a, Inglaterra, Francia, Suiza, Italia, Estados Unidos, Chile y otros pa\u00edses se encontrar\u00e1n en la pista patagonica\u00a0para la Semana Internacional de esqu\u00ed alpino.<\/strong><\/p>\n\n\n\n<p class=\"has-drop-cap\">Organizado por el Ski Club Bariloche, el Club Andino Bariloche, CUBA y Club Argentino de Ski, junto con FASA y bajo la supervisi\u00f3n de la Federaci\u00f3n Internacional de Ski (FIS) del 5 al 8 de agosto. Cabe destacar que una de las fechas forma parte del Campeonato Nacional y dos fechas del circuito de Copa Sudamericana.<br><br>El Esqu\u00ed Alpino agrupa a las modalidades m\u00e1s reconocidas y practicadas, comenz\u00f3 en los Alpes, de ah\u00ed su nombre. Su objetivo es realizar descensos en el menor tiempo posible, siguiendo un trazado sinuoso marcado con banderas especiales. Las modalidades que se correr\u00e1n en esta oportunidad son Slalom y Slalom Gigante.<br><br>Adem\u00e1s, este a\u00f1o los competidores de entre 15 y 18 a\u00f1os estar\u00e1n buscando un lugar en la clasificaci\u00f3n para los Juegos de la Juventud que se llevar\u00e1n a cabo en Lausana, Suiza en el verano 2020.<br><br>Entre los atletas del Equipo Nacional se destaca la presencia de Vallecillo Juan Pablo, Cantero Tom\u00e1s, Gravier Tiziano, Paul Pedro y Alarc\u00f3n Bautista. Esta competencia tambi\u00e9n contar\u00e1 con la participaci\u00f3n del Campe\u00f3n Argentino 2018, Tomas Birkner De Miguel.<br><br>A continuaci\u00f3n, el calendario:<br>Lunes 05 de agosto: Slalom Gigante (SAC) \u2013 Copa Catedral<br>Martes 06 de agosto: Slalom Gigante (FIS) \u2013 Memorial Ra\u00fal Saliva<br>Mi\u00e9rcoles 07 de agosto: Slalom (SAC) \u2013 Copa Catedral<br>Jueves 08 de agosto: Slalom (NC) \u2013 Campeonato Nacional Argentino de Slalom<br>16.00 Entrega de Premios \u2013 CAS, Cerro Catedral<\/p>\n\n\n\n<figure class=\"wp-block-image\"><a href=\"https:\/\/trenalasnubes.com.ar\/inicio-es\/\" target=\"_blank\" rel=\"noreferrer noopener\"><img loading=\"lazy\" decoding=\"async\" width=\"728\" height=\"90\" src=\"http:\/\/nubesmgzdigital.com.ar\/wp-content\/uploads\/2019\/07\/baner_tren_nubes-7.gif\" alt=\"\" class=\"wp-image-1835\" \/><\/a><\/figure>\n","protected":false},"excerpt":{"rendered":"<p>Atletas de Argentina, Espa\u00f1a, Inglaterra, Francia, Suiza, Italia, Estados Unidos, Chile y otros pa\u00edses se encontrar\u00e1n en la pista patagonica\u00a0para la Semana Internacional de esqu\u00ed alpino. Organizado por el Ski Club Bariloche, el Club Andino Bariloche, CUBA y Club Argentino de Ski, junto con FASA y bajo la supervisi\u00f3n de la Federaci\u00f3n Internacional de Ski [&hellip;]<\/p>\n","protected":false},"author":2,"featured_media":2084,"comment_status":"open","ping_status":"open","sticky":false,"template":"","format":"standard","meta":{"footnotes":""},"categories":[113,111],"tags":[],"class_list":["post-2083","post","type-post","status-publish","format-standard","has-post-thumbnail","hentry","category-internacional","category-nacional"],"post_mailing_queue_ids":[],"_links":{"self":[{"href":"https:\/\/nubesmgzdigital.com.ar\/index.php\/wp-json\/wp\/v2\/posts\/2083","targetHints":{"allow":["GET"]}}],"collection":[{"href":"https:\/\/nubesmgzdigital.com.ar\/index.php\/wp-json\/wp\/v2\/posts"}],"about":[{"href":"https:\/\/nubesmgzdigital.com.ar\/index.php\/wp-json\/wp\/v2\/types\/post"}],"author":[{"embeddable":true,"href":"https:\/\/nubesmgzdigital.com.ar\/index.php\/wp-json\/wp\/v2\/users\/2"}],"replies":[{"embeddable":true,"href":"https:\/\/nubesmgzdigital.com.ar\/index.php\/wp-json\/wp\/v2\/comments?post=2083"}],"version-history":[{"count":1,"href":"https:\/\/nubesmgzdigital.com.ar\/index.php\/wp-json\/wp\/v2\/posts\/2083\/revisions"}],"predecessor-version":[{"id":2085,"href":"https:\/\/nubesmgzdigital.com.ar\/index.php\/wp-json\/wp\/v2\/posts\/2083\/revisions\/2085"}],"wp:featuredmedia":[{"embeddable":true,"href":"https:\/\/nubesmgzdigital.com.ar\/index.php\/wp-json\/wp\/v2\/media\/2084"}],"wp:attachment":[{"href":"https:\/\/nubesmgzdigital.com.ar\/index.php\/wp-json\/wp\/v2\/media?parent=2083"}],"wp:term":[{"taxonomy":"category","embeddable":true,"href":"https:\/\/nubesmgzdigital.com.ar\/index.php\/wp-json\/wp\/v2\/categories?post=2083"},{"taxonomy":"post_tag","embeddable":true,"href":"https:\/\/nubesmgzdigital.com.ar\/index.php\/wp-json\/wp\/v2\/tags?post=2083"}],"curies":[{"name":"wp","href":"https:\/\/api.w.org\/{rel}","templated":true}]}}