{"id":20856,"date":"2026-09-03T11:06:43","date_gmt":"2026-09-03T14:06:43","guid":{"rendered":"https:\/\/nubesmgzdigital.com.ar\/?p=20856"},"modified":"2026-09-03T11:06:44","modified_gmt":"2026-09-03T14:06:44","slug":"jujuy-sera-sede-del-18-congreso-internacional-de-periodistas-y-profesionales-del-turismo","status":"publish","type":"post","link":"https:\/\/nubesmgzdigital.com.ar\/index.php\/2026\/09\/03\/jujuy-sera-sede-del-18-congreso-internacional-de-periodistas-y-profesionales-del-turismo\/","title":{"rendered":"Jujuy ser\u00e1 sede del 18\u00b0 Congreso Internacional de Periodistas y Profesionales del Turismo"},"content":{"rendered":"\n<p class=\"wp-block-paragraph\"><strong>San Salvador de Jujuy ser\u00e1 sede el pr\u00f3ximo lunes 7 de septiembre\u00a0del 18\u00b0 Congreso Internacional de Periodistas y Profesionales del Turismo, gestionado por la Organizaci\u00f3n Mundial de Periodismo Tur\u00edstico (OMPT). Bajo el lema \u201cCuando comunicar un destino genera viajes reales\u201d, el encuentro propone una jornada de intercambio acad\u00e9mico y profesional que reunir\u00e1 a periodistas, comunicadores, profesionales del turismo y referentes del sector de distintos pa\u00edses.<\/strong><\/p>\n\n\n\n<p class=\"wp-block-paragraph\">La actividad se desarrollar\u00e1 de <strong>9 a 14 horas en el Sal\u00f3n \u00c9xodo del Cabildo de Jujuy<\/strong>, con una agenda internacional centrada en los v\u00ednculos entre comunicaci\u00f3n, territorio, experiencias tur\u00edsticas y promoci\u00f3n de destinos.<\/p>\n\n\n\n<p class=\"wp-block-paragraph\">El programa tendr\u00e1 como eje la pregunta acerca de <strong>c\u00f3mo una historia, una imagen, un relato period\u00edstico o una estrategia de comunicaci\u00f3n pueden trascender las pantallas y convertirse efectivamente en motivaciones para viajar<\/strong>.<\/p>\n\n\n\n<p class=\"wp-block-paragraph\">Entre las conferencias se destaca la participaci\u00f3n de <strong>Miguel Ledhesma, desde M\u00e9xico<\/strong>, quien estar\u00e1 a cargo de la exposici\u00f3n que da nombre al congreso: <strong>\u201cCuando comunicar un destino genera viajes reales\u201d<\/strong>. La propuesta abordar\u00e1 la relaci\u00f3n entre la comunicaci\u00f3n tur\u00edstica y la capacidad de los destinos para generar inter\u00e9s, deseo de viaje y experiencias concretas.<\/p>\n\n\n\n<p class=\"wp-block-paragraph\">Desde <strong>Rep\u00fablica Dominicana<\/strong>, <strong>Cristina Rosario y Salvador Batista<\/strong>&nbsp;presentar\u00e1n la conferencia <strong>\u201cArgentina y Rep\u00fablica Dominicana: turismo en busca de reciprocidad\u201d<\/strong>, centrada en las oportunidades de intercambio y cooperaci\u00f3n tur\u00edstica entre ambos pa\u00edses.<\/p>\n\n\n\n<p class=\"wp-block-paragraph\">La mirada local estar\u00e1 representada por <strong>Carolina In\u00e9s Franco<\/strong>, artista audiovisual de Jujuy, quien ofrecer\u00e1 <strong>\u201cCeremonias, una forma de mirar el territorio\u201d<\/strong>, una propuesta vinculada con las formas de observar, interpretar y comunicar los espacios y las expresiones culturales.<\/p>\n\n\n\n<p class=\"wp-block-paragraph\">Tambi\u00e9n participar\u00e1 <strong>Dar\u00edo Zambrano<\/strong>, gu\u00eda y comunicador de turismo de Jujuy, con la conferencia <strong>\u201cNaturaleza que inspira, cultura que conecta, caminos que unen\u201d<\/strong>, en la que pondr\u00e1 en di\u00e1logo los atractivos naturales, la cultura y las experiencias que pueden construirse alrededor del territorio juje\u00f1o.<\/p>\n\n\n\n<p class=\"wp-block-paragraph\">La agenda internacional se completar\u00e1 con <strong>Kevin Casanova, de Colombia<\/strong>, quien abordar\u00e1 el impacto de la <strong>Organizaci\u00f3n Mundial de Periodismo Tur\u00edstico<\/strong>; <strong>Jacqueline Granda, de Ecuador<\/strong>, con <strong>\u201cCuando una historia se convierte en un viaje\u201d<\/strong>; y <strong>Eric Barrantes, de Per\u00fa<\/strong>, quien presentar\u00e1 <strong>\u201cDel an\u00e1lisis sensorial al relato period\u00edstico\u201d<\/strong>.<\/p>\n\n\n\n<p class=\"wp-block-paragraph\">De esta manera, el Congreso propone una mirada amplia sobre el periodismo y la comunicaci\u00f3n tur\u00edstica, incorporando diferentes perspectivas profesionales y culturales y poniendo en el centro la capacidad de los relatos para <strong>dar visibilidad a los destinos, despertar nuevas miradas sobre los territorios y contribuir a que las personas pasen de conocer una historia a decidirse por un viaje<\/strong>.<\/p>\n\n\n\n<p class=\"wp-block-paragraph\">La realizaci\u00f3n del encuentro en San Salvador de Jujuy permitir\u00e1, adem\u00e1s, poner en di\u00e1logo la experiencia de profesionales internacionales con las particularidades de un destino caracterizado por su patrimonio cultural, sus paisajes y la diversidad de sus expresiones territoriales.<\/p>\n\n\n\n<p class=\"wp-block-paragraph\"><strong>Informaci\u00f3n e inscripciones<\/strong><\/p>\n\n\n\n<p class=\"wp-block-paragraph\">Las personas interesadas en participar del <strong>18\u00b0 Congreso Internacional de Periodistas y Profesionales del Turismo<\/strong>&nbsp;pueden consultar informaci\u00f3n e inscribirse a trav\u00e9s del formulario habilitado:<\/p>\n\n\n\n<p class=\"wp-block-paragraph\"><a href=\"https:\/\/forms.gle\/8d4adq9wwwgGAz9D6\">https:\/\/forms.gle\/8d4adq9wwwgGAz9D6<\/a><\/p>\n\n\n\n<figure class=\"wp-block-image size-large is-resized\"><a href=\"https:\/\/www.periodismoturistico.org\/post\/jujuy-ser%C3%A1-sede-del-18-congreso-internacional-de-periodistas-y-profesionales-del-turismo\" target=\"_blank\" rel=\" noopener\"><img decoding=\"async\" src=\"https:\/\/static.wixstatic.com\/media\/33c914_6eeaf27ae68d4e27ac771f23cc689b6e~mv2.png\/v1\/crop\/x_0,y_29,w_1410,h_465\/fill\/w_1387,h_465,al_c,q_90,enc_avif,quality_auto\/ompt-mx-png%202.png\" alt=\"\" style=\"aspect-ratio:2.9828297992118595;width:226px;height:auto\"\/><\/a><\/figure>\n","protected":false},"excerpt":{"rendered":"<p>San Salvador de Jujuy ser\u00e1 sede el pr\u00f3ximo lunes 7 de septiembre\u00a0del 18\u00b0 Congreso Internacional de Periodistas y Profesionales del Turismo, gestionado por la Organizaci\u00f3n Mundial de Periodismo Tur\u00edstico (OMPT). Bajo el lema \u201cCuando comunicar un destino genera viajes reales\u201d, el encuentro propone una jornada de intercambio acad\u00e9mico y profesional que reunir\u00e1 a periodistas, comunicadores, [&hellip;]<\/p>\n","protected":false},"author":1,"featured_media":20857,"comment_status":"open","ping_status":"open","sticky":false,"template":"","format":"standard","meta":{"footnotes":""},"categories":[112,145],"tags":[],"class_list":["post-20856","post","type-post","status-publish","format-standard","has-post-thumbnail","hentry","category-eventos","category-ferias-y-congresos"],"post_mailing_queue_ids":[],"_links":{"self":[{"href":"https:\/\/nubesmgzdigital.com.ar\/index.php\/wp-json\/wp\/v2\/posts\/20856","targetHints":{"allow":["GET"]}}],"collection":[{"href":"https:\/\/nubesmgzdigital.com.ar\/index.php\/wp-json\/wp\/v2\/posts"}],"about":[{"href":"https:\/\/nubesmgzdigital.com.ar\/index.php\/wp-json\/wp\/v2\/types\/post"}],"author":[{"embeddable":true,"href":"https:\/\/nubesmgzdigital.com.ar\/index.php\/wp-json\/wp\/v2\/users\/1"}],"replies":[{"embeddable":true,"href":"https:\/\/nubesmgzdigital.com.ar\/index.php\/wp-json\/wp\/v2\/comments?post=20856"}],"version-history":[{"count":1,"href":"https:\/\/nubesmgzdigital.com.ar\/index.php\/wp-json\/wp\/v2\/posts\/20856\/revisions"}],"predecessor-version":[{"id":20858,"href":"https:\/\/nubesmgzdigital.com.ar\/index.php\/wp-json\/wp\/v2\/posts\/20856\/revisions\/20858"}],"wp:featuredmedia":[{"embeddable":true,"href":"https:\/\/nubesmgzdigital.com.ar\/index.php\/wp-json\/wp\/v2\/media\/20857"}],"wp:attachment":[{"href":"https:\/\/nubesmgzdigital.com.ar\/index.php\/wp-json\/wp\/v2\/media?parent=20856"}],"wp:term":[{"taxonomy":"category","embeddable":true,"href":"https:\/\/nubesmgzdigital.com.ar\/index.php\/wp-json\/wp\/v2\/categories?post=20856"},{"taxonomy":"post_tag","embeddable":true,"href":"https:\/\/nubesmgzdigital.com.ar\/index.php\/wp-json\/wp\/v2\/tags?post=20856"}],"curies":[{"name":"wp","href":"https:\/\/api.w.org\/{rel}","templated":true}]}}