{"id":2155,"date":"2019-08-14T17:12:54","date_gmt":"2019-08-14T20:12:54","guid":{"rendered":"http:\/\/nubesmgzdigital.com.ar\/?p=2155"},"modified":"2019-08-14T17:12:56","modified_gmt":"2019-08-14T20:12:56","slug":"el-fin-de-semana-se-podran-vivir-las-fiestas-patronales-en-honor-a-san-lorenzo-martir","status":"publish","type":"post","link":"https:\/\/nubesmgzdigital.com.ar\/index.php\/2019\/08\/14\/el-fin-de-semana-se-podran-vivir-las-fiestas-patronales-en-honor-a-san-lorenzo-martir\/","title":{"rendered":"El fin de semana se podr\u00e1n vivir las Fiestas Patronales en Honor a San Lorenzo M\u00e1rtir"},"content":{"rendered":"\n<p><strong><em>Los d\u00edas s\u00e1bado 17 y domingo 18 de agosto, en el Complejo Municipal Los Ceibos de San Lorenzo, se desarrollar\u00e1n diferentes actividades.<\/em><\/strong><\/p>\n\n\n\n<p class=\"has-drop-cap\">Esta ma\u00f1ana se realiz\u00f3 el lanzamiento de las Fiestas Patronales en Honor a San Lorenzo M\u00e1rtir en un acto encabezado por la subsecretaria de Promoci\u00f3n Tur\u00edstica, Silvia Prystupiuk y el intendente de San Lorenzo, Ernesto Gonza.<\/p>\n\n\n\n<p>En la oportunidad Prystupiuk manifest\u00f3 que, \u201cdesde el Gobierno de la Provincia queremos felicitar al Municipio por las actividades que hoy est\u00e1n presentando que demuestran el trabajo que vienen haciendo para posicionarse como destino tur\u00edstico incluyendo tambi\u00e9n el contenido cultural que es tan importante\u201d.<\/p>\n\n\n\n<figure class=\"wp-block-image\"><a href=\"https:\/\/trenalasnubes.com.ar\/inicio-es\/\" target=\"_blank\" rel=\"noreferrer noopener\"><img loading=\"lazy\" decoding=\"async\" width=\"728\" height=\"90\" src=\"http:\/\/nubesmgzdigital.com.ar\/wp-content\/uploads\/2019\/07\/baner_tren_nubes-7.gif\" alt=\"\" class=\"wp-image-1835\" \/><\/a><\/figure>\n\n\n\n<p>Por su parte el jefe comunal expres\u00f3 que, \u201cqueremos invitar a salte\u00f1os y turistas para que acompa\u00f1en este fin de semana para vivir nuestra cultura gaucha y disfrutar de nuestra gastronom\u00eda y nuestras tradiciones\u201d.<\/p>\n\n\n\n<p>En la presentaci\u00f3n se adelant\u00f3 que las actividades se desarrollar\u00e1n en el Complejo Municipal Los Ceibos de San Lorenzo con entrada gratuita el d\u00eda s\u00e1bado 17. Ese d\u00eda las actividades iniciar\u00e1n con una carrera de tambores, luego actuar\u00e1n academias locales y tendr\u00e1n lugar las populares jineteadas, para finalizar el d\u00eda con un festival folkl\u00f3rico.<\/p>\n\n\n\n<p>En tanto, las actividades continuar\u00e1n el domingo 18 con un desfile c\u00edvico y de fortines gauchos, habr\u00e1 jineteadas y se podr\u00e1 disfrutar de las actuaciones de Oscar Belondi y la Repandilla, Los Super Chavos, Chano y sus Tropicales, entre otros. Ese d\u00eda la entrada tendr\u00e1 un valor de 100 pesos.<\/p>\n\n\n\n<p>Adem\u00e1s ambos d\u00edas habr\u00e1 fondas regionales y venta de productos locales.<br>&#8212;&nbsp;<br><\/p>\n\n\n\n<p>Prensa Ministerio de Cultura, Turismo y Deportes de Salta<\/p>\n\n\n\n<p><\/p>\n","protected":false},"excerpt":{"rendered":"<p>Los d\u00edas s\u00e1bado 17 y domingo 18 de agosto, en el Complejo Municipal Los Ceibos de San Lorenzo, se desarrollar\u00e1n diferentes actividades. Esta ma\u00f1ana se realiz\u00f3 el lanzamiento de las Fiestas Patronales en Honor a San Lorenzo M\u00e1rtir en un acto encabezado por la subsecretaria de Promoci\u00f3n Tur\u00edstica, Silvia Prystupiuk y el intendente de San [&hellip;]<\/p>\n","protected":false},"author":2,"featured_media":2156,"comment_status":"open","ping_status":"open","sticky":false,"template":"","format":"standard","meta":{"footnotes":""},"categories":[112],"tags":[],"class_list":["post-2155","post","type-post","status-publish","format-standard","has-post-thumbnail","hentry","category-eventos"],"post_mailing_queue_ids":[],"_links":{"self":[{"href":"https:\/\/nubesmgzdigital.com.ar\/index.php\/wp-json\/wp\/v2\/posts\/2155","targetHints":{"allow":["GET"]}}],"collection":[{"href":"https:\/\/nubesmgzdigital.com.ar\/index.php\/wp-json\/wp\/v2\/posts"}],"about":[{"href":"https:\/\/nubesmgzdigital.com.ar\/index.php\/wp-json\/wp\/v2\/types\/post"}],"author":[{"embeddable":true,"href":"https:\/\/nubesmgzdigital.com.ar\/index.php\/wp-json\/wp\/v2\/users\/2"}],"replies":[{"embeddable":true,"href":"https:\/\/nubesmgzdigital.com.ar\/index.php\/wp-json\/wp\/v2\/comments?post=2155"}],"version-history":[{"count":1,"href":"https:\/\/nubesmgzdigital.com.ar\/index.php\/wp-json\/wp\/v2\/posts\/2155\/revisions"}],"predecessor-version":[{"id":2157,"href":"https:\/\/nubesmgzdigital.com.ar\/index.php\/wp-json\/wp\/v2\/posts\/2155\/revisions\/2157"}],"wp:featuredmedia":[{"embeddable":true,"href":"https:\/\/nubesmgzdigital.com.ar\/index.php\/wp-json\/wp\/v2\/media\/2156"}],"wp:attachment":[{"href":"https:\/\/nubesmgzdigital.com.ar\/index.php\/wp-json\/wp\/v2\/media?parent=2155"}],"wp:term":[{"taxonomy":"category","embeddable":true,"href":"https:\/\/nubesmgzdigital.com.ar\/index.php\/wp-json\/wp\/v2\/categories?post=2155"},{"taxonomy":"post_tag","embeddable":true,"href":"https:\/\/nubesmgzdigital.com.ar\/index.php\/wp-json\/wp\/v2\/tags?post=2155"}],"curies":[{"name":"wp","href":"https:\/\/api.w.org\/{rel}","templated":true}]}}