{"id":2318,"date":"2019-09-03T08:46:56","date_gmt":"2019-09-03T11:46:56","guid":{"rendered":"http:\/\/nubesmgzdigital.com.ar\/?p=2318"},"modified":"2019-09-03T08:46:57","modified_gmt":"2019-09-03T11:46:57","slug":"fehgra-224-reunion-de-consejo-directivo","status":"publish","type":"post","link":"https:\/\/nubesmgzdigital.com.ar\/index.php\/2019\/09\/03\/fehgra-224-reunion-de-consejo-directivo\/","title":{"rendered":"FEHGRA 224\u00b0 Reuni\u00f3n de Consejo Directivo"},"content":{"rendered":"\n<p class=\"has-drop-cap\">Alrededor de 200 dirigentes empresarios de las&nbsp;<a href=\"https:\/\/www.facebook.com\/hashtag\/filiales?source=feed_text&amp;epa=HASHTAG&amp;__xts__%5B0%5D=68.ARB5ADR-bQqtc8rMHctxWsSA3PQ3LENeJPg4nNLmTS0rlqp0Q1z4X7gXH1xcIVx-pr2Z9ELLvT6zO5PzHln-IIR0Ok2KAoPmhbgAITDXsi5ph-A_GsQsqCTekrippWIfWaglT_FMSL1SIpMQjoDavf2bx9zSzAAXT22n4ve4ryu2G6NB1EXkjkQ_9iMhrRxiv76JnOtLp2A0Tj3U5XjHPpOK6vOqZXaEtj-0Ji99x3zSGndS41d2pQQQZ6778oNQd-Yeth8uJSdhJBRSSSq2PsDu-t7D7lxPOJt1Zf9LlWNbxciXjeXUKV1XoeCUWavMUtdgn55e1kUeLa-_Ah8k-yk_QpDiTPwcFvDPhCGoPTGu8X9b5ZYU-wu0&amp;__tn__=%2ANKH-R\">#Filiales<\/a>&nbsp;de todo el pa\u00eds analizan los temas y problem\u00e1ticas que inciden en el desempe\u00f1o de la actividad y proyectan las acciones futuras.<\/p>\n\n\n\n<figure class=\"wp-block-image\"><a href=\"https:\/\/trenalasnubes.com.ar\/inicio-es\/\" target=\"_blank\" rel=\"noreferrer noopener\"><img decoding=\"async\" src=\"http:\/\/nubesmgzdigital.com.ar\/wp-content\/uploads\/2019\/08\/tan_magazine-1.gif\" alt=\"\" class=\"wp-image-2210\" \/><\/a><\/figure>\n\n\n\n<p>Se notifican avances y novedades de todos los Departamentos que integran la Federaci\u00f3n: Pol\u00edtica Laboral y Social, Fiscalidad y Tributaci\u00f3n, Derechos Intelectuales, Relaci\u00f3n con Filiales, Capacitaci\u00f3n y Formaci\u00f3n Profesional, Actividades Informales y Turismo. Se analiza la agenda y la presencia de FEHGRA en \u00e1mbitos nacionales e internacionales, entre otros.<\/p>\n\n\n\n<p>Preside la Reuni\u00f3n&nbsp;<a href=\"https:\/\/www.facebook.com\/graciela.fresno?__tn__=KH-R&amp;eid=ARAm7Aro6fccgTFu6iJ2keCYtvjR1SNth_t01XyG8OwUvlMyqYfeNsnVCMe38aSq3sph6F5PQQYVVBMd&amp;fref=mentions&amp;__xts__%5B0%5D=68.ARB5ADR-bQqtc8rMHctxWsSA3PQ3LENeJPg4nNLmTS0rlqp0Q1z4X7gXH1xcIVx-pr2Z9ELLvT6zO5PzHln-IIR0Ok2KAoPmhbgAITDXsi5ph-A_GsQsqCTekrippWIfWaglT_FMSL1SIpMQjoDavf2bx9zSzAAXT22n4ve4ryu2G6NB1EXkjkQ_9iMhrRxiv76JnOtLp2A0Tj3U5XjHPpOK6vOqZXaEtj-0Ji99x3zSGndS41d2pQQQZ6778oNQd-Yeth8uJSdhJBRSSSq2PsDu-t7D7lxPOJt1Zf9LlWNbxciXjeXUKV1XoeCUWavMUtdgn55e1kUeLa-_Ah8k-yk_QpDiTPwcFvDPhCGoPTGu8X9b5ZYU-wu0\">Graciela Fresno<\/a>&nbsp;y su Comit\u00e9 Ejecutivo.<\/p>\n","protected":false},"excerpt":{"rendered":"<p>Alrededor de 200 dirigentes empresarios de las&nbsp;#Filiales&nbsp;de todo el pa\u00eds analizan los temas y problem\u00e1ticas que inciden en el desempe\u00f1o de la actividad y proyectan las acciones futuras. Se notifican avances y novedades de todos los Departamentos que integran la Federaci\u00f3n: Pol\u00edtica Laboral y Social, Fiscalidad y Tributaci\u00f3n, Derechos Intelectuales, Relaci\u00f3n con Filiales, Capacitaci\u00f3n y [&hellip;]<\/p>\n","protected":false},"author":2,"featured_media":2319,"comment_status":"open","ping_status":"open","sticky":false,"template":"","format":"standard","meta":{"footnotes":""},"categories":[135],"tags":[],"class_list":["post-2318","post","type-post","status-publish","format-standard","has-post-thumbnail","hentry","category-region-pampeana"],"post_mailing_queue_ids":[],"_links":{"self":[{"href":"https:\/\/nubesmgzdigital.com.ar\/index.php\/wp-json\/wp\/v2\/posts\/2318","targetHints":{"allow":["GET"]}}],"collection":[{"href":"https:\/\/nubesmgzdigital.com.ar\/index.php\/wp-json\/wp\/v2\/posts"}],"about":[{"href":"https:\/\/nubesmgzdigital.com.ar\/index.php\/wp-json\/wp\/v2\/types\/post"}],"author":[{"embeddable":true,"href":"https:\/\/nubesmgzdigital.com.ar\/index.php\/wp-json\/wp\/v2\/users\/2"}],"replies":[{"embeddable":true,"href":"https:\/\/nubesmgzdigital.com.ar\/index.php\/wp-json\/wp\/v2\/comments?post=2318"}],"version-history":[{"count":1,"href":"https:\/\/nubesmgzdigital.com.ar\/index.php\/wp-json\/wp\/v2\/posts\/2318\/revisions"}],"predecessor-version":[{"id":2320,"href":"https:\/\/nubesmgzdigital.com.ar\/index.php\/wp-json\/wp\/v2\/posts\/2318\/revisions\/2320"}],"wp:featuredmedia":[{"embeddable":true,"href":"https:\/\/nubesmgzdigital.com.ar\/index.php\/wp-json\/wp\/v2\/media\/2319"}],"wp:attachment":[{"href":"https:\/\/nubesmgzdigital.com.ar\/index.php\/wp-json\/wp\/v2\/media?parent=2318"}],"wp:term":[{"taxonomy":"category","embeddable":true,"href":"https:\/\/nubesmgzdigital.com.ar\/index.php\/wp-json\/wp\/v2\/categories?post=2318"},{"taxonomy":"post_tag","embeddable":true,"href":"https:\/\/nubesmgzdigital.com.ar\/index.php\/wp-json\/wp\/v2\/tags?post=2318"}],"curies":[{"name":"wp","href":"https:\/\/api.w.org\/{rel}","templated":true}]}}