{"id":2466,"date":"2019-09-23T13:27:13","date_gmt":"2019-09-23T16:27:13","guid":{"rendered":"http:\/\/nubesmgzdigital.com.ar\/?p=2466"},"modified":"2019-09-23T14:01:36","modified_gmt":"2019-09-23T17:01:36","slug":"el-pasado-19-y-20-del-corriente-se-llevo-a-cabo-la-3a-edicion-de-la-feria-de-vinos-degustar","status":"publish","type":"post","link":"https:\/\/nubesmgzdigital.com.ar\/index.php\/2019\/09\/23\/el-pasado-19-y-20-del-corriente-se-llevo-a-cabo-la-3a-edicion-de-la-feria-de-vinos-degustar\/","title":{"rendered":"El pasado 19 y 20 del corriente se llev\u00f3 a cabo la 3\u00aa edici\u00f3n de la Feria de vinos Degustar"},"content":{"rendered":"\n<p class=\"has-drop-cap\">Con gran convocatoria se llev\u00f3 a cabo la feria degustar 2019 que albergo a m\u00e1s de 30 bodegas de diferentes provincias.&nbsp; <\/p>\n\n\n\n<p>La misma se realiz\u00f3 en las instalaciones del club 20 de febrero donde se cont\u00f3 con un marco de p\u00fablico importante, mas profesionales de la industria vitivinicultora que se dieron cita con enormes expectativas, no solo degustar buenos vinos sino tambi\u00e9n concretar buenos negocios.&nbsp;<\/p>\n\n\n\n<figure class=\"wp-block-image\"><a href=\"https:\/\/trenalasnubes.com.ar\/inicio-es\/\" target=\"_blank\" rel=\"noreferrer noopener\"><img loading=\"lazy\" decoding=\"async\" width=\"800\" height=\"98\" src=\"http:\/\/nubesmgzdigital.com.ar\/wp-content\/uploads\/2019\/09\/tan_magazine-2.gif\" alt=\"\" class=\"wp-image-2370\" \/><\/a><\/figure>\n\n\n\n<figure class=\"wp-block-embed-youtube alignright wp-block-embed is-type-video is-provider-youtube wp-embed-aspect-16-9 wp-has-aspect-ratio\"><div class=\"wp-block-embed__wrapper\">\n<iframe loading=\"lazy\"  id=\"_ytid_70870\"  width=\"640\" height=\"360\"  data-origwidth=\"640\" data-origheight=\"360\" src=\"https:\/\/www.youtube.com\/embed\/bhtQaWxAaqA?enablejsapi=1&#038;autoplay=0&#038;cc_load_policy=0&#038;cc_lang_pref=&#038;iv_load_policy=1&#038;loop=0&#038;rel=1&#038;fs=1&#038;playsinline=0&#038;autohide=2&#038;theme=dark&#038;color=red&#038;controls=1&#038;disablekb=0&#038;\" class=\"__youtube_prefs__  epyt-is-override  no-lazyload\" title=\"YouTube player\"  allow=\"fullscreen; accelerometer; autoplay; clipboard-write; encrypted-media; gyroscope; picture-in-picture; web-share\" referrerpolicy=\"strict-origin-when-cross-origin\" allowfullscreen data-no-lazy=\"1\" data-skipgform_ajax_framebjll=\"\"><\/iframe>\n<\/div><\/figure>\n\n\n\n<p>Las&nbsp;CEOs&nbsp;responsables&nbsp;Lic. Conztanza&nbsp;Lona y Natalia Saravia nos contaron que las dos jornadas fueron de gran concurrencia de p\u00fablico en general, pero tambi\u00e9n de profesionales: <em>En\u00f3logos<\/em>,  &nbsp;Sommeliers &nbsp;m\u00e1s&nbsp;prensa especializada.&nbsp;&nbsp;<\/p>\n\n\n\n<p>Concluida la 3\u00aa edici\u00f3n ya est\u00e1 proyectada ampliar esta feria a productores y bodegas de todo el pa\u00eds para de esa manera darle un marco de integraci\u00f3n nacional a un evento que a\u00f1o a a\u00f1o se va perfilando como uno de los m\u00e1s importantes a tener en cuenta en el norte argentino.&nbsp;&nbsp;<\/p>\n\n\n\n<div class=\"wp-block-image\"><figure class=\"alignright is-resized\"><img loading=\"lazy\" decoding=\"async\" src=\"http:\/\/nubesmgzdigital.com.ar\/wp-content\/uploads\/2019\/09\/IMG_20190919_213440-1024x768.jpg\" alt=\"\" class=\"wp-image-2467\" width=\"264\" height=\"198\" srcset=\"https:\/\/nubesmgzdigital.com.ar\/wp-content\/uploads\/2019\/09\/IMG_20190919_213440-1024x768.jpg 1024w, https:\/\/nubesmgzdigital.com.ar\/wp-content\/uploads\/2019\/09\/IMG_20190919_213440-300x225.jpg 300w, https:\/\/nubesmgzdigital.com.ar\/wp-content\/uploads\/2019\/09\/IMG_20190919_213440-768x576.jpg 768w, https:\/\/nubesmgzdigital.com.ar\/wp-content\/uploads\/2019\/09\/IMG_20190919_213440-80x60.jpg 80w, https:\/\/nubesmgzdigital.com.ar\/wp-content\/uploads\/2019\/09\/IMG_20190919_213440-265x198.jpg 265w, https:\/\/nubesmgzdigital.com.ar\/wp-content\/uploads\/2019\/09\/IMG_20190919_213440-696x522.jpg 696w, https:\/\/nubesmgzdigital.com.ar\/wp-content\/uploads\/2019\/09\/IMG_20190919_213440-1068x801.jpg 1068w, https:\/\/nubesmgzdigital.com.ar\/wp-content\/uploads\/2019\/09\/IMG_20190919_213440-560x420.jpg 560w, https:\/\/nubesmgzdigital.com.ar\/wp-content\/uploads\/2019\/09\/IMG_20190919_213440.jpg 1122w\" sizes=\"auto, (max-width: 264px) 100vw, 264px\" \/><\/figure><\/div>\n\n\n\n<p>En las dos jornadas se pudo disfrutar tambi\u00e9n del acompa\u00f1amiento de la marca Renault&nbsp;Tester&nbsp;auto de formula donde los m\u00e1s osados pudieron hacer unas vueltas virtuales manejando un auto de carrera.&nbsp;<\/p>\n\n\n\n<p>Galer\u00eda im\u00e1genes:<\/p>\n\n\n\n<ul class=\"wp-block-gallery aligncenter columns-3 is-cropped wp-block-gallery-1 is-layout-flex wp-block-gallery-is-layout-flex\"><li class=\"blocks-gallery-item\"><figure><img loading=\"lazy\" decoding=\"async\" width=\"1024\" height=\"768\" src=\"http:\/\/nubesmgzdigital.com.ar\/wp-content\/uploads\/2019\/09\/IMG_20190919_213035-1024x768.jpg\" alt=\"\" data-id=\"2471\" data-link=\"http:\/\/nubesmgzdigital.com.ar\/index.php\/2019\/09\/23\/el-pasado-19-y-20-del-corriente-se-llevo-a-cabo-la-3a-edicion-de-la-feria-de-vinos-degustar\/img_20190919_213035\/\" class=\"wp-image-2471\" srcset=\"https:\/\/nubesmgzdigital.com.ar\/wp-content\/uploads\/2019\/09\/IMG_20190919_213035-1024x768.jpg 1024w, https:\/\/nubesmgzdigital.com.ar\/wp-content\/uploads\/2019\/09\/IMG_20190919_213035-300x225.jpg 300w, https:\/\/nubesmgzdigital.com.ar\/wp-content\/uploads\/2019\/09\/IMG_20190919_213035-768x576.jpg 768w, https:\/\/nubesmgzdigital.com.ar\/wp-content\/uploads\/2019\/09\/IMG_20190919_213035-80x60.jpg 80w, https:\/\/nubesmgzdigital.com.ar\/wp-content\/uploads\/2019\/09\/IMG_20190919_213035-265x198.jpg 265w, https:\/\/nubesmgzdigital.com.ar\/wp-content\/uploads\/2019\/09\/IMG_20190919_213035-696x522.jpg 696w, https:\/\/nubesmgzdigital.com.ar\/wp-content\/uploads\/2019\/09\/IMG_20190919_213035-1068x801.jpg 1068w, https:\/\/nubesmgzdigital.com.ar\/wp-content\/uploads\/2019\/09\/IMG_20190919_213035-560x420.jpg 560w, https:\/\/nubesmgzdigital.com.ar\/wp-content\/uploads\/2019\/09\/IMG_20190919_213035.jpg 1122w\" sizes=\"auto, (max-width: 1024px) 100vw, 1024px\" \/><\/figure><\/li><li class=\"blocks-gallery-item\"><figure><img loading=\"lazy\" decoding=\"async\" width=\"1024\" height=\"768\" src=\"http:\/\/nubesmgzdigital.com.ar\/wp-content\/uploads\/2019\/09\/IMG_20190919_212922-1024x768.jpg\" alt=\"\" data-id=\"2476\" data-link=\"http:\/\/nubesmgzdigital.com.ar\/index.php\/2019\/09\/23\/el-pasado-19-y-20-del-corriente-se-llevo-a-cabo-la-3a-edicion-de-la-feria-de-vinos-degustar\/img_20190919_212922\/\" class=\"wp-image-2476\" srcset=\"https:\/\/nubesmgzdigital.com.ar\/wp-content\/uploads\/2019\/09\/IMG_20190919_212922-1024x768.jpg 1024w, https:\/\/nubesmgzdigital.com.ar\/wp-content\/uploads\/2019\/09\/IMG_20190919_212922-300x225.jpg 300w, https:\/\/nubesmgzdigital.com.ar\/wp-content\/uploads\/2019\/09\/IMG_20190919_212922-768x576.jpg 768w, https:\/\/nubesmgzdigital.com.ar\/wp-content\/uploads\/2019\/09\/IMG_20190919_212922-80x60.jpg 80w, https:\/\/nubesmgzdigital.com.ar\/wp-content\/uploads\/2019\/09\/IMG_20190919_212922-265x198.jpg 265w, https:\/\/nubesmgzdigital.com.ar\/wp-content\/uploads\/2019\/09\/IMG_20190919_212922-696x522.jpg 696w, https:\/\/nubesmgzdigital.com.ar\/wp-content\/uploads\/2019\/09\/IMG_20190919_212922-1068x801.jpg 1068w, https:\/\/nubesmgzdigital.com.ar\/wp-content\/uploads\/2019\/09\/IMG_20190919_212922-560x420.jpg 560w, https:\/\/nubesmgzdigital.com.ar\/wp-content\/uploads\/2019\/09\/IMG_20190919_212922.jpg 1122w\" sizes=\"auto, (max-width: 1024px) 100vw, 1024px\" \/><\/figure><\/li><li class=\"blocks-gallery-item\"><figure><img loading=\"lazy\" decoding=\"async\" width=\"1024\" height=\"768\" src=\"http:\/\/nubesmgzdigital.com.ar\/wp-content\/uploads\/2019\/09\/IMG_20190919_213232-1024x768.jpg\" alt=\"\" data-id=\"2477\" data-link=\"http:\/\/nubesmgzdigital.com.ar\/index.php\/2019\/09\/23\/el-pasado-19-y-20-del-corriente-se-llevo-a-cabo-la-3a-edicion-de-la-feria-de-vinos-degustar\/img_20190919_213232\/\" class=\"wp-image-2477\" srcset=\"https:\/\/nubesmgzdigital.com.ar\/wp-content\/uploads\/2019\/09\/IMG_20190919_213232-1024x768.jpg 1024w, https:\/\/nubesmgzdigital.com.ar\/wp-content\/uploads\/2019\/09\/IMG_20190919_213232-300x225.jpg 300w, https:\/\/nubesmgzdigital.com.ar\/wp-content\/uploads\/2019\/09\/IMG_20190919_213232-768x576.jpg 768w, https:\/\/nubesmgzdigital.com.ar\/wp-content\/uploads\/2019\/09\/IMG_20190919_213232-80x60.jpg 80w, https:\/\/nubesmgzdigital.com.ar\/wp-content\/uploads\/2019\/09\/IMG_20190919_213232-265x198.jpg 265w, https:\/\/nubesmgzdigital.com.ar\/wp-content\/uploads\/2019\/09\/IMG_20190919_213232-696x522.jpg 696w, https:\/\/nubesmgzdigital.com.ar\/wp-content\/uploads\/2019\/09\/IMG_20190919_213232-1068x801.jpg 1068w, https:\/\/nubesmgzdigital.com.ar\/wp-content\/uploads\/2019\/09\/IMG_20190919_213232-560x420.jpg 560w, https:\/\/nubesmgzdigital.com.ar\/wp-content\/uploads\/2019\/09\/IMG_20190919_213232.jpg 1122w\" sizes=\"auto, (max-width: 1024px) 100vw, 1024px\" \/><\/figure><\/li><li class=\"blocks-gallery-item\"><figure><img loading=\"lazy\" decoding=\"async\" width=\"1024\" height=\"652\" src=\"http:\/\/nubesmgzdigital.com.ar\/wp-content\/uploads\/2019\/09\/IMG_20190920_224607_2-1024x652.jpg\" alt=\"\" data-id=\"2478\" data-link=\"http:\/\/nubesmgzdigital.com.ar\/index.php\/2019\/09\/23\/el-pasado-19-y-20-del-corriente-se-llevo-a-cabo-la-3a-edicion-de-la-feria-de-vinos-degustar\/img_20190920_224607_2\/\" class=\"wp-image-2478\" srcset=\"https:\/\/nubesmgzdigital.com.ar\/wp-content\/uploads\/2019\/09\/IMG_20190920_224607_2-1024x652.jpg 1024w, https:\/\/nubesmgzdigital.com.ar\/wp-content\/uploads\/2019\/09\/IMG_20190920_224607_2-300x191.jpg 300w, https:\/\/nubesmgzdigital.com.ar\/wp-content\/uploads\/2019\/09\/IMG_20190920_224607_2-768x489.jpg 768w, https:\/\/nubesmgzdigital.com.ar\/wp-content\/uploads\/2019\/09\/IMG_20190920_224607_2-696x443.jpg 696w, https:\/\/nubesmgzdigital.com.ar\/wp-content\/uploads\/2019\/09\/IMG_20190920_224607_2-1068x680.jpg 1068w, https:\/\/nubesmgzdigital.com.ar\/wp-content\/uploads\/2019\/09\/IMG_20190920_224607_2-660x420.jpg 660w, https:\/\/nubesmgzdigital.com.ar\/wp-content\/uploads\/2019\/09\/IMG_20190920_224607_2.jpg 1323w\" sizes=\"auto, (max-width: 1024px) 100vw, 1024px\" \/><\/figure><\/li><li class=\"blocks-gallery-item\"><figure><img loading=\"lazy\" decoding=\"async\" width=\"999\" height=\"842\" src=\"http:\/\/nubesmgzdigital.com.ar\/wp-content\/uploads\/2019\/09\/IMG_20190920_221239_2.jpg\" alt=\"\" data-id=\"2483\" data-link=\"http:\/\/nubesmgzdigital.com.ar\/index.php\/2019\/09\/23\/el-pasado-19-y-20-del-corriente-se-llevo-a-cabo-la-3a-edicion-de-la-feria-de-vinos-degustar\/img_20190920_221239_2\/\" class=\"wp-image-2483\" srcset=\"https:\/\/nubesmgzdigital.com.ar\/wp-content\/uploads\/2019\/09\/IMG_20190920_221239_2.jpg 999w, https:\/\/nubesmgzdigital.com.ar\/wp-content\/uploads\/2019\/09\/IMG_20190920_221239_2-300x253.jpg 300w, https:\/\/nubesmgzdigital.com.ar\/wp-content\/uploads\/2019\/09\/IMG_20190920_221239_2-768x647.jpg 768w, https:\/\/nubesmgzdigital.com.ar\/wp-content\/uploads\/2019\/09\/IMG_20190920_221239_2-696x587.jpg 696w, https:\/\/nubesmgzdigital.com.ar\/wp-content\/uploads\/2019\/09\/IMG_20190920_221239_2-498x420.jpg 498w\" sizes=\"auto, (max-width: 999px) 100vw, 999px\" \/><\/figure><\/li><\/ul>\n","protected":false},"excerpt":{"rendered":"<p>Con gran convocatoria se llev\u00f3 a cabo la feria degustar 2019 que albergo a m\u00e1s de 30 bodegas de diferentes provincias.&nbsp; La misma se realiz\u00f3 en las instalaciones del club 20 de febrero donde se cont\u00f3 con un marco de p\u00fablico importante, mas profesionales de la industria vitivinicultora que se dieron cita con enormes expectativas, [&hellip;]<\/p>\n","protected":false},"author":2,"featured_media":2468,"comment_status":"open","ping_status":"open","sticky":false,"template":"","format":"standard","meta":{"footnotes":""},"categories":[133,112,110],"tags":[],"class_list":["post-2466","post","type-post","status-publish","format-standard","has-post-thumbnail","hentry","category-bodegas-eventos","category-eventos","category-regional"],"post_mailing_queue_ids":[],"_links":{"self":[{"href":"https:\/\/nubesmgzdigital.com.ar\/index.php\/wp-json\/wp\/v2\/posts\/2466","targetHints":{"allow":["GET"]}}],"collection":[{"href":"https:\/\/nubesmgzdigital.com.ar\/index.php\/wp-json\/wp\/v2\/posts"}],"about":[{"href":"https:\/\/nubesmgzdigital.com.ar\/index.php\/wp-json\/wp\/v2\/types\/post"}],"author":[{"embeddable":true,"href":"https:\/\/nubesmgzdigital.com.ar\/index.php\/wp-json\/wp\/v2\/users\/2"}],"replies":[{"embeddable":true,"href":"https:\/\/nubesmgzdigital.com.ar\/index.php\/wp-json\/wp\/v2\/comments?post=2466"}],"version-history":[{"count":6,"href":"https:\/\/nubesmgzdigital.com.ar\/index.php\/wp-json\/wp\/v2\/posts\/2466\/revisions"}],"predecessor-version":[{"id":2484,"href":"https:\/\/nubesmgzdigital.com.ar\/index.php\/wp-json\/wp\/v2\/posts\/2466\/revisions\/2484"}],"wp:featuredmedia":[{"embeddable":true,"href":"https:\/\/nubesmgzdigital.com.ar\/index.php\/wp-json\/wp\/v2\/media\/2468"}],"wp:attachment":[{"href":"https:\/\/nubesmgzdigital.com.ar\/index.php\/wp-json\/wp\/v2\/media?parent=2466"}],"wp:term":[{"taxonomy":"category","embeddable":true,"href":"https:\/\/nubesmgzdigital.com.ar\/index.php\/wp-json\/wp\/v2\/categories?post=2466"},{"taxonomy":"post_tag","embeddable":true,"href":"https:\/\/nubesmgzdigital.com.ar\/index.php\/wp-json\/wp\/v2\/tags?post=2466"}],"curies":[{"name":"wp","href":"https:\/\/api.w.org\/{rel}","templated":true}]}}