{"id":2525,"date":"2019-09-26T11:35:45","date_gmt":"2019-09-26T14:35:45","guid":{"rendered":"http:\/\/nubesmgzdigital.com.ar\/?p=2525"},"modified":"2019-09-26T11:35:47","modified_gmt":"2019-09-26T14:35:47","slug":"republica-dominicana-pais-invitado-a-fit-america-latina-2019","status":"publish","type":"post","link":"https:\/\/nubesmgzdigital.com.ar\/index.php\/2019\/09\/26\/republica-dominicana-pais-invitado-a-fit-america-latina-2019\/","title":{"rendered":"Rep\u00fablica Dominicana pa\u00eds invitado a FIT Am\u00e9rica Latina 2019"},"content":{"rendered":"\n<p class=\"has-drop-cap\">Rep\u00fablica Dominicana es el pa\u00eds invitado de honor a la pr\u00f3xima edici\u00f3n de&nbsp;<a href=\"https:\/\/fit.org.ar\/\" target=\"_blank\" rel=\"noreferrer noopener\"><strong>FIT Am\u00e9rica Latina<\/strong><\/a>&nbsp;que se celebrar\u00e1 del 5 al 8 de octubre en Buenos Aires, Argentina.<\/p>\n\n\n\n<figure class=\"wp-block-image\"><a href=\"https:\/\/trenalasnubes.com.ar\/inicio-es\/\" target=\"_blank\" rel=\"noreferrer noopener\"><img loading=\"lazy\" decoding=\"async\" width=\"800\" height=\"98\" src=\"http:\/\/nubesmgzdigital.com.ar\/wp-content\/uploads\/2019\/09\/tan_magazine-2.gif\" alt=\"\" class=\"wp-image-2370\" \/><\/a><\/figure>\n\n\n\n<p>Considerada una gran vitrina del sector en esta regi\u00f3n, la cita deviene cada a\u00f1o una importante oportunidad para expandir objetivos comerciales en una de las industrias de mayor crecimiento mundial.<\/p>\n\n\n\n<p>Las bellezas de Dominicana, su cultura, su gente, sus tradiciones y sus maravillosas playas resaltar\u00e1n en esta edici\u00f3n del encuentro, a donde llegar\u00e1n representantes de pa\u00edses tan distantes como Jap\u00f3n, China, Indonesia, India, Rusia o Vietnam.<\/p>\n\n\n\n<p>Organizadas en conjunto con la C\u00e1mara Argentina de Turismo, la Secretar\u00eda de Turismo y otras entidades, durante la jornada se realizar\u00e1n adem\u00e1s las Rondas Internacionales de Negocios, mecanismo de intercambio, comercializaci\u00f3n, producci\u00f3n e intereses de mercado.<\/p>\n\n\n\n<p>Adem\u00e1s de las siempre opciones para disfrutar de este pa\u00eds con propuestas que van desde las conocidas Cataratas de Iguaz\u00fa, en Misiones, hasta la distante ciudad de Ushuaia, en la punta m\u00e1s austral, los argentinos tambi\u00e9n podr\u00e1n acceder a paquetes tur\u00edsticos llegados de Cuba, M\u00e9xico, Colombia o de naciones a\u00fan cercanas como Uruguay.<\/p>\n\n\n\n<p>Se espera que, a la feria asistan como cada a\u00f1o, m\u00e1s de 90 mil visitantes entre profesionales del sector y p\u00fablico calificado.<\/p>\n\n\n\n<figure class=\"wp-block-image\"><a href=\"https:\/\/fit.org.ar\/portfolio_page\/fit-2019\/\" target=\"_blank\" rel=\"noreferrer noopener\"><img loading=\"lazy\" decoding=\"async\" width=\"430\" height=\"73\" src=\"http:\/\/nubesmgzdigital.com.ar\/wp-content\/uploads\/2019\/09\/logo-fit.png\" alt=\"\" class=\"wp-image-2526\" srcset=\"https:\/\/nubesmgzdigital.com.ar\/wp-content\/uploads\/2019\/09\/logo-fit.png 430w, https:\/\/nubesmgzdigital.com.ar\/wp-content\/uploads\/2019\/09\/logo-fit-300x51.png 300w\" sizes=\"auto, (max-width: 430px) 100vw, 430px\" \/><\/a><\/figure>\n","protected":false},"excerpt":{"rendered":"<p>Rep\u00fablica Dominicana es el pa\u00eds invitado de honor a la pr\u00f3xima edici\u00f3n de&nbsp;FIT Am\u00e9rica Latina&nbsp;que se celebrar\u00e1 del 5 al 8 de octubre en Buenos Aires, Argentina. Considerada una gran vitrina del sector en esta regi\u00f3n, la cita deviene cada a\u00f1o una importante oportunidad para expandir objetivos comerciales en una de las industrias de mayor [&hellip;]<\/p>\n","protected":false},"author":2,"featured_media":2527,"comment_status":"open","ping_status":"open","sticky":false,"template":"","format":"standard","meta":{"footnotes":""},"categories":[113],"tags":[],"class_list":["post-2525","post","type-post","status-publish","format-standard","has-post-thumbnail","hentry","category-internacional"],"post_mailing_queue_ids":[],"_links":{"self":[{"href":"https:\/\/nubesmgzdigital.com.ar\/index.php\/wp-json\/wp\/v2\/posts\/2525","targetHints":{"allow":["GET"]}}],"collection":[{"href":"https:\/\/nubesmgzdigital.com.ar\/index.php\/wp-json\/wp\/v2\/posts"}],"about":[{"href":"https:\/\/nubesmgzdigital.com.ar\/index.php\/wp-json\/wp\/v2\/types\/post"}],"author":[{"embeddable":true,"href":"https:\/\/nubesmgzdigital.com.ar\/index.php\/wp-json\/wp\/v2\/users\/2"}],"replies":[{"embeddable":true,"href":"https:\/\/nubesmgzdigital.com.ar\/index.php\/wp-json\/wp\/v2\/comments?post=2525"}],"version-history":[{"count":1,"href":"https:\/\/nubesmgzdigital.com.ar\/index.php\/wp-json\/wp\/v2\/posts\/2525\/revisions"}],"predecessor-version":[{"id":2528,"href":"https:\/\/nubesmgzdigital.com.ar\/index.php\/wp-json\/wp\/v2\/posts\/2525\/revisions\/2528"}],"wp:featuredmedia":[{"embeddable":true,"href":"https:\/\/nubesmgzdigital.com.ar\/index.php\/wp-json\/wp\/v2\/media\/2527"}],"wp:attachment":[{"href":"https:\/\/nubesmgzdigital.com.ar\/index.php\/wp-json\/wp\/v2\/media?parent=2525"}],"wp:term":[{"taxonomy":"category","embeddable":true,"href":"https:\/\/nubesmgzdigital.com.ar\/index.php\/wp-json\/wp\/v2\/categories?post=2525"},{"taxonomy":"post_tag","embeddable":true,"href":"https:\/\/nubesmgzdigital.com.ar\/index.php\/wp-json\/wp\/v2\/tags?post=2525"}],"curies":[{"name":"wp","href":"https:\/\/api.w.org\/{rel}","templated":true}]}}