{"id":2630,"date":"2019-10-15T11:22:00","date_gmt":"2019-10-15T14:22:00","guid":{"rendered":"http:\/\/nubesmgzdigital.com.ar\/?p=2630"},"modified":"2019-10-15T11:22:02","modified_gmt":"2019-10-15T14:22:02","slug":"descubre-el-secreto-del-exito-de-mitm-americas-2019","status":"publish","type":"post","link":"https:\/\/nubesmgzdigital.com.ar\/index.php\/2019\/10\/15\/descubre-el-secreto-del-exito-de-mitm-americas-2019\/","title":{"rendered":"Descubre el secreto del \u00e9xito de MITM Am\u00e9ricas 2019"},"content":{"rendered":"\n<p class=\"has-drop-cap\">La feria pionera y m\u00e1s influyente de turismo de congresos y reuniones, MITM Am\u00e9ricas, tiene lugar por segunda ocasi\u00f3n consecutiva en La Habana, esta vez en el emblem\u00e1tico Hotel Nacional, desde este 14 de octubre y hasta el 17.<\/p>\n\n\n\n<figure class=\"wp-block-image\"><a href=\"https:\/\/trenalasnubes.com.ar\/inicio-es\/\" target=\"_blank\" rel=\"noreferrer noopener\"><img loading=\"lazy\" decoding=\"async\" width=\"800\" height=\"98\" src=\"http:\/\/nubesmgzdigital.com.ar\/wp-content\/uploads\/2019\/09\/tan_magazine-2.gif\" alt=\"\" class=\"wp-image-2370\" \/><\/a><\/figure>\n\n\n\n<p>La 23\u00aa edici\u00f3n de MITM Am\u00e9ricas, que celebrar\u00e1 estos d\u00edas el V centenario de la fundaci\u00f3n de La Habana, ya est\u00e1 recibiendo a las m\u00e1s de 350 empresas que se han registrado para participar como&nbsp;<em>hosted buyers<\/em>.<\/p>\n\n\n\n<p>El evento, que se ha consolidado como la cita m\u00e1s importante para los profesionales del turismo de reuniones, congresos y business travel, cuenta con el patrocinio del Ministerio de Turismo de Cuba, Gran Caribe Hotels &amp; Resorts, Hotel Nacional de Cuba, Cubatur e Iberia L\u00edneas A\u00e9reas.<\/p>\n\n\n\n<p>Los participantes de esta edici\u00f3n recibir\u00e1n cursos de capacitaci\u00f3n para profesionales del sector tur\u00edstico impartidos por profesores de la Universidad de Nebrija, MICE Training, la Confederaci\u00f3n de Organizadores de Congresos de Am\u00e9rica Latina (Cocal), y Noun Eventos y Capacitaci\u00f3n Ejecutiva.<\/p>\n\n\n\n<p>Sus organizadores, GSAR Marketing\/MITM Events, han confirmado la asistencia de compradores MICE de m\u00e1s de 54 pa\u00edses: Alemania, Argentina, Australia, Austria, Bolivia, Brasil, Canad\u00e1, Chile, Colombia, Costa Rica, Ecuador, Eslovenia, Espa\u00f1a, Francia, Guatemala, Honduras, Hungr\u00eda, India, Irlanda, Israel, Italia, M\u00e9xico, Nicaragua, Panam\u00e1, Per\u00fa, Polonia, Portugal, Suecia, Suiza, Turqu\u00eda, USA, entre otros y de 8 cadenas hoteleras espa\u00f1olas: Meli\u00e1, Iberostar, Barcel\u00f3, Be Live, Riu, ROC, Evenia y VP Hoteles.<\/p>\n\n\n\n<p>La participaci\u00f3n en la cita incluye curso de &#8220;Especializaci\u00f3n en el segmento de Turismo de Reuniones y Eventos (MICE)&#8221; para profesionales de empresas expositoras e impartido por profesores titulados de la prestigiosa Universidad de Nebrija, COCAL (Confederaci\u00f3n de Organizadores de Congresos de America Latina) y otros profesionales especializados en turismo MICE, dise\u00f1ado para mejorar la competitividad de las empresas del sector.<\/p>\n\n\n\n<p>El M\u00e9todo MITM, utilizado por GSAR Marketing en sus 50 ferias internacionales realizadas en 37 ciudades de 18 pa\u00edses, garantiza una agenda de hasta 30 citas pre-establecidas con compradores TOP MICE internacionales y un productivo programa de\u00a0<em>networking<\/em>\u00a0para establecer alianzas profesionales estrat\u00e9gicas. De todas las empresas registradas solo el 20% son aprobadas para participar, asegurando que solo aquellos compradores con el m\u00e1s alto potencial de negocio son aceptados tras el estricto proceso de selecci\u00f3n.<\/p>\n\n\n\n<p>Fuente: <a href=\"https:\/\/bit.ly\/2nRuzxY\" target=\"_blank\" rel=\"noreferrer noopener\" aria-label=\" (opens in a new tab)\">https:\/\/bit.ly\/2nRuzxY<\/a><\/p>\n","protected":false},"excerpt":{"rendered":"<p>La feria pionera y m\u00e1s influyente de turismo de congresos y reuniones, MITM Am\u00e9ricas, tiene lugar por segunda ocasi\u00f3n consecutiva en La Habana, esta vez en el emblem\u00e1tico Hotel Nacional, desde este 14 de octubre y hasta el 17. La 23\u00aa edici\u00f3n de MITM Am\u00e9ricas, que celebrar\u00e1 estos d\u00edas el V centenario de la fundaci\u00f3n [&hellip;]<\/p>\n","protected":false},"author":2,"featured_media":2631,"comment_status":"open","ping_status":"open","sticky":false,"template":"","format":"standard","meta":{"footnotes":""},"categories":[112,113],"tags":[],"class_list":["post-2630","post","type-post","status-publish","format-standard","has-post-thumbnail","hentry","category-eventos","category-internacional"],"post_mailing_queue_ids":[],"_links":{"self":[{"href":"https:\/\/nubesmgzdigital.com.ar\/index.php\/wp-json\/wp\/v2\/posts\/2630","targetHints":{"allow":["GET"]}}],"collection":[{"href":"https:\/\/nubesmgzdigital.com.ar\/index.php\/wp-json\/wp\/v2\/posts"}],"about":[{"href":"https:\/\/nubesmgzdigital.com.ar\/index.php\/wp-json\/wp\/v2\/types\/post"}],"author":[{"embeddable":true,"href":"https:\/\/nubesmgzdigital.com.ar\/index.php\/wp-json\/wp\/v2\/users\/2"}],"replies":[{"embeddable":true,"href":"https:\/\/nubesmgzdigital.com.ar\/index.php\/wp-json\/wp\/v2\/comments?post=2630"}],"version-history":[{"count":1,"href":"https:\/\/nubesmgzdigital.com.ar\/index.php\/wp-json\/wp\/v2\/posts\/2630\/revisions"}],"predecessor-version":[{"id":2632,"href":"https:\/\/nubesmgzdigital.com.ar\/index.php\/wp-json\/wp\/v2\/posts\/2630\/revisions\/2632"}],"wp:featuredmedia":[{"embeddable":true,"href":"https:\/\/nubesmgzdigital.com.ar\/index.php\/wp-json\/wp\/v2\/media\/2631"}],"wp:attachment":[{"href":"https:\/\/nubesmgzdigital.com.ar\/index.php\/wp-json\/wp\/v2\/media?parent=2630"}],"wp:term":[{"taxonomy":"category","embeddable":true,"href":"https:\/\/nubesmgzdigital.com.ar\/index.php\/wp-json\/wp\/v2\/categories?post=2630"},{"taxonomy":"post_tag","embeddable":true,"href":"https:\/\/nubesmgzdigital.com.ar\/index.php\/wp-json\/wp\/v2\/tags?post=2630"}],"curies":[{"name":"wp","href":"https:\/\/api.w.org\/{rel}","templated":true}]}}