{"id":2989,"date":"2019-12-08T23:51:45","date_gmt":"2019-12-09T02:51:45","guid":{"rendered":"http:\/\/nubesmgzdigital.com.ar\/?p=2989"},"modified":"2020-03-24T23:32:29","modified_gmt":"2020-03-25T02:32:29","slug":"ajo-y-limon-el-duo-perfecto-para-limpiar-las-arterias-y-bajar-el-colesterol","status":"publish","type":"post","link":"https:\/\/nubesmgzdigital.com.ar\/index.php\/2019\/12\/08\/ajo-y-limon-el-duo-perfecto-para-limpiar-las-arterias-y-bajar-el-colesterol\/","title":{"rendered":"Desde nuestro espacio les compartimos v\u00eddeo resumen de las Jornadas de Sostenibilidad en el Camino de Santiago \u2013 V\u00eda de la Plata"},"content":{"rendered":"\n<p class=\"has-drop-cap\">En el video se muestra el recorrido por lugares emblem\u00e1ticos y a veces desconocidos teniendo en cuenta los pasos hist\u00f3ricos del Camino de Santiago <\/p>\n\n\n\n<figure class=\"wp-block-embed-youtube wp-block-embed is-type-video is-provider-youtube wp-embed-aspect-16-9 wp-has-aspect-ratio\"><div class=\"wp-block-embed__wrapper\">\n<iframe loading=\"lazy\"  id=\"_ytid_90213\"  width=\"640\" height=\"360\"  data-origwidth=\"640\" data-origheight=\"360\" src=\"https:\/\/www.youtube.com\/embed\/jofXfxHJBSY?enablejsapi=1&#038;autoplay=0&#038;cc_load_policy=0&#038;cc_lang_pref=&#038;iv_load_policy=1&#038;loop=0&#038;rel=1&#038;fs=1&#038;playsinline=0&#038;autohide=2&#038;theme=dark&#038;color=red&#038;controls=1&#038;disablekb=0&#038;\" class=\"__youtube_prefs__  epyt-is-override  no-lazyload\" title=\"YouTube player\"  allow=\"fullscreen; accelerometer; autoplay; clipboard-write; encrypted-media; gyroscope; picture-in-picture; web-share\" referrerpolicy=\"strict-origin-when-cross-origin\" allowfullscreen data-no-lazy=\"1\" data-skipgform_ajax_framebjll=\"\"><\/iframe>\n<\/div><\/figure>\n\n\n\n<p>Nos cuentan que todo fue posible gracias a las Jornadas de Sostenibilidad en el Camino de Santiago \u2013 V\u00eda de la Plata, la misma fue organizadas por Expourense el pasado mes de noviembre e impulsadas por el programa O teu Xacobeo de la Xunta de Galicia<\/p>\n\n\n\n<p><strong>15 agencias internacionales especializadas en el Camino de Santiago conocieron la V\u00eda de la Plata desde una perspectiva sostenible<\/strong><\/p>\n\n\n\n<p>Dicho evento se encuadra dentro del programa \u201cO Teu Xacobeo\u201d impulsado por la Xunta de Galicia. Las agencias participantes fueron: Woman To Santiago; Marly Camino; Slow Travel; Walk The Camino; Follow the Camino; Viviendo Experiencias; Tempo Vip; Portugal Green Travel; Outmore; Portugal Green Tours; Galicia Holiday; Circuitos Galicia; Turis Norte; Ultreya Tours y Tee Travel y proced\u00edan de Espa\u00f1a, Portugal, Irlanda y Reino Unido. <\/p>\n\n\n\n<p>Estas jornadas, que duraron varios d\u00edas\ncomprendidos entre el 13 y el 15 de noviembre, incluyeron distintas\nexperiencias basadas en la naturaleza, el patrimonio y&nbsp; enogastronom\u00eda que est\u00e1n contribuyendo ahora,\npocos meses despu\u00e9s, a la divulgaci\u00f3n de los atractivos naturales,\npatrimoniales, etnogr\u00e1ficos y gastron\u00f3micos de la V\u00eda de la Plata con el\nobjetivo de incrementar el n\u00famero de visitantes for\u00e1neos en este destino a\ntrav\u00e9s de la prescripci\u00f3n de operadores y otros agentes, tanto nacionales como\nInternacionales.<\/p>\n\n\n\n<p>Entre las actividades de este programa\nse incluy\u00f3 visita a una bodega y cata de vinos del Camino de la Denominaci\u00f3n de\nOrigen Monterrei y la fortaleza Medieval de Monterrei; al Parque Natural del\nInvernadeiro y tambi\u00e9n la visita a un horno tradicional de la&nbsp; I_GP Pan de Cena, as\u00ed como la entrada al\nmonasterio de Oseira. Tambi\u00e9n incluy\u00f3 un recorrido por la capital ourensana\nvisitando As Burgas, la Plaza Mayor.<\/p>\n\n\n\n<p><strong>Conferencia sobre Sostenibilidad\nen la V\u00eda de la Plata<\/strong><\/p>\n\n\n\n<p>Uno de los actos centrales de estas\njornadas fue la Conferencia sobre la Sostenibilidad en la V\u00eda de la Plata en la\nque participaron la directora de la Agencia Gallega de Turismo, Nava Castro, y\nla Asociaci\u00f3n de Amigos de la V\u00eda de la Plata, entre otros. Se celebr\u00f3 en el\nclaustro de los Mercedarios de Ver\u00edn e incluy\u00f3 adem\u00e1s una degustaci\u00f3n de\nproductos&nbsp; enogastr\u00f3nomicos de\nproductores locales. <\/p>\n\n\n\n<p>Estas jornadas&nbsp; concluyeron en Expourense con la celebraci\u00f3n\nde un&nbsp; workshop con reuniones&nbsp; B2 B entre las agencias que participan y\ntodas aquellas empresas que ofrec\u00f1ian&nbsp;\nproductos o servicios especializados en el \u00e1mbito de la V\u00eda de la Plata\nque quisieron apuntarse. &nbsp;<\/p>\n","protected":false},"excerpt":{"rendered":"<p>En el video se muestra el recorrido por lugares emblem\u00e1ticos y a veces desconocidos teniendo en cuenta los pasos hist\u00f3ricos del Camino de Santiago Nos cuentan que todo fue posible gracias a las Jornadas de Sostenibilidad en el Camino de Santiago \u2013 V\u00eda de la Plata, la misma fue organizadas por Expourense el pasado mes [&hellip;]<\/p>\n","protected":false},"author":2,"featured_media":3613,"comment_status":"open","ping_status":"open","sticky":false,"template":"","format":"standard","meta":{"footnotes":""},"categories":[114,130,113,125],"tags":[],"class_list":["post-2989","post","type-post","status-publish","format-standard","has-post-thumbnail","hentry","category-turismo-destinos","category-gourmet","category-internacional","category-salud-bienestar"],"post_mailing_queue_ids":[],"_links":{"self":[{"href":"https:\/\/nubesmgzdigital.com.ar\/index.php\/wp-json\/wp\/v2\/posts\/2989","targetHints":{"allow":["GET"]}}],"collection":[{"href":"https:\/\/nubesmgzdigital.com.ar\/index.php\/wp-json\/wp\/v2\/posts"}],"about":[{"href":"https:\/\/nubesmgzdigital.com.ar\/index.php\/wp-json\/wp\/v2\/types\/post"}],"author":[{"embeddable":true,"href":"https:\/\/nubesmgzdigital.com.ar\/index.php\/wp-json\/wp\/v2\/users\/2"}],"replies":[{"embeddable":true,"href":"https:\/\/nubesmgzdigital.com.ar\/index.php\/wp-json\/wp\/v2\/comments?post=2989"}],"version-history":[{"count":3,"href":"https:\/\/nubesmgzdigital.com.ar\/index.php\/wp-json\/wp\/v2\/posts\/2989\/revisions"}],"predecessor-version":[{"id":3616,"href":"https:\/\/nubesmgzdigital.com.ar\/index.php\/wp-json\/wp\/v2\/posts\/2989\/revisions\/3616"}],"wp:featuredmedia":[{"embeddable":true,"href":"https:\/\/nubesmgzdigital.com.ar\/index.php\/wp-json\/wp\/v2\/media\/3613"}],"wp:attachment":[{"href":"https:\/\/nubesmgzdigital.com.ar\/index.php\/wp-json\/wp\/v2\/media?parent=2989"}],"wp:term":[{"taxonomy":"category","embeddable":true,"href":"https:\/\/nubesmgzdigital.com.ar\/index.php\/wp-json\/wp\/v2\/categories?post=2989"},{"taxonomy":"post_tag","embeddable":true,"href":"https:\/\/nubesmgzdigital.com.ar\/index.php\/wp-json\/wp\/v2\/tags?post=2989"}],"curies":[{"name":"wp","href":"https:\/\/api.w.org\/{rel}","templated":true}]}}