{"id":3062,"date":"2019-12-18T10:19:25","date_gmt":"2019-12-18T13:19:25","guid":{"rendered":"http:\/\/nubesmgzdigital.com.ar\/?p=3062"},"modified":"2019-12-18T10:25:43","modified_gmt":"2019-12-18T13:25:43","slug":"air-europa-deja-de-volar-a-iguazu-y-aumenta-frecuencias-a-cordoba","status":"publish","type":"post","link":"https:\/\/nubesmgzdigital.com.ar\/index.php\/2019\/12\/18\/air-europa-deja-de-volar-a-iguazu-y-aumenta-frecuencias-a-cordoba\/","title":{"rendered":"Air Europa deja de volar a Iguaz\u00fa y aumenta frecuencias a C\u00f3rdoba"},"content":{"rendered":"\n<p class=\"has-drop-cap\">La empresa dar\u00eda de baja el vuelo triangular entre Madrid, Asunci\u00f3n y Puerto Iguaz\u00fa el 26 de abril de 2020, alegando baja ocupaci\u00f3n seg\u00fan sus directivos. La compa\u00f1\u00eda hace un tiempo venia observando el desempe\u00f1o del destino, y la continuidad de la ruta redujo fuertemente sus chances de mantenerse cuando los \u00faltimos n\u00fameros arrojaron un resultado realmente pobre.<\/p>\n\n\n\n<p>De todos modos el vuelo directo a Asunci\u00f3n se mantendr\u00e1 con sus 6 vuelos semanales:&nbsp; tambi\u00e9n su conexi\u00f3n a C\u00f3rdoba, que a ra\u00edz de la baja de Iguaz\u00fa pasar\u00e1 de 4 a 6 vuelos semanales. La empresa indic\u00f3 que la ruta tiene niveles altos de ocupaci\u00f3n y por lo tanto no se encuentra amenazada.<\/p>\n\n\n\n<p>Air Europa est\u00e1 trabajando en un acuerdo de c\u00f3digo compartido para poder seguir ofreciendo Iguaz\u00fa como destino a sus pasajeros a trav\u00e9s de Puerto Iguaz\u00fa y\/o Foz do Iguacu, pero no hay confirmaciones por el momento.<\/p>\n\n\n\n<p>Fuente:<a href=\"https:\/\/bit.ly\/2PzTtNF\" target=\"_blank\" rel=\"noreferrer noopener\" aria-label=\" (opens in a new tab)\">https:\/\/bit.ly\/2PzTtNF<\/a><\/p>\n\n\n\n<figure class=\"wp-block-image size-full https:\/\/trenalasnubes.com.ar\/inicio-es\/\"><a href=\"https:\/\/trenalasnubes.com.ar\/inicio-es\/\" target=\"_blank\" rel=\"noreferrer noopener\"><img loading=\"lazy\" decoding=\"async\" width=\"800\" height=\"98\" src=\"http:\/\/nubesmgzdigital.com.ar\/wp-content\/uploads\/2019\/12\/tan_magazine-2.gif\" alt=\"\" class=\"wp-image-3054\" \/><\/a><\/figure>\n","protected":false},"excerpt":{"rendered":"<p>La empresa dar\u00eda de baja el vuelo triangular entre Madrid, Asunci\u00f3n y Puerto Iguaz\u00fa el 26 de abril de 2020, alegando baja ocupaci\u00f3n seg\u00fan sus directivos. La compa\u00f1\u00eda hace un tiempo venia observando el desempe\u00f1o del destino, y la continuidad de la ruta redujo fuertemente sus chances de mantenerse cuando los \u00faltimos n\u00fameros arrojaron un [&hellip;]<\/p>\n","protected":false},"author":2,"featured_media":3063,"comment_status":"open","ping_status":"open","sticky":false,"template":"","format":"standard","meta":{"footnotes":""},"categories":[116],"tags":[],"class_list":["post-3062","post","type-post","status-publish","format-standard","has-post-thumbnail","hentry","category-aerolineas"],"post_mailing_queue_ids":[],"_links":{"self":[{"href":"https:\/\/nubesmgzdigital.com.ar\/index.php\/wp-json\/wp\/v2\/posts\/3062","targetHints":{"allow":["GET"]}}],"collection":[{"href":"https:\/\/nubesmgzdigital.com.ar\/index.php\/wp-json\/wp\/v2\/posts"}],"about":[{"href":"https:\/\/nubesmgzdigital.com.ar\/index.php\/wp-json\/wp\/v2\/types\/post"}],"author":[{"embeddable":true,"href":"https:\/\/nubesmgzdigital.com.ar\/index.php\/wp-json\/wp\/v2\/users\/2"}],"replies":[{"embeddable":true,"href":"https:\/\/nubesmgzdigital.com.ar\/index.php\/wp-json\/wp\/v2\/comments?post=3062"}],"version-history":[{"count":3,"href":"https:\/\/nubesmgzdigital.com.ar\/index.php\/wp-json\/wp\/v2\/posts\/3062\/revisions"}],"predecessor-version":[{"id":3068,"href":"https:\/\/nubesmgzdigital.com.ar\/index.php\/wp-json\/wp\/v2\/posts\/3062\/revisions\/3068"}],"wp:featuredmedia":[{"embeddable":true,"href":"https:\/\/nubesmgzdigital.com.ar\/index.php\/wp-json\/wp\/v2\/media\/3063"}],"wp:attachment":[{"href":"https:\/\/nubesmgzdigital.com.ar\/index.php\/wp-json\/wp\/v2\/media?parent=3062"}],"wp:term":[{"taxonomy":"category","embeddable":true,"href":"https:\/\/nubesmgzdigital.com.ar\/index.php\/wp-json\/wp\/v2\/categories?post=3062"},{"taxonomy":"post_tag","embeddable":true,"href":"https:\/\/nubesmgzdigital.com.ar\/index.php\/wp-json\/wp\/v2\/tags?post=3062"}],"curies":[{"name":"wp","href":"https:\/\/api.w.org\/{rel}","templated":true}]}}