{"id":3177,"date":"2020-01-10T13:29:37","date_gmt":"2020-01-10T16:29:37","guid":{"rendered":"http:\/\/nubesmgzdigital.com.ar\/?p=3177"},"modified":"2020-01-10T13:29:39","modified_gmt":"2020-01-10T16:29:39","slug":"peru-destaca-en-latinoamerica-por-medidas-de-adaptacion-al-cambio-climatico","status":"publish","type":"post","link":"https:\/\/nubesmgzdigital.com.ar\/index.php\/2020\/01\/10\/peru-destaca-en-latinoamerica-por-medidas-de-adaptacion-al-cambio-climatico\/","title":{"rendered":"Per\u00fa destaca en Latinoam\u00e9rica por medidas de adaptaci\u00f3n al Cambio Clim\u00e1tico"},"content":{"rendered":"\n<p>Per\u00fa ser\u00e1 pionero en Latinoam\u00e9rica en el monitoreo de bosques para medir el impacto del Cambio Clim\u00e1tico y esa es una de las 91 medidas de adaptaci\u00f3n que se pondr\u00e1 en marcha en las \u00e1reas naturales protegidas de ocho regiones del pa\u00eds, seg\u00fan anunci\u00f3 el viceministro de Desarrollo Estrat\u00e9gico de los Recursos Naturales del Ministerio del Ambiente (Minam), Gabriel Quijandr\u00eda en el espacio participativo \u201cDialoguemos\u201d.<\/p>\n\n\n\n<p>Explic\u00f3 el funcionario, que esta medida ampl\u00eda la mirada sobre los bosques y su protecci\u00f3n, debido a su rol como proveedores de resiliencia.<\/p>\n\n\n\n<p>La medida puede brindar informaci\u00f3n valiosa para la adaptaci\u00f3n al cambio clim\u00e1tico en disponibilidad de agua y recursos vinculados al bosque, entre otros. El lanzamiento de esta medida, por tanto, incluye al bosque como elemento importante y lo destaca como un pilar fundamental para la generaci\u00f3n de bienestar en las personas a largo plazo.<\/p>\n\n\n\n<p>Tambi\u00e9n Pedro Gamboa, jefe del Servicio Nacional de \u00c1reas Protegidas por el Estado (Sernanp), enfatiz\u00f3 que el objetivo del sistema de monitoreo es generar informaci\u00f3n cient\u00edfica que de cuenta del impacto del cambio clim\u00e1tico en los bosques.<\/p>\n\n\n\n<p>En su opini\u00f3n, ello permitir\u00e1 la toma de decisiones informadas por parte de las autoridades nacionales, regionales y locales para as\u00ed aumentar la capacidad de conservaci\u00f3n del ecosistema y la adaptaci\u00f3n de la poblaci\u00f3n ante el cambio clim\u00e1tico.<\/p>\n\n\n\n<p>\u201cContar hoy con la participaci\u00f3n de autoridades de organismos p\u00fablicos descentralizados es una forma de manifestar la importancia que tiene la lucha frente al cambio clim\u00e1tico para el Estado. Asimismo, la participaci\u00f3n activa de los representantes de la sociedad civil, particularmente la academia, ser\u00e1 clave para hacer de esta medida una oportunidad que aporte al desarrollo sostenible\u201d, afirm\u00f3 Gamboa.<\/p>\n\n\n\n<p>El cambio clim\u00e1tico es un problema generalizado que todas las naciones deber\u00e1n enfrentar y Per\u00fa es ejemplo en Latinoam\u00e9rica, al implementar numerosas medidas para la adaptaci\u00f3n a este fen\u00f3meno. Ahora, avanza a paso firme en la implementaci\u00f3n de un compromiso clim\u00e1tico que aportar\u00e1 al desarrollo sostenible.<\/p>\n\n\n\n<figure class=\"wp-block-image size-large\"><a href=\"https:\/\/trenalasnubes.com.ar\/inicio-es\/\" target=\"_blank\" rel=\"noreferrer noopener\"><img loading=\"lazy\" decoding=\"async\" width=\"800\" height=\"98\" src=\"http:\/\/nubesmgzdigital.com.ar\/wp-content\/uploads\/2019\/12\/tan_magazine-2.gif\" alt=\"\" class=\"wp-image-3054\" \/><\/a><\/figure>\n\n\n\n<p>Fuente:<a href=\"https:\/\/bit.ly\/37XDiAa\" target=\"_blank\" rel=\"noreferrer noopener\" aria-label=\" (opens in a new tab)\">https:\/\/bit.ly\/37XDiAa<\/a><\/p>\n","protected":false},"excerpt":{"rendered":"<p>Per\u00fa ser\u00e1 pionero en Latinoam\u00e9rica en el monitoreo de bosques para medir el impacto del Cambio Clim\u00e1tico y esa es una de las 91 medidas de adaptaci\u00f3n que se pondr\u00e1 en marcha en las \u00e1reas naturales protegidas de ocho regiones del pa\u00eds, seg\u00fan anunci\u00f3 el viceministro de Desarrollo Estrat\u00e9gico de los Recursos Naturales del Ministerio [&hellip;]<\/p>\n","protected":false},"author":2,"featured_media":3178,"comment_status":"open","ping_status":"open","sticky":false,"template":"","format":"standard","meta":{"footnotes":""},"categories":[138],"tags":[],"class_list":["post-3177","post","type-post","status-publish","format-standard","has-post-thumbnail","hentry","category-medio-ambiente"],"post_mailing_queue_ids":[],"_links":{"self":[{"href":"https:\/\/nubesmgzdigital.com.ar\/index.php\/wp-json\/wp\/v2\/posts\/3177","targetHints":{"allow":["GET"]}}],"collection":[{"href":"https:\/\/nubesmgzdigital.com.ar\/index.php\/wp-json\/wp\/v2\/posts"}],"about":[{"href":"https:\/\/nubesmgzdigital.com.ar\/index.php\/wp-json\/wp\/v2\/types\/post"}],"author":[{"embeddable":true,"href":"https:\/\/nubesmgzdigital.com.ar\/index.php\/wp-json\/wp\/v2\/users\/2"}],"replies":[{"embeddable":true,"href":"https:\/\/nubesmgzdigital.com.ar\/index.php\/wp-json\/wp\/v2\/comments?post=3177"}],"version-history":[{"count":1,"href":"https:\/\/nubesmgzdigital.com.ar\/index.php\/wp-json\/wp\/v2\/posts\/3177\/revisions"}],"predecessor-version":[{"id":3179,"href":"https:\/\/nubesmgzdigital.com.ar\/index.php\/wp-json\/wp\/v2\/posts\/3177\/revisions\/3179"}],"wp:featuredmedia":[{"embeddable":true,"href":"https:\/\/nubesmgzdigital.com.ar\/index.php\/wp-json\/wp\/v2\/media\/3178"}],"wp:attachment":[{"href":"https:\/\/nubesmgzdigital.com.ar\/index.php\/wp-json\/wp\/v2\/media?parent=3177"}],"wp:term":[{"taxonomy":"category","embeddable":true,"href":"https:\/\/nubesmgzdigital.com.ar\/index.php\/wp-json\/wp\/v2\/categories?post=3177"},{"taxonomy":"post_tag","embeddable":true,"href":"https:\/\/nubesmgzdigital.com.ar\/index.php\/wp-json\/wp\/v2\/tags?post=3177"}],"curies":[{"name":"wp","href":"https:\/\/api.w.org\/{rel}","templated":true}]}}