{"id":3181,"date":"2020-01-11T16:26:49","date_gmt":"2020-01-11T19:26:49","guid":{"rendered":"http:\/\/nubesmgzdigital.com.ar\/?p=3181"},"modified":"2020-01-11T16:31:08","modified_gmt":"2020-01-11T19:31:08","slug":"maratonica-recepcion-a-los-primeros-turistas-del-verano-2020-en-salta","status":"publish","type":"post","link":"https:\/\/nubesmgzdigital.com.ar\/index.php\/2020\/01\/11\/maratonica-recepcion-a-los-primeros-turistas-del-verano-2020-en-salta\/","title":{"rendered":"Marat\u00f3nica recepci\u00f3n a los primeros turistas del verano 2020 en Salta"},"content":{"rendered":"\n<p><strong><em>En distintos puntos de la provincia, autoridades del Ministerio de Turismo y Deportes, intendentes y referentes del sector tur\u00edstico agasajaron a los primeros turistas de la temporada.<\/em><\/strong><\/p>\n\n\n\n<figure class=\"wp-block-embed-youtube alignright wp-block-embed is-type-video is-provider-youtube wp-embed-aspect-16-9 wp-has-aspect-ratio\"><div class=\"wp-block-embed__wrapper\">\n<iframe loading=\"lazy\"  id=\"_ytid_68086\"  width=\"640\" height=\"360\"  data-origwidth=\"640\" data-origheight=\"360\" src=\"https:\/\/www.youtube.com\/embed\/JTf6krl1l9Q?enablejsapi=1&#038;autoplay=0&#038;cc_load_policy=0&#038;cc_lang_pref=&#038;iv_load_policy=1&#038;loop=0&#038;rel=1&#038;fs=1&#038;playsinline=0&#038;autohide=2&#038;theme=dark&#038;color=red&#038;controls=1&#038;disablekb=0&#038;\" class=\"__youtube_prefs__  epyt-is-override  no-lazyload\" title=\"YouTube player\"  allow=\"fullscreen; accelerometer; autoplay; clipboard-write; encrypted-media; gyroscope; picture-in-picture; web-share\" referrerpolicy=\"strict-origin-when-cross-origin\" allowfullscreen data-no-lazy=\"1\" data-skipgform_ajax_framebjll=\"\"><\/iframe>\n<\/div><\/figure>\n\n\n\n<p class=\"has-drop-cap\">Junto a intendentes y referentes de c\u00e1maras y asociaciones del sector tur\u00edstico, el ministro de Turismo y Deportes, Mario Pe\u00f1a, particip\u00f3 en las recepciones a los primeros turistas que llegaron a La Caldera, Vaqueros, San Lorenzo, Campo Quijano, Coronel Moldes y La Vi\u00f1a para disfrutar del verano salte\u00f1o.<\/p>\n\n\n\n<p>&#8220;Decidimos ir a recibirlos a distintas localidades para continuar con la pol\u00edtica de integraci\u00f3n de todos los municipios en materia de deportes y turismo&#8221;, asegur\u00f3 Pe\u00f1a agregando que &#8220;solo con un trabajo mancomunado entre sector privado, gobierno provincial y los intendentes con sus equipos, podremos lograr crecer a\u00fan m\u00e1s en la elecci\u00f3n de Salta como uno de los destinos favoritos para argentinos y extranjeros&#8221;.<\/p>\n\n\n\n<p>As\u00ed fue que, en una c\u00e1lida y colorida recepci\u00f3n, Gumercinda Colque y Gustavo y Luciana Ventimiglia, ambos de Rosario de Santa Fe, recibieron sus presentes en La Caldera en tanto David S\u00e1nchez y Yoseli Sandoval junto a sus hijas que visitaron Salta desde Tigre, provincia de Buenos Aires, fueron agasajados en la localidad de Vaqueros.<\/p>\n\n\n\n<p>En tanto en el municipio de San Lorenzo, los primeros turistas fueron la familia Guarde Ram\u00edrez de Roque S\u00e1enz Pe\u00f1a, provincia de Chaco, quienes recibieron un reconocimiento especial y distintos obsequios.<\/p>\n\n\n\n<p>Lo mismo ocurri\u00f3 en Campo Quijano con la familia Choque provenientes de Tierra del Fuego, en Coronel Moldes con Rodrigo Mart\u00ednez y Daniela Giles; y en el municipio de La Vi\u00f1a con Roberto Di Pablo y Guillermina Olea de Tucum\u00e1n.<\/p>\n\n\n\n<p>Por otra parte, la secretaria de Turismo Nadia Loza, estuvo presente en los actos de agasajo en el municipio de Chicoana y en Cachi mientras que la subsecretaria de Desarrollo y Competitividad Tur\u00edstica Sof\u00eda Sierra represent\u00f3 al Ministerio de Turismo y Deportes en Rosario de la Frontera.<\/p>\n\n\n\n<p>Pierre y Cathy Viapeau provenientes de Paris fueron agasajados en la localidad de Chicoana en tanto Cachi recibi\u00f3 a Roberto Vargas de Campo Santo, a Ricardo Garc\u00eda de Buenos Aires y a N\u00e9stor Ance de Neuqu\u00e9n.<\/p>\n\n\n\n<p>Asimismo, en la localidad de Rosario de la Frontera los primeros turistas del Verano 2020 fueron la familia Dapr\u00e1 de Buenos Aires, el matrimonio Segura junto a sus hijos de Chile, la familia Vidal de Misiones y los Leal Adamczyck de Polonia.<\/p>\n\n\n\n<p>En cada recepci\u00f3n, se entreg\u00f3 a los visitantes distintos obsequio, como dulces y vinos artesanales, vouchers de alojamiento, excursiones y entradas a museos y artesan\u00edas; material promocional de los diversos circuitos tur\u00edsticos de la provincia y el calendario de verano organizado por Ministerio de Turismo y Deportes en conjunto con los municipios.<\/p>\n\n\n\n<p>Adem\u00e1s, en Chicoana los visitantes aprendieron a hacer tamales de la mano de Rosa Morales de D\u00edaz y en cada localidad pudieron disfrutar de degustaciones de comidas regionales y de m\u00fasica y danzas folcl\u00f3ricas, coplas y comparsas.<\/p>\n\n\n\n<p>Cabe mencionar que durante las distintas recepciones tambi\u00e9n estuvieron presentes en el caso de la localidad de Chicoana su intendente, Esteban Ivetich; en San Lorenzo su intendente, Manuel Saravia; en Vaqueros la senadora Silvina Abiles; en Campo Quijano su intendente Carlos Folloni; en La Caldera su intendente, Diego Sumbay; en Cachi su intendente, Am\u00e9rico Liendro; en Coronel Moldes su intendente, Omar Carrasco; en La Vi\u00f1a, su intendente Elizabeth S\u00e1nchez y en Rosario de la Frontera el senador provincial, Javier Monico y otras autoridades locales.<\/p>\n\n\n\n<figure class=\"wp-block-image size-large\"><a href=\"https:\/\/trenalasnubes.com.ar\/inicio-es\/\" target=\"_blank\" rel=\"noreferrer noopener\"><img loading=\"lazy\" decoding=\"async\" width=\"800\" height=\"98\" src=\"http:\/\/nubesmgzdigital.com.ar\/wp-content\/uploads\/2019\/12\/tan_magazine-2.gif\" alt=\"\" class=\"wp-image-3054\" \/><\/a><\/figure>\n","protected":false},"excerpt":{"rendered":"<p>En distintos puntos de la provincia, autoridades del Ministerio de Turismo y Deportes, intendentes y referentes del sector tur\u00edstico agasajaron a los primeros turistas de la temporada. Junto a intendentes y referentes de c\u00e1maras y asociaciones del sector tur\u00edstico, el ministro de Turismo y Deportes, Mario Pe\u00f1a, particip\u00f3 en las recepciones a los primeros turistas [&hellip;]<\/p>\n","protected":false},"author":2,"featured_media":3184,"comment_status":"open","ping_status":"open","sticky":false,"template":"","format":"standard","meta":{"footnotes":""},"categories":[110],"tags":[],"class_list":["post-3181","post","type-post","status-publish","format-standard","has-post-thumbnail","hentry","category-regional"],"post_mailing_queue_ids":[],"_links":{"self":[{"href":"https:\/\/nubesmgzdigital.com.ar\/index.php\/wp-json\/wp\/v2\/posts\/3181","targetHints":{"allow":["GET"]}}],"collection":[{"href":"https:\/\/nubesmgzdigital.com.ar\/index.php\/wp-json\/wp\/v2\/posts"}],"about":[{"href":"https:\/\/nubesmgzdigital.com.ar\/index.php\/wp-json\/wp\/v2\/types\/post"}],"author":[{"embeddable":true,"href":"https:\/\/nubesmgzdigital.com.ar\/index.php\/wp-json\/wp\/v2\/users\/2"}],"replies":[{"embeddable":true,"href":"https:\/\/nubesmgzdigital.com.ar\/index.php\/wp-json\/wp\/v2\/comments?post=3181"}],"version-history":[{"count":1,"href":"https:\/\/nubesmgzdigital.com.ar\/index.php\/wp-json\/wp\/v2\/posts\/3181\/revisions"}],"predecessor-version":[{"id":3183,"href":"https:\/\/nubesmgzdigital.com.ar\/index.php\/wp-json\/wp\/v2\/posts\/3181\/revisions\/3183"}],"wp:featuredmedia":[{"embeddable":true,"href":"https:\/\/nubesmgzdigital.com.ar\/index.php\/wp-json\/wp\/v2\/media\/3184"}],"wp:attachment":[{"href":"https:\/\/nubesmgzdigital.com.ar\/index.php\/wp-json\/wp\/v2\/media?parent=3181"}],"wp:term":[{"taxonomy":"category","embeddable":true,"href":"https:\/\/nubesmgzdigital.com.ar\/index.php\/wp-json\/wp\/v2\/categories?post=3181"},{"taxonomy":"post_tag","embeddable":true,"href":"https:\/\/nubesmgzdigital.com.ar\/index.php\/wp-json\/wp\/v2\/tags?post=3181"}],"curies":[{"name":"wp","href":"https:\/\/api.w.org\/{rel}","templated":true}]}}