{"id":3188,"date":"2020-01-13T10:10:26","date_gmt":"2020-01-13T13:10:26","guid":{"rendered":"http:\/\/nubesmgzdigital.com.ar\/?p=3188"},"modified":"2020-01-13T10:12:54","modified_gmt":"2020-01-13T13:12:54","slug":"cordoba-comenzo-el-ano-con-un-buen-movimiento-turistico","status":"publish","type":"post","link":"https:\/\/nubesmgzdigital.com.ar\/index.php\/2020\/01\/13\/cordoba-comenzo-el-ano-con-un-buen-movimiento-turistico\/","title":{"rendered":"C\u00f3rdoba comenz\u00f3 el a\u00f1o con un buen movimiento tur\u00edstico"},"content":{"rendered":"\n<p><strong>Con un buen movimiento tur\u00edstico, comenz\u00f3 enero en C\u00f3rdoba<\/strong>&nbsp;<\/p>\n\n\n\n<p>Durante el fin de semana que pas\u00f3 las sierras mostraron postales de pleno verano, con altos \u00edndices de ocupaci\u00f3n.<\/p>\n\n\n\n<p>Para este fin de semana que comienza la mayor\u00eda de las localidades tur\u00edsticas ya registran el 70% de reservas de alojamiento.&nbsp;<br>Seg\u00fan los datos aportados por los municipios en los distintos valles se espera superar ese porcentaje, ya que son muchos los turistas que vienen sin reservas. Las consultas, por su parte, son numerosas lo que augura que enero en C\u00f3rdoba ser\u00e1 un mes con gran movimiento tur\u00edstico. De acuerdo a lo relevado esta es la informaci\u00f3n.&nbsp;<br><\/p>\n\n\n\n<p>En el Valle de Punilla, zona que posee el 43% de las plazas de toda la provincia, la ciudad de Villa Carlos Paz tiene reservas por el 65%, en tanto La Falda el 77% y Capilla del Monte un 60%. Adem\u00e1s, en la C\u00f3rdoba norte\u00f1a, Jes\u00fas Mar\u00eda con el Festival de Doma y Folklore que comienza este viernes 10 de enero registra un 90% de reservas y espera colmar su capacidad.&nbsp;<\/p>\n\n\n\n<p>Por su parte, la zona del Valle de Calamuchita mostr\u00f3 estas referencias en el nivel de reservas para el pr\u00f3ximo fin de semana; Santa Rosa 83%, Villa General Belgrano lleg\u00f3 al 76%, Villa Rumipal el 85% y Embalse 73%.&nbsp;<br><\/p>\n\n\n\n<p>En el Valle de Traslasierra, su ciudad emblem\u00e1tica, Mina Clavero tiene reservadas el&nbsp; 82 % de sus plazas y Nono el 75%. En la zona de Paravachasca, la ciudad de Alta Gracia promedia el 60%, mientras que en Sierras Chicas R\u00edo Ceballos ya tiene el 73% de sus plazas reservadas.&nbsp;<br><\/p>\n\n\n\n<p>Finalmente, en Miramar las reservas son de un 75 % y en la Ciudad de C\u00f3rdoba registra reservas de acuerdo a lo esperado para estas fechas estivales.&nbsp;<br><\/p>\n\n\n\n<p>C\u00f3rdoba posee una larga tradici\u00f3n y una gran variedad de festivales y fiestas populares a lo largo de todo su territorio y este fin de semana las opciones son m\u00faltiples.&nbsp;<br>El festival de Doma y Folclore de Jes\u00fas Mar\u00eda, el Campeonato Argentino de Aguas Abiertas de Villa Rumipal, la Fiesta Nacional del Olivo en Cruz del Eje, el Festival del Folklore en el Agua en Villa del Rosario, la Fiesta Provincial del Turismo en Achiras, la Remada Nocturna en Embalse, el Sommerfest 2020 de Villa General Belgrano, son algunas de las opciones que comienzan este fin de semana. A lo que se suma la cartelera teatral de Villa Carlos Paz con obras para todos los p\u00fablicos&nbsp;<br><\/p>\n\n\n\n<p>La amplia oferta de servicios tur\u00edsticos, los paisajes y el calendario de eventos gastron\u00f3micos, culturales y tradicionales hacen que C\u00f3rdoba sea una gran opci\u00f3n para este verano. Cada uno de estos eventos muestran la identidad de cada pueblo, enriquecen el patrimonio cultural y se han convertido en uno de los atractivos de la oferta tur\u00edstica cordobesa.<\/p>\n\n\n\n<figure class=\"wp-block-image size-large\"><a href=\"https:\/\/trenalasnubes.com.ar\/inicio-es\/\" target=\"_blank\" rel=\"noreferrer noopener\"><img loading=\"lazy\" decoding=\"async\" width=\"800\" height=\"98\" src=\"http:\/\/nubesmgzdigital.com.ar\/wp-content\/uploads\/2019\/12\/tan_magazine-2.gif\" alt=\"\" class=\"wp-image-3054\" \/><\/a><\/figure>\n","protected":false},"excerpt":{"rendered":"<p>Con un buen movimiento tur\u00edstico, comenz\u00f3 enero en C\u00f3rdoba&nbsp; Durante el fin de semana que pas\u00f3 las sierras mostraron postales de pleno verano, con altos \u00edndices de ocupaci\u00f3n. Para este fin de semana que comienza la mayor\u00eda de las localidades tur\u00edsticas ya registran el 70% de reservas de alojamiento.&nbsp;Seg\u00fan los datos aportados por los municipios [&hellip;]<\/p>\n","protected":false},"author":2,"featured_media":3191,"comment_status":"open","ping_status":"open","sticky":false,"template":"","format":"standard","meta":{"footnotes":""},"categories":[135],"tags":[],"class_list":["post-3188","post","type-post","status-publish","format-standard","has-post-thumbnail","hentry","category-region-pampeana"],"post_mailing_queue_ids":[],"_links":{"self":[{"href":"https:\/\/nubesmgzdigital.com.ar\/index.php\/wp-json\/wp\/v2\/posts\/3188","targetHints":{"allow":["GET"]}}],"collection":[{"href":"https:\/\/nubesmgzdigital.com.ar\/index.php\/wp-json\/wp\/v2\/posts"}],"about":[{"href":"https:\/\/nubesmgzdigital.com.ar\/index.php\/wp-json\/wp\/v2\/types\/post"}],"author":[{"embeddable":true,"href":"https:\/\/nubesmgzdigital.com.ar\/index.php\/wp-json\/wp\/v2\/users\/2"}],"replies":[{"embeddable":true,"href":"https:\/\/nubesmgzdigital.com.ar\/index.php\/wp-json\/wp\/v2\/comments?post=3188"}],"version-history":[{"count":2,"href":"https:\/\/nubesmgzdigital.com.ar\/index.php\/wp-json\/wp\/v2\/posts\/3188\/revisions"}],"predecessor-version":[{"id":3192,"href":"https:\/\/nubesmgzdigital.com.ar\/index.php\/wp-json\/wp\/v2\/posts\/3188\/revisions\/3192"}],"wp:featuredmedia":[{"embeddable":true,"href":"https:\/\/nubesmgzdigital.com.ar\/index.php\/wp-json\/wp\/v2\/media\/3191"}],"wp:attachment":[{"href":"https:\/\/nubesmgzdigital.com.ar\/index.php\/wp-json\/wp\/v2\/media?parent=3188"}],"wp:term":[{"taxonomy":"category","embeddable":true,"href":"https:\/\/nubesmgzdigital.com.ar\/index.php\/wp-json\/wp\/v2\/categories?post=3188"},{"taxonomy":"post_tag","embeddable":true,"href":"https:\/\/nubesmgzdigital.com.ar\/index.php\/wp-json\/wp\/v2\/tags?post=3188"}],"curies":[{"name":"wp","href":"https:\/\/api.w.org\/{rel}","templated":true}]}}