{"id":3216,"date":"2020-01-16T11:06:49","date_gmt":"2020-01-16T14:06:49","guid":{"rendered":"http:\/\/nubesmgzdigital.com.ar\/?p=3216"},"modified":"2020-01-16T11:06:51","modified_gmt":"2020-01-16T14:06:51","slug":"presentaran-una-nueva-edicion-de-la-serenata-a-cafayate","status":"publish","type":"post","link":"https:\/\/nubesmgzdigital.com.ar\/index.php\/2020\/01\/16\/presentaran-una-nueva-edicion-de-la-serenata-a-cafayate\/","title":{"rendered":"Presentar\u00e1n una nueva edici\u00f3n de la Serenata a Cafayate"},"content":{"rendered":"\n<p class=\"has-drop-cap\">Los detalles se brindar\u00e1n hoy a las 10,30 en la Usina Cultural, en conferencia de prensa donde participar\u00e1n autoridades provinciales, municipales y miembros de la comisi\u00f3n organizadora.<\/p>\n\n\n\n<p>La tradicional Serenata a Cafayate se realizar\u00e1 desde el 20 al 22 de febrero en el predio de la Bodega Encantada.<\/p>\n\n\n\n<p>En esta nueva edici\u00f3n, el festival contar\u00e1 con una cartelera de artistas de primer nivel entre los que se destacan El Chaque\u00f1o Palavecino, Los Tekis, Sergio Galleguillo, Juan Fuentes y Marcela Ceballos, entre otros.&nbsp;<\/p>\n\n\n\n<p>En la presentaci\u00f3n, que tendr\u00e1 lugar hoy en la Usina Cultural, autoridades de Cafayate y organizadores brindar\u00e1n detalles sobre la cartelera de artistas y las actividades programadas para esos d\u00edas en la localidad vallista.<br><br>Estar\u00e1 presente el ministro de Turismo y Deportes, Mario Pe\u00f1a, quien destaca &#8220;el trabajo conjunto con los municipios para tener un calendario de verano para todos los gustos de salte\u00f1os y turistas&#8221;.<\/p>\n\n\n\n<figure class=\"wp-block-image size-large\"><a href=\"https:\/\/trenalasnubes.com.ar\/inicio-es\/\" target=\"_blank\" rel=\"noreferrer noopener\"><img loading=\"lazy\" decoding=\"async\" width=\"800\" height=\"98\" src=\"http:\/\/nubesmgzdigital.com.ar\/wp-content\/uploads\/2019\/12\/tan_magazine-2.gif\" alt=\"\" class=\"wp-image-3054\" \/><\/a><\/figure>\n","protected":false},"excerpt":{"rendered":"<p>Los detalles se brindar\u00e1n hoy a las 10,30 en la Usina Cultural, en conferencia de prensa donde participar\u00e1n autoridades provinciales, municipales y miembros de la comisi\u00f3n organizadora. La tradicional Serenata a Cafayate se realizar\u00e1 desde el 20 al 22 de febrero en el predio de la Bodega Encantada. En esta nueva edici\u00f3n, el festival contar\u00e1 [&hellip;]<\/p>\n","protected":false},"author":2,"featured_media":3217,"comment_status":"open","ping_status":"open","sticky":false,"template":"","format":"standard","meta":{"footnotes":""},"categories":[112],"tags":[],"class_list":["post-3216","post","type-post","status-publish","format-standard","has-post-thumbnail","hentry","category-eventos"],"post_mailing_queue_ids":[],"_links":{"self":[{"href":"https:\/\/nubesmgzdigital.com.ar\/index.php\/wp-json\/wp\/v2\/posts\/3216","targetHints":{"allow":["GET"]}}],"collection":[{"href":"https:\/\/nubesmgzdigital.com.ar\/index.php\/wp-json\/wp\/v2\/posts"}],"about":[{"href":"https:\/\/nubesmgzdigital.com.ar\/index.php\/wp-json\/wp\/v2\/types\/post"}],"author":[{"embeddable":true,"href":"https:\/\/nubesmgzdigital.com.ar\/index.php\/wp-json\/wp\/v2\/users\/2"}],"replies":[{"embeddable":true,"href":"https:\/\/nubesmgzdigital.com.ar\/index.php\/wp-json\/wp\/v2\/comments?post=3216"}],"version-history":[{"count":1,"href":"https:\/\/nubesmgzdigital.com.ar\/index.php\/wp-json\/wp\/v2\/posts\/3216\/revisions"}],"predecessor-version":[{"id":3218,"href":"https:\/\/nubesmgzdigital.com.ar\/index.php\/wp-json\/wp\/v2\/posts\/3216\/revisions\/3218"}],"wp:featuredmedia":[{"embeddable":true,"href":"https:\/\/nubesmgzdigital.com.ar\/index.php\/wp-json\/wp\/v2\/media\/3217"}],"wp:attachment":[{"href":"https:\/\/nubesmgzdigital.com.ar\/index.php\/wp-json\/wp\/v2\/media?parent=3216"}],"wp:term":[{"taxonomy":"category","embeddable":true,"href":"https:\/\/nubesmgzdigital.com.ar\/index.php\/wp-json\/wp\/v2\/categories?post=3216"},{"taxonomy":"post_tag","embeddable":true,"href":"https:\/\/nubesmgzdigital.com.ar\/index.php\/wp-json\/wp\/v2\/tags?post=3216"}],"curies":[{"name":"wp","href":"https:\/\/api.w.org\/{rel}","templated":true}]}}