{"id":3302,"date":"2020-02-05T17:49:07","date_gmt":"2020-02-05T20:49:07","guid":{"rendered":"http:\/\/nubesmgzdigital.com.ar\/?p=3302"},"modified":"2020-02-05T17:49:09","modified_gmt":"2020-02-05T20:49:09","slug":"reuniones-con-los-gobernadores-de-tucuman-y-tierra-del-fuego","status":"publish","type":"post","link":"https:\/\/nubesmgzdigital.com.ar\/index.php\/2020\/02\/05\/reuniones-con-los-gobernadores-de-tucuman-y-tierra-del-fuego\/","title":{"rendered":"Reuniones con los gobernadores de Tucum\u00e1n y Tierra del Fuego"},"content":{"rendered":"\n<h5 class=\"wp-block-heading\">El ministro de Turismo y Deportes, Mat\u00edas Lammens, y la secretaria de Deportes, In\u00e9s Arrondo, se reunieron con el gobernador de la provincia de Tucum\u00e1n, Juan Manzur. Tras el encuentro, Lammens recibi\u00f3 al gobernador de Tierra del Fuego, Gustavo Melella. <\/h5>\n\n\n\n<p>&#8220;Vamos a trabajar en conjunto con las provincias en los grandes desaf\u00edos que tenemos para mejorar la conectividad y ampliar la infraestructura en todas las regiones del pa\u00eds\u201d, declar\u00f3 Lammens luego de la audiencia.<\/p>\n\n\n\n<p>Por su parte, el gobernador de Tucum\u00e1n manifest\u00f3: \u201cHemos conversado sobre la temporada de verano que fue un \u00e9xito en nuestra provincia. Queremos impulsar acciones que tengan que ver con mejorar toda la infraestructura, la existente y la nueva hoster\u00eda para Famaill\u00e1\u201d.<\/p>\n\n\n\n<p>Finalmente, el gobernador de Tierra del Fuego asegur\u00f3 que \u201cla promoci\u00f3n tur\u00edstica y la conectividad a\u00e9rea con los distintos lugares de nuestro pa\u00eds y del exterior son claves para potenciar un destino como Tierra del Fuego\u201d.<\/p>\n\n\n\n<figure class=\"wp-block-image size-large\"><img decoding=\"async\" src=\"https:\/\/www.argentina.gob.ar\/sites\/default\/files\/lammens_tdf_turismoydeportes.jpeg\" alt=\"\" \/><\/figure>\n\n\n\n<p>En l\u00ednea con la gran temporada de verano que est\u00e1 teniendo la Argentina, Tierra del Fuego y Tucum\u00e1n vivieron un gran enero.<\/p>\n\n\n\n<p>Ushuaia tuvo un crecimiento de visitantes de un 8 por ciento durante el primer mes del a\u00f1o, con 15 por ciento m\u00e1s de turistas argentinos, lo que representa la mejor temporada en los \u00faltimos cuatro a\u00f1os.<\/p>\n\n\n\n<p>En tanto, en Taf\u00ed del Valle hubo una ocupaci\u00f3n superior al 93 por ciento, lo que implica un aumento de 30 puntos porcentuales en comparaci\u00f3n con 2019.<\/p>\n\n\n\n<figure class=\"wp-block-image size-large\"><img loading=\"lazy\" decoding=\"async\" width=\"779\" height=\"142\" src=\"http:\/\/nubesmgzdigital.com.ar\/wp-content\/uploads\/2020\/01\/779x142-1.png\" alt=\"\" class=\"wp-image-3278\" srcset=\"https:\/\/nubesmgzdigital.com.ar\/wp-content\/uploads\/2020\/01\/779x142-1.png 779w, https:\/\/nubesmgzdigital.com.ar\/wp-content\/uploads\/2020\/01\/779x142-1-300x55.png 300w, https:\/\/nubesmgzdigital.com.ar\/wp-content\/uploads\/2020\/01\/779x142-1-768x140.png 768w, https:\/\/nubesmgzdigital.com.ar\/wp-content\/uploads\/2020\/01\/779x142-1-696x127.png 696w\" sizes=\"auto, (max-width: 779px) 100vw, 779px\" \/><\/figure>\n","protected":false},"excerpt":{"rendered":"<p>El ministro de Turismo y Deportes, Mat\u00edas Lammens, y la secretaria de Deportes, In\u00e9s Arrondo, se reunieron con el gobernador de la provincia de Tucum\u00e1n, Juan Manzur. Tras el encuentro, Lammens recibi\u00f3 al gobernador de Tierra del Fuego, Gustavo Melella. &#8220;Vamos a trabajar en conjunto con las provincias en los grandes desaf\u00edos que tenemos para [&hellip;]<\/p>\n","protected":false},"author":2,"featured_media":3303,"comment_status":"open","ping_status":"open","sticky":false,"template":"","format":"standard","meta":{"footnotes":""},"categories":[111,109,110],"tags":[],"class_list":["post-3302","post","type-post","status-publish","format-standard","has-post-thumbnail","hentry","category-nacional","category-noticias","category-regional"],"post_mailing_queue_ids":[],"_links":{"self":[{"href":"https:\/\/nubesmgzdigital.com.ar\/index.php\/wp-json\/wp\/v2\/posts\/3302","targetHints":{"allow":["GET"]}}],"collection":[{"href":"https:\/\/nubesmgzdigital.com.ar\/index.php\/wp-json\/wp\/v2\/posts"}],"about":[{"href":"https:\/\/nubesmgzdigital.com.ar\/index.php\/wp-json\/wp\/v2\/types\/post"}],"author":[{"embeddable":true,"href":"https:\/\/nubesmgzdigital.com.ar\/index.php\/wp-json\/wp\/v2\/users\/2"}],"replies":[{"embeddable":true,"href":"https:\/\/nubesmgzdigital.com.ar\/index.php\/wp-json\/wp\/v2\/comments?post=3302"}],"version-history":[{"count":1,"href":"https:\/\/nubesmgzdigital.com.ar\/index.php\/wp-json\/wp\/v2\/posts\/3302\/revisions"}],"predecessor-version":[{"id":3304,"href":"https:\/\/nubesmgzdigital.com.ar\/index.php\/wp-json\/wp\/v2\/posts\/3302\/revisions\/3304"}],"wp:featuredmedia":[{"embeddable":true,"href":"https:\/\/nubesmgzdigital.com.ar\/index.php\/wp-json\/wp\/v2\/media\/3303"}],"wp:attachment":[{"href":"https:\/\/nubesmgzdigital.com.ar\/index.php\/wp-json\/wp\/v2\/media?parent=3302"}],"wp:term":[{"taxonomy":"category","embeddable":true,"href":"https:\/\/nubesmgzdigital.com.ar\/index.php\/wp-json\/wp\/v2\/categories?post=3302"},{"taxonomy":"post_tag","embeddable":true,"href":"https:\/\/nubesmgzdigital.com.ar\/index.php\/wp-json\/wp\/v2\/tags?post=3302"}],"curies":[{"name":"wp","href":"https:\/\/api.w.org\/{rel}","templated":true}]}}