{"id":3371,"date":"2020-02-12T14:01:45","date_gmt":"2020-02-12T17:01:45","guid":{"rendered":"http:\/\/nubesmgzdigital.com.ar\/?p=3371"},"modified":"2020-02-12T14:01:47","modified_gmt":"2020-02-12T17:01:47","slug":"en-francia-los-ministros-iran-en-tren-en-los-viajes-de-hasta-cuatro-horas-para-cuidar-el-ambiente","status":"publish","type":"post","link":"https:\/\/nubesmgzdigital.com.ar\/index.php\/2020\/02\/12\/en-francia-los-ministros-iran-en-tren-en-los-viajes-de-hasta-cuatro-horas-para-cuidar-el-ambiente\/","title":{"rendered":"En Francia, los ministros ir\u00e1n en tren en los viajes de hasta cuatro horas para cuidar el ambiente"},"content":{"rendered":"\n<p><strong><em>Deber\u00e1n viajar en tren, y no en avi\u00f3n, en los trayectos que puedan hacerse en menos de cuatro horas, como forma de dar ejemplo en el terreno medioambiental y de luchar contra el cambio clim\u00e1tico. <\/em><\/strong><\/p>\n\n\n\n<p>Los ministros franceses, y en general los funcionarios cuando est\u00e9n en misi\u00f3n oficial, deber\u00e1n viajar en tren, y no en avi\u00f3n, en los trayectos que puedan hacerse en menos de cuatro horas, como forma de dar ejemplo en el terreno medioambiental y de luchar contra el cambio clim\u00e1tico. <\/p>\n\n\n\n<p>\n\nEsa regla ser\u00e1 de aplicaci\u00f3n general pero tendr\u00e1 excepciones, como cuando el desplazamiento tenga un car\u00e1cter urgente, explic\u00f3 la ministra de la Transici\u00f3n Ecol\u00f3gica, Elisabeth Borne, citada por la agencia de noticias EFE.<\/p>\n\n\n\n<div class=\"wp-block-image\"><figure class=\"alignleft size-large\"><img decoding=\"async\" src=\"http:\/\/www.telam.com.ar\/advf\/imagenes\/2020\/02\/5e43fd05ddb13_324x182.jpg\" alt=\"\" \/><\/figure><\/div>\n\n\n\n<p>Borne coment\u00f3 algunas decisiones que se van a adoptar de forma inmediata, como promover que los miembros del gobierno deber\u00e1n circular en autos oficiales el\u00e9ctricos o h\u00edbridos enchufables, en lugar de los de motores t\u00e9rmicos.<\/p>\n\n\n\n<p>Conforme se renueve el parque automovil\u00edstico, los ministerios comprar\u00e1n \u00fanicamente autom\u00f3viles el\u00e9ctricos o h\u00edbridos enchufables.<\/p>\n\n\n\n<p>Los 2,4 millones de funcionarios de la Administraci\u00f3n estatal podr\u00e1n beneficiarse de una disposici\u00f3n por la que las empresas (con car\u00e1cter voluntario) bonifican con 200 euros anuales a los asalariados que van en bicicleta o coche compartido al trabajo.<\/p>\n\n\n\n<p>Y para facilitar el uso del veh\u00edculo el\u00e9ctrico, en los centros de la Administraci\u00f3n central se instalar\u00e1n 500 puntos de recarga adicionales. <\/p>\n\n\n\n<p>Fuente: <a href=\"https:\/\/bit.ly\/2SkP4zg\" target=\"_blank\" rel=\"noreferrer noopener\" aria-label=\" (opens in a new tab)\">https:\/\/bit.ly\/2SkP4zg<\/a><\/p>\n","protected":false},"excerpt":{"rendered":"<p>Deber\u00e1n viajar en tren, y no en avi\u00f3n, en los trayectos que puedan hacerse en menos de cuatro horas, como forma de dar ejemplo en el terreno medioambiental y de luchar contra el cambio clim\u00e1tico. Los ministros franceses, y en general los funcionarios cuando est\u00e9n en misi\u00f3n oficial, deber\u00e1n viajar en tren, y no en [&hellip;]<\/p>\n","protected":false},"author":2,"featured_media":3372,"comment_status":"open","ping_status":"open","sticky":false,"template":"","format":"standard","meta":{"footnotes":""},"categories":[138],"tags":[],"class_list":["post-3371","post","type-post","status-publish","format-standard","has-post-thumbnail","hentry","category-medio-ambiente"],"post_mailing_queue_ids":[],"_links":{"self":[{"href":"https:\/\/nubesmgzdigital.com.ar\/index.php\/wp-json\/wp\/v2\/posts\/3371","targetHints":{"allow":["GET"]}}],"collection":[{"href":"https:\/\/nubesmgzdigital.com.ar\/index.php\/wp-json\/wp\/v2\/posts"}],"about":[{"href":"https:\/\/nubesmgzdigital.com.ar\/index.php\/wp-json\/wp\/v2\/types\/post"}],"author":[{"embeddable":true,"href":"https:\/\/nubesmgzdigital.com.ar\/index.php\/wp-json\/wp\/v2\/users\/2"}],"replies":[{"embeddable":true,"href":"https:\/\/nubesmgzdigital.com.ar\/index.php\/wp-json\/wp\/v2\/comments?post=3371"}],"version-history":[{"count":1,"href":"https:\/\/nubesmgzdigital.com.ar\/index.php\/wp-json\/wp\/v2\/posts\/3371\/revisions"}],"predecessor-version":[{"id":3373,"href":"https:\/\/nubesmgzdigital.com.ar\/index.php\/wp-json\/wp\/v2\/posts\/3371\/revisions\/3373"}],"wp:featuredmedia":[{"embeddable":true,"href":"https:\/\/nubesmgzdigital.com.ar\/index.php\/wp-json\/wp\/v2\/media\/3372"}],"wp:attachment":[{"href":"https:\/\/nubesmgzdigital.com.ar\/index.php\/wp-json\/wp\/v2\/media?parent=3371"}],"wp:term":[{"taxonomy":"category","embeddable":true,"href":"https:\/\/nubesmgzdigital.com.ar\/index.php\/wp-json\/wp\/v2\/categories?post=3371"},{"taxonomy":"post_tag","embeddable":true,"href":"https:\/\/nubesmgzdigital.com.ar\/index.php\/wp-json\/wp\/v2\/tags?post=3371"}],"curies":[{"name":"wp","href":"https:\/\/api.w.org\/{rel}","templated":true}]}}