{"id":3374,"date":"2020-02-12T19:31:00","date_gmt":"2020-02-12T22:31:00","guid":{"rendered":"http:\/\/nubesmgzdigital.com.ar\/?p=3374"},"modified":"2020-02-12T19:31:02","modified_gmt":"2020-02-12T22:31:02","slug":"hoy-se-entregan-los-premios-excelencias-cuba-2019","status":"publish","type":"post","link":"https:\/\/nubesmgzdigital.com.ar\/index.php\/2020\/02\/12\/hoy-se-entregan-los-premios-excelencias-cuba-2019\/","title":{"rendered":"Hoy se entregan los Premios Excelencias Cuba 2019"},"content":{"rendered":"\n<p>Los<a href=\"http:\/\/www.premios.excelencias.com\/\"><strong>&nbsp;Premios Excelencias Cuba<\/strong><\/a>&nbsp;llegan a una nueva edici\u00f3n y,&nbsp;por&nbsp;tal motivo,&nbsp;Jos\u00e9 Carlos De Santiago, presidente del&nbsp;Grupo Excelencias, entidad creadora de dichos galardones, ha asegurado que se trata&nbsp;de unos&nbsp;premios&nbsp;creados&nbsp;para reconocer la labor personal, y tambi\u00e9n de instituciones,&nbsp;cuyas acciones resultaron en un bien social y hasta entonces no se les hab\u00eda reconocido p\u00fablicamente.<\/p>\n\n\n\n<p>\u201cPara nosotros&nbsp;ha sido un gran&nbsp;orgullo&nbsp;haber premiado en su momento&nbsp;a personalidades como&nbsp;Carilda&nbsp;Oliver&nbsp;Labra, Omara Portuondo, o la Brigada Henry Reeves\u201d, dijo el Presidente del&nbsp;<a href=\"http:\/\/www.excelencias.com\/\"><strong>Grupo Excelencias<\/strong><\/a>.<\/p>\n\n\n\n<p>Entregados por vez primera en Espa\u00f1a, hace 15 a\u00f1os, y tra\u00eddos luego a la Habana hace ya nueve a\u00f1os, estos premios han marcado un antes y un despu\u00e9s en el quehacer de muchos de los galardonados.<\/p>\n\n\n\n<p>\u201cEn 2005, durante Fitur, una feria que re\u00fane en Madrid a la gran mayor\u00eda de&nbsp;las&nbsp;empresas del sector tur\u00edstico, ministerios, pa\u00edses&nbsp;y personalidades de toda Iberoam\u00e9rica, nacieron los Premios Excelencias, lo que supuso un verdadero reto\u201d,&nbsp;asegur\u00f3 Jos\u00e9 Carlos De Santiago a los presentes.<\/p>\n\n\n\n<p>El Presidente del Grupo Excelencias dijo adem\u00e1s, que uno de los elementos novedosos para la selecci\u00f3n de los premios este a\u00f1o -se recibieron m\u00e1s de&nbsp;200&nbsp;candidaturas&nbsp;para nominaciones- es que la poblaci\u00f3n en general tendr\u00e1 la oportunidad de votar online por sus candidatos favoritos, lo cual a\u00f1ade emotividad adicional al proceso de selecci\u00f3n del jurado.<\/p>\n\n\n\n<p>Para esta novena entrega de los&nbsp;<strong>Premios Excelencias Cuba<\/strong>,&nbsp;tendr\u00e1 lugar una&nbsp;ceremonia&nbsp;oficial y&nbsp;gala&nbsp;art\u00edstica en la Sala Avellaneda del capitalino Teatro Nacional, hoy 12 de febrero a las 8:30 pm.<\/p>\n\n\n\n<p>Asistir\u00e1n 70 nominados de la industria del turismo y la gastronom\u00eda; la salud p\u00fablica y el deporte; el arte y la cultura, y el mundo del motor, de m\u00e1s de 200 propuestas recibidas, en un evento que sucede anualmente tras los&nbsp;Premios Internacionales de Excelencias&nbsp;en&nbsp;<strong><a href=\"https:\/\/www.ifema.es\/fitur\">FITUR Madrid<\/a><\/strong>, la segunda feria tur\u00edstica del mundo y primera en Iberoam\u00e9rica, donde Cuba ha sido distinguida como Destino Seguro.<\/p>\n\n\n\n<p>En La Habana, la ceremonia suceder\u00e1 como parte de un espect\u00e1culo de lujo, a cargo de artistas nominados como Alain P\u00e9rez y su orquesta, el Ballet&nbsp;Revolution&nbsp;y&nbsp;Rocland, la cantante Ivette Cepeda,&nbsp;Ethiel&nbsp;Failde&nbsp;y su Orquesta Miguel&nbsp;Failde, as\u00ed como premiados en ediciones anteriores, entre los que realzan la sin par Omara Portuondo y&nbsp;Haila&nbsp;Mar\u00eda&nbsp;Mompi\u00e9, todos bajo la direcci\u00f3n art\u00edstica de Carlos Figueroa, fundador y director de la Casa de la Guayabera en Sancti Sp\u00edritus. &nbsp;<\/p>\n\n\n\n<p>Los Premios Internacionales de Excelencias cumplir\u00e1n quince a\u00f1os de concederse en la\u00a0<strong><a href=\"https:\/\/www.ifema.es\/fitur\">Feria Internacional de Turismo de Madrid<\/a>\u00a0(FITUR)<\/strong>\u00a0el pr\u00f3ximo 22 de Enero, cuando comience el ciclo de su entrega anual y ser\u00e1n galardonados como Excelencias Tur\u00edsticas, Excelencias Gourmet y Premios Especiales a personalidades y \u00a0proyectos de m\u00e1s de veinte pa\u00edses de Iberoam\u00e9rica.<\/p>\n\n\n\n<div class=\"wp-block-image\"><figure class=\"alignright size-large\"><a href=\"http:\/\/premios.excelencias.com\/\" target=\"_blank\" rel=\"noreferrer noopener\"><img loading=\"lazy\" decoding=\"async\" width=\"200\" height=\"200\" src=\"http:\/\/nubesmgzdigital.com.ar\/wp-content\/uploads\/2020\/02\/logo-1.png\" alt=\"\" class=\"wp-image-3375\" srcset=\"https:\/\/nubesmgzdigital.com.ar\/wp-content\/uploads\/2020\/02\/logo-1.png 200w, https:\/\/nubesmgzdigital.com.ar\/wp-content\/uploads\/2020\/02\/logo-1-150x150.png 150w\" sizes=\"auto, (max-width: 200px) 100vw, 200px\" \/><\/a><\/figure><\/div>\n\n\n\n<p>Pueden seguir a trav\u00e9s del hashtags: <\/p>\n\n\n\n<p> #PremiosExcelencias<br>#PremiosExcelenciasCuba<br>#ExcelenciasVerde<br>#ExcelenciasAzul<br>#Habana500 <\/p>\n","protected":false},"excerpt":{"rendered":"<p>Los&nbsp;Premios Excelencias Cuba&nbsp;llegan a una nueva edici\u00f3n y,&nbsp;por&nbsp;tal motivo,&nbsp;Jos\u00e9 Carlos De Santiago, presidente del&nbsp;Grupo Excelencias, entidad creadora de dichos galardones, ha asegurado que se trata&nbsp;de unos&nbsp;premios&nbsp;creados&nbsp;para reconocer la labor personal, y tambi\u00e9n de instituciones,&nbsp;cuyas acciones resultaron en un bien social y hasta entonces no se les hab\u00eda reconocido p\u00fablicamente. \u201cPara nosotros&nbsp;ha sido un gran&nbsp;orgullo&nbsp;haber premiado [&hellip;]<\/p>\n","protected":false},"author":2,"featured_media":3376,"comment_status":"open","ping_status":"open","sticky":false,"template":"","format":"standard","meta":{"footnotes":""},"categories":[112,113],"tags":[],"class_list":["post-3374","post","type-post","status-publish","format-standard","has-post-thumbnail","hentry","category-eventos","category-internacional"],"post_mailing_queue_ids":[],"_links":{"self":[{"href":"https:\/\/nubesmgzdigital.com.ar\/index.php\/wp-json\/wp\/v2\/posts\/3374","targetHints":{"allow":["GET"]}}],"collection":[{"href":"https:\/\/nubesmgzdigital.com.ar\/index.php\/wp-json\/wp\/v2\/posts"}],"about":[{"href":"https:\/\/nubesmgzdigital.com.ar\/index.php\/wp-json\/wp\/v2\/types\/post"}],"author":[{"embeddable":true,"href":"https:\/\/nubesmgzdigital.com.ar\/index.php\/wp-json\/wp\/v2\/users\/2"}],"replies":[{"embeddable":true,"href":"https:\/\/nubesmgzdigital.com.ar\/index.php\/wp-json\/wp\/v2\/comments?post=3374"}],"version-history":[{"count":1,"href":"https:\/\/nubesmgzdigital.com.ar\/index.php\/wp-json\/wp\/v2\/posts\/3374\/revisions"}],"predecessor-version":[{"id":3377,"href":"https:\/\/nubesmgzdigital.com.ar\/index.php\/wp-json\/wp\/v2\/posts\/3374\/revisions\/3377"}],"wp:featuredmedia":[{"embeddable":true,"href":"https:\/\/nubesmgzdigital.com.ar\/index.php\/wp-json\/wp\/v2\/media\/3376"}],"wp:attachment":[{"href":"https:\/\/nubesmgzdigital.com.ar\/index.php\/wp-json\/wp\/v2\/media?parent=3374"}],"wp:term":[{"taxonomy":"category","embeddable":true,"href":"https:\/\/nubesmgzdigital.com.ar\/index.php\/wp-json\/wp\/v2\/categories?post=3374"},{"taxonomy":"post_tag","embeddable":true,"href":"https:\/\/nubesmgzdigital.com.ar\/index.php\/wp-json\/wp\/v2\/tags?post=3374"}],"curies":[{"name":"wp","href":"https:\/\/api.w.org\/{rel}","templated":true}]}}