{"id":3380,"date":"2020-02-13T11:36:10","date_gmt":"2020-02-13T14:36:10","guid":{"rendered":"http:\/\/nubesmgzdigital.com.ar\/?p=3380"},"modified":"2020-02-13T11:37:15","modified_gmt":"2020-02-13T14:37:15","slug":"6-y-7-de-marzo-cuatrocienegas-coahuila-sera-escenario-de-origen-food-wine-experience","status":"publish","type":"post","link":"https:\/\/nubesmgzdigital.com.ar\/index.php\/2020\/02\/13\/6-y-7-de-marzo-cuatrocienegas-coahuila-sera-escenario-de-origen-food-wine-experience\/","title":{"rendered":"6 y 7 DE MARZO CUATROCI\u00c9NEGAS #COAHUILA SER\u00c1 ESCENARIO DE \u2018ORIGEN: FOOD, WINE &amp; EXPERIENCE\u2019"},"content":{"rendered":"\n<p>M\u00e9xico Extraordinario\/ Armando de la Garza<\/p>\n\n\n\n<div class=\"wp-block-image\"><figure class=\"alignright size-large is-resized\"><img loading=\"lazy\" decoding=\"async\" src=\"http:\/\/nubesmgzdigital.com.ar\/wp-content\/uploads\/2020\/02\/5-1024x579.jpeg\" alt=\"\" class=\"wp-image-3381\" width=\"378\" height=\"214\" srcset=\"https:\/\/nubesmgzdigital.com.ar\/wp-content\/uploads\/2020\/02\/5-1024x579.jpeg 1024w, https:\/\/nubesmgzdigital.com.ar\/wp-content\/uploads\/2020\/02\/5-300x170.jpeg 300w, https:\/\/nubesmgzdigital.com.ar\/wp-content\/uploads\/2020\/02\/5-768x434.jpeg 768w, https:\/\/nubesmgzdigital.com.ar\/wp-content\/uploads\/2020\/02\/5-696x394.jpeg 696w, https:\/\/nubesmgzdigital.com.ar\/wp-content\/uploads\/2020\/02\/5-1068x604.jpeg 1068w, https:\/\/nubesmgzdigital.com.ar\/wp-content\/uploads\/2020\/02\/5-743x420.jpeg 743w, https:\/\/nubesmgzdigital.com.ar\/wp-content\/uploads\/2020\/02\/5.jpeg 1280w\" sizes=\"auto, (max-width: 378px) 100vw, 378px\" \/><\/figure><\/div>\n\n\n\n<p class=\"has-drop-cap\">Saltillo, Coahuila de Zaragoza; a 12 de Febrero de 2020.- Para impulsar la historia, gastronom\u00eda, cultura y magia de Cuatro Ci\u00e9negas, el Gobierno del Estado, a trav\u00e9s de la Secretar\u00eda de Turismo de Coahuila, present\u00f3 \u201cEl Origen: Food, Wine &amp; Experience\u201d, un evento organizado por los empresarios Fabio Gentiloni, de Il Mercato; Mar\u00eda Fernanda P\u00e9rez, de Hotel Hacienda 1800, y David M\u00e9ndel, de Vi\u00f1edos Don Leo.<\/p>\n\n\n\n<div class=\"wp-block-image\"><figure class=\"alignright size-large is-resized\"><img loading=\"lazy\" decoding=\"async\" src=\"http:\/\/nubesmgzdigital.com.ar\/wp-content\/uploads\/2020\/02\/1581584989671_2-1024x611.jpeg\" alt=\"\" class=\"wp-image-3382\" width=\"343\" height=\"204\" srcset=\"https:\/\/nubesmgzdigital.com.ar\/wp-content\/uploads\/2020\/02\/1581584989671_2-1024x611.jpeg 1024w, https:\/\/nubesmgzdigital.com.ar\/wp-content\/uploads\/2020\/02\/1581584989671_2-300x179.jpeg 300w, https:\/\/nubesmgzdigital.com.ar\/wp-content\/uploads\/2020\/02\/1581584989671_2-768x458.jpeg 768w, https:\/\/nubesmgzdigital.com.ar\/wp-content\/uploads\/2020\/02\/1581584989671_2-696x415.jpeg 696w, https:\/\/nubesmgzdigital.com.ar\/wp-content\/uploads\/2020\/02\/1581584989671_2-1068x637.jpeg 1068w, https:\/\/nubesmgzdigital.com.ar\/wp-content\/uploads\/2020\/02\/1581584989671_2-704x420.jpeg 704w, https:\/\/nubesmgzdigital.com.ar\/wp-content\/uploads\/2020\/02\/1581584989671_2.jpeg 1280w\" sizes=\"auto, (max-width: 343px) 100vw, 343px\" \/><\/figure><\/div>\n\n\n\n<p> En rueda de prensa, Guadalupe Oyervides Valdez, titular de Turismo del Estado, dijo que el gobernador Miguel \u00c1ngel Riquelme Sol\u00eds pidi\u00f3 que cada a\u00f1o se impulsara un evento de alta gama en un Pueblo M\u00e1gico, el a\u00f1o pasado fue en Viesca y este a\u00f1o ser\u00e1 en Cuatro Ci\u00e9negas. <\/p>\n\n\n\n<p>Inform\u00f3 que 6 y 7 de marzo el desierto blanco, las dunas de yeso y las minas de m\u00e1rmol ser\u00e1n el escenario perfecto para la primera edici\u00f3n de este evento multisensorial, en el que se degustar\u00e1 lo mejor de la gastronom\u00eda y vinos de Coahuila.<\/p>\n\n\n\n<p>Detall\u00f3 que con \u201cEl Origen: Food, Wine &amp; Experience\u201d se est\u00e1 apoyando a empresarios que quieren impulsar la historia, gastronom\u00eda, cultura y magia de nuestros destinos.<\/p>\n\n\n\n<p>La ocupaci\u00f3n hotelera ya est\u00e1 al 100 por ciento, el boletaje va avanzando con buenos n\u00fameros y se espera obtener una derrama econ\u00f3mica superior a los 5.5 millones de pesos, comparti\u00f3 la Secretaria de Turismo.<\/p>\n\n\n\n<p>\u201cCada que haya un proyecto impulsado por empresarios que nos ponga en un plano diferente en el Pa\u00eds y en el mundo, el Gobierno del Estado siempre va a decir que s\u00ed, porque estamos poniendo lo mejor de nuestra gastronom\u00eda, de nuestra magia, de nuestros vinos y llevar a la gente a que conozca y valore una de las maravillas que tenemos en Coahuila y es \u00fanica en el mundo.<\/p>\n\n\n\n<p>\u201cQueremos que este evento se consolide, que cuando el Gobierno del Estado le entre es para que sea un proyecto sustentable para el pr\u00f3ximo a\u00f1o, y estoy segura que esta primera edici\u00f3n ser\u00e1 un \u00e9xito. Convoco a los empresarios para que hoy sea en Cuatro Ci\u00e9negas y ma\u00f1ana en otro Pueblo M\u00e1gico. Coahuila acaba de ganar un premio ante 110 propuestas de diferentes pa\u00edses, y lo gan\u00f3 con Cuatro Ci\u00e9negas. Que no les sorprenda que Coahuila todo este 2020 siga haciendo eco en M\u00e9xico y en el mundo\u201d, destac\u00f3.<\/p>\n\n\n\n<p>Por su parte, Mar\u00eda Fernanda P\u00e9rez, presidenta de la Asociaci\u00f3n Mexicana de Hoteles y Hospedaje en Coahuila, y de Fabio Gentiloni Arizpe, presidente de la CANIRAC Saltillo, en su calidad de empresarios organizadores del evento dieron a conocer que el festival contar\u00e1 con la participaci\u00f3n de 10 chefs de M\u00e9xico y Espa\u00f1a, y los recursos que se recauden ser\u00e1n destinados a la conservaci\u00f3n de la tortuga bisagra y de los espacios naturales que hay en ese lugar.<\/p>\n\n\n\n<p>\u201cOrigen: Food, Wine &amp; Experience\u201d ofrecer\u00e1 a los asistentes la oportunidad de vivir una experiencia multisensorial diferente, podr\u00e1n avivar su sentido del gusto al probar los aromas y sabores de nuestros platillos y nuestros excelentes vinos, disfrutar\u00e1n de un excelente paisaje, una iluminaci\u00f3n especial, buena m\u00fasica y sentir\u00e1n en sus pies la arena blanca de las dunas de yeso.<\/p>\n\n\n\n<p>El viernes 6 de marzo inicia la actividad en la Mina de M\u00e1rmol desde las 19:00 horas, y el s\u00e1bado 7 de marzo ser\u00e1 en las Dunas de Yeso a partir de las 14:00 horas. Se prev\u00e9 una asistencia de mil personas. Amenizar\u00e1n la velada los artistas Dj Hofi Kofi, El Gran Silencio, Grupo Pjama, Augusto Bracho, DJ Club Z, Charanga Funkera y DJ Sotomayor.<\/p>\n\n\n\n<p>El evento contar\u00e1 con diferentes opciones para reducir el impacto ambiental, como plantas de luz que aminoran las emisiones, as\u00ed como brindar a cada asistente un kit especial a la entrada para evitar desperdicios.<\/p>\n\n\n\n<p>\u201cEn este encuentro gastron\u00f3mico y sensorial contaremos con la participaci\u00f3n de 10 chefs de Guanajuato, Guadalajara, Oaxaca, Monterrey, Saltillo y Canad\u00e1. Entre ellos estar\u00e1 Juan Ram\u00f3n C\u00e1rdenas, Juan Arroyo, los hermanos Rivera R\u00edo, entre otros\u201d, precisaron los organizadores.<\/p>\n\n\n\n<p>En la presentaci\u00f3n, David M\u00e9ndel Cordero, presidente de Vinos de Coahuila y Director General de Vi\u00f1edos Don Leo, dio a conocer que hasta ahora se tiene la participaci\u00f3n de cuatro bodegas coahuilenses en el evento, por lo que el festival ser\u00e1 una gran oportunidad para poner en valor la riqueza y exquisitez de los vinos del estado.<\/p>\n\n\n\n<figure class=\"wp-block-image size-large\"><a href=\"http:\/\/mexicoextraordinario.mx\/\" target=\"_blank\" rel=\"noreferrer noopener\"><img loading=\"lazy\" decoding=\"async\" width=\"1024\" height=\"297\" src=\"http:\/\/nubesmgzdigital.com.ar\/wp-content\/uploads\/2020\/02\/IMG-20200121-WA0060-1024x297.jpg\" alt=\"\" class=\"wp-image-3341\" srcset=\"https:\/\/nubesmgzdigital.com.ar\/wp-content\/uploads\/2020\/02\/IMG-20200121-WA0060-1024x297.jpg 1024w, https:\/\/nubesmgzdigital.com.ar\/wp-content\/uploads\/2020\/02\/IMG-20200121-WA0060-300x87.jpg 300w, https:\/\/nubesmgzdigital.com.ar\/wp-content\/uploads\/2020\/02\/IMG-20200121-WA0060-768x223.jpg 768w, https:\/\/nubesmgzdigital.com.ar\/wp-content\/uploads\/2020\/02\/IMG-20200121-WA0060-696x202.jpg 696w, https:\/\/nubesmgzdigital.com.ar\/wp-content\/uploads\/2020\/02\/IMG-20200121-WA0060-1068x310.jpg 1068w, https:\/\/nubesmgzdigital.com.ar\/wp-content\/uploads\/2020\/02\/IMG-20200121-WA0060.jpg 1280w\" sizes=\"auto, (max-width: 1024px) 100vw, 1024px\" \/><\/a><\/figure>\n","protected":false},"excerpt":{"rendered":"<p>M\u00e9xico Extraordinario\/ Armando de la Garza Saltillo, Coahuila de Zaragoza; a 12 de Febrero de 2020.- Para impulsar la historia, gastronom\u00eda, cultura y magia de Cuatro Ci\u00e9negas, el Gobierno del Estado, a trav\u00e9s de la Secretar\u00eda de Turismo de Coahuila, present\u00f3 \u201cEl Origen: Food, Wine &amp; Experience\u201d, un evento organizado por los empresarios Fabio Gentiloni, [&hellip;]<\/p>\n","protected":false},"author":2,"featured_media":3382,"comment_status":"open","ping_status":"open","sticky":false,"template":"","format":"standard","meta":{"footnotes":""},"categories":[132,113],"tags":[],"class_list":["post-3380","post","type-post","status-publish","format-standard","has-post-thumbnail","hentry","category-gourmet-eventos","category-internacional"],"post_mailing_queue_ids":[],"_links":{"self":[{"href":"https:\/\/nubesmgzdigital.com.ar\/index.php\/wp-json\/wp\/v2\/posts\/3380","targetHints":{"allow":["GET"]}}],"collection":[{"href":"https:\/\/nubesmgzdigital.com.ar\/index.php\/wp-json\/wp\/v2\/posts"}],"about":[{"href":"https:\/\/nubesmgzdigital.com.ar\/index.php\/wp-json\/wp\/v2\/types\/post"}],"author":[{"embeddable":true,"href":"https:\/\/nubesmgzdigital.com.ar\/index.php\/wp-json\/wp\/v2\/users\/2"}],"replies":[{"embeddable":true,"href":"https:\/\/nubesmgzdigital.com.ar\/index.php\/wp-json\/wp\/v2\/comments?post=3380"}],"version-history":[{"count":2,"href":"https:\/\/nubesmgzdigital.com.ar\/index.php\/wp-json\/wp\/v2\/posts\/3380\/revisions"}],"predecessor-version":[{"id":3384,"href":"https:\/\/nubesmgzdigital.com.ar\/index.php\/wp-json\/wp\/v2\/posts\/3380\/revisions\/3384"}],"wp:featuredmedia":[{"embeddable":true,"href":"https:\/\/nubesmgzdigital.com.ar\/index.php\/wp-json\/wp\/v2\/media\/3382"}],"wp:attachment":[{"href":"https:\/\/nubesmgzdigital.com.ar\/index.php\/wp-json\/wp\/v2\/media?parent=3380"}],"wp:term":[{"taxonomy":"category","embeddable":true,"href":"https:\/\/nubesmgzdigital.com.ar\/index.php\/wp-json\/wp\/v2\/categories?post=3380"},{"taxonomy":"post_tag","embeddable":true,"href":"https:\/\/nubesmgzdigital.com.ar\/index.php\/wp-json\/wp\/v2\/tags?post=3380"}],"curies":[{"name":"wp","href":"https:\/\/api.w.org\/{rel}","templated":true}]}}