{"id":3516,"date":"2020-02-29T21:57:30","date_gmt":"2020-03-01T00:57:30","guid":{"rendered":"http:\/\/nubesmgzdigital.com.ar\/?p=3516"},"modified":"2020-02-29T21:57:33","modified_gmt":"2020-03-01T00:57:33","slug":"lammens-anuncio-planes-para-fomentar-la-actividad-turistica-en-todo-el-pais","status":"publish","type":"post","link":"https:\/\/nubesmgzdigital.com.ar\/index.php\/2020\/02\/29\/lammens-anuncio-planes-para-fomentar-la-actividad-turistica-en-todo-el-pais\/","title":{"rendered":"Lammens anunci\u00f3 planes para fomentar la actividad tur\u00edstica en todo el pa\u00eds"},"content":{"rendered":"\n<p><strong><em>El titular de la cartera de Turismo y Deportes se\u00f1al\u00f3 que se realizar\u00e1n a corto plazo inversiones para reactivar el sector en el marco de la primera Asamblea del Consejo Federal de Turismo que se desarroll\u00f3 en la ciudad de San Juan. <\/em><\/strong><\/p>\n\n\n\n<p>El ministro de Turismo y Deportes, Mat\u00edas Lammens, se\u00f1al\u00f3 en la ciudad de San Juan que en los pr\u00f3ximos meses se desarrollar\u00e1n planes de inversiones para el sector y puntualiz\u00f3 que los fondos para cumplir con ese objetivo &#8220;provendr\u00e1n del 5% del impuesto PAIS&#8221; a los consumos tur\u00edsticos en el exterior. <\/p>\n\n\n\n<div class=\"wp-block-image\"><figure class=\"alignleft size-large is-resized\"><img loading=\"lazy\" decoding=\"async\" src=\"http:\/\/nubesmgzdigital.com.ar\/wp-content\/uploads\/2020\/02\/ER862jmWsAA6paA.jpg\" alt=\"\" class=\"wp-image-3517\" width=\"298\" height=\"224\" srcset=\"https:\/\/nubesmgzdigital.com.ar\/wp-content\/uploads\/2020\/02\/ER862jmWsAA6paA.jpg 900w, https:\/\/nubesmgzdigital.com.ar\/wp-content\/uploads\/2020\/02\/ER862jmWsAA6paA-300x225.jpg 300w, https:\/\/nubesmgzdigital.com.ar\/wp-content\/uploads\/2020\/02\/ER862jmWsAA6paA-768x576.jpg 768w, https:\/\/nubesmgzdigital.com.ar\/wp-content\/uploads\/2020\/02\/ER862jmWsAA6paA-80x60.jpg 80w, https:\/\/nubesmgzdigital.com.ar\/wp-content\/uploads\/2020\/02\/ER862jmWsAA6paA-265x198.jpg 265w, https:\/\/nubesmgzdigital.com.ar\/wp-content\/uploads\/2020\/02\/ER862jmWsAA6paA-696x522.jpg 696w, https:\/\/nubesmgzdigital.com.ar\/wp-content\/uploads\/2020\/02\/ER862jmWsAA6paA-560x420.jpg 560w\" sizes=\"auto, (max-width: 298px) 100vw, 298px\" \/><\/figure><\/div>\n\n\n\n<p>\n\nLammens, quien encabez\u00f3 la primera Asamblea del Consejo Federal de Turismo en la gesti\u00f3n del presidente Alberto Fern\u00e1ndez, afirm\u00f3 que se vive &#8220;un momento complejo, donde la situaci\u00f3n macroecon\u00f3mica requiere que estemos juntos para salir delante&#8221;.<\/p>\n\n\n\n<p>&#8220;En estos casi tres meses de gesti\u00f3n descubrimos la notable capacidad que tiene el sector tur\u00edstico para generar ingresos y puestos de trabajo&#8221;, destac\u00f3 Lammens.<\/p>\n\n\n\n<p>Luego, destac\u00f3 la importancia del decreto firmado esta semana por el Presidente, que establece que el 5% de la recaudaci\u00f3n generada por el impuesto PAIS ser\u00e1 destinada a inversiones de infraestructura tur\u00edstica.<\/p>\n\n\n\n<p>&#8220;En los pr\u00f3ximos meses desarrollaremos planes de inversiones para el sector&#8221;, adelant\u00f3 Lammes.<\/p>\n\n\n\n<p>Adem\u00e1s, el funcionario subray\u00f3 que &#8220;este espacio es \u00fatil para trabajar unidos&#8221; y manifest\u00f3 que &#8220;esto es muy bueno porque no hay margen en el pa\u00eds para diferencias que impidan el desarrollo del sector&#8221;.\n\n<\/p>\n\n\n\n<p>\n\nEstimular un sector que brinda oportunidades<br>En el marco de la 152\u00b0 Asamblea Ordinaria del CFT, cuya presidencia qued\u00f3 a cargo de la actual ministra de Turismo y Cultura de San Juan, Claudia Grynszpan, asegur\u00f3 que &#8220;este gobierno tiene en claro que el turismo es uno de los motores de la econom\u00eda&#8221; y sostuvo que por ese motivo &#8220;hay una decisi\u00f3n de apoya la actividad con fuerza&#8221;.<\/p>\n\n\n\n<p>La Asamblea Ordinaria del CFT, que reuni\u00f3 a 24 representantes de Turismo de todas las provincias y a los principales dirigentes del sector, se realiz\u00f3 en el sal\u00f3n Cruce de los Andes del Centro C\u00edvico y sirvi\u00f3 de marco para que el funcionario adelantara los ejes de su gesti\u00f3n, entre los que destac\u00f3 &#8220;el logro de una pol\u00edtica profundamente federal&#8221;.<\/p>\n\n\n\n<p>Por su parte, Grynszpan indic\u00f3 que &#8220;hacer la primera asamblea de la gesti\u00f3n del presidente Fern\u00e1ndez en San Juan es todo un gesto de apoyo y un reconocimiento al trabajo que la provincia hace en materia tur\u00edstica&#8221;.<\/p>\n\n\n\n<p>Grynszpan explic\u00f3 que uno de los ejes del encuentro &#8220;fue el Programa Emprendedor Tur\u00edstico&#8221;, y record\u00f3 que a trav\u00e9s del mismo &#8220;en cuatro a\u00f1os se otorgaron ayudas por 30 millones de pesos para financiar unos 350 microemprendimientos tur\u00edsticos&#8221;.<\/p>\n\n\n\n<p>&#8220;La idea es fomentar ese tipo de programas en todo el territorio nacional capitalizando la experiencia sanjuanina&#8221;, recalc\u00f3 la ministra.<br><\/p>\n\n\n\n<figure class=\"wp-block-embed-twitter wp-block-embed is-type-rich is-provider-twitter\"><div class=\"wp-block-embed__wrapper\">\n<blockquote class=\"twitter-tweet\" data-width=\"550\" data-dnt=\"true\"><p lang=\"es\" dir=\"ltr\">EN VIVO | Comienza la 152\u00ba Asamblea Ordinaria del Consejo Federal de Turismo (CFT) en San Juan.<br><br>\ud83d\udc49 <a href=\"https:\/\/t.co\/qqDIyCl2Th\">https:\/\/t.co\/qqDIyCl2Th<\/a> <a href=\"https:\/\/t.co\/CmbXxhQeOs\">pic.twitter.com\/CmbXxhQeOs<\/a><\/p>&mdash; Ministerio de Turismo y Deportes (@TurDepAR) <a href=\"https:\/\/twitter.com\/TurDepAR\/status\/1233769890466668544?ref_src=twsrc%5Etfw\">February 29, 2020<\/a><\/blockquote><script async src=\"https:\/\/platform.twitter.com\/widgets.js\" charset=\"utf-8\"><\/script>\n<\/div><\/figure>\n\n\n\n<p>\n\nLa funcionaria sanjuanina destac\u00f3 en relaci\u00f3n a los temas analizados que &#8220;la mejora de la conectividad a\u00e9rea, los cambios en la legislaci\u00f3n en materia de hoteler\u00eda,Turismo Aventura, y otros servicios tur\u00edsticos y los planes de fomento a la actividad fueron los principales&#8221;.<\/p>\n\n\n\n<p>&#8220;La decisi\u00f3n de las nuevas autoridades es convertir al CFT en un \u00f3rgano de gesti\u00f3n, de generaci\u00f3n de pol\u00edticas no solamente para las necesidades de la ciudad de Buenos Aires sino de todas las provincias argentinas&#8221;, recalc\u00f3.<\/p>\n\n\n\n<p>Por \u00faltimo, el gobernador de San Juan, Sergio U\u00f1ac, indic\u00f3 que &#8220;el turismo y la instrucci\u00f3n intelectual y f\u00edsica son los pilares para que las sociedades construyan un estado de bienestar para todos&#8221; y enfatiz\u00f3 que por ese motivo &#8220;en esta provincia el sector tiene un fuerte impulso y apoyo financiero concreto&#8221;.<\/p>\n\n\n\n<p>La reuni\u00f3n del CFT tambi\u00e9n sirvi\u00f3 para establecer las comisiones de trabajo del organismo y sus coordinadores y para postular y definir las ciudades sedes para los pr\u00f3ximos encuentros.\n\n<\/p>\n\n\n\n<figure class=\"wp-block-image size-large\"><img decoding=\"async\" src=\"http:\/\/www.telam.com.ar\/advf\/imagenes\/2018\/10\/5bca44a3781e8_1004x565.jpg\" alt=\"\" \/><\/figure>\n\n\n\n<p>Fuente: <a href=\"https:\/\/bit.ly\/32Fx2M0\" target=\"_blank\" rel=\"noreferrer noopener\" aria-label=\" (opens in a new tab)\">https:\/\/bit.ly\/32Fx2M0<\/a><\/p>\n","protected":false},"excerpt":{"rendered":"<p>El titular de la cartera de Turismo y Deportes se\u00f1al\u00f3 que se realizar\u00e1n a corto plazo inversiones para reactivar el sector en el marco de la primera Asamblea del Consejo Federal de Turismo que se desarroll\u00f3 en la ciudad de San Juan. El ministro de Turismo y Deportes, Mat\u00edas Lammens, se\u00f1al\u00f3 en la ciudad de [&hellip;]<\/p>\n","protected":false},"author":2,"featured_media":3517,"comment_status":"open","ping_status":"open","sticky":false,"template":"","format":"standard","meta":{"footnotes":""},"categories":[111],"tags":[],"class_list":["post-3516","post","type-post","status-publish","format-standard","has-post-thumbnail","hentry","category-nacional"],"post_mailing_queue_ids":[],"_links":{"self":[{"href":"https:\/\/nubesmgzdigital.com.ar\/index.php\/wp-json\/wp\/v2\/posts\/3516","targetHints":{"allow":["GET"]}}],"collection":[{"href":"https:\/\/nubesmgzdigital.com.ar\/index.php\/wp-json\/wp\/v2\/posts"}],"about":[{"href":"https:\/\/nubesmgzdigital.com.ar\/index.php\/wp-json\/wp\/v2\/types\/post"}],"author":[{"embeddable":true,"href":"https:\/\/nubesmgzdigital.com.ar\/index.php\/wp-json\/wp\/v2\/users\/2"}],"replies":[{"embeddable":true,"href":"https:\/\/nubesmgzdigital.com.ar\/index.php\/wp-json\/wp\/v2\/comments?post=3516"}],"version-history":[{"count":1,"href":"https:\/\/nubesmgzdigital.com.ar\/index.php\/wp-json\/wp\/v2\/posts\/3516\/revisions"}],"predecessor-version":[{"id":3518,"href":"https:\/\/nubesmgzdigital.com.ar\/index.php\/wp-json\/wp\/v2\/posts\/3516\/revisions\/3518"}],"wp:featuredmedia":[{"embeddable":true,"href":"https:\/\/nubesmgzdigital.com.ar\/index.php\/wp-json\/wp\/v2\/media\/3517"}],"wp:attachment":[{"href":"https:\/\/nubesmgzdigital.com.ar\/index.php\/wp-json\/wp\/v2\/media?parent=3516"}],"wp:term":[{"taxonomy":"category","embeddable":true,"href":"https:\/\/nubesmgzdigital.com.ar\/index.php\/wp-json\/wp\/v2\/categories?post=3516"},{"taxonomy":"post_tag","embeddable":true,"href":"https:\/\/nubesmgzdigital.com.ar\/index.php\/wp-json\/wp\/v2\/tags?post=3516"}],"curies":[{"name":"wp","href":"https:\/\/api.w.org\/{rel}","templated":true}]}}