{"id":3532,"date":"2020-03-02T02:12:00","date_gmt":"2020-03-02T05:12:00","guid":{"rendered":"http:\/\/nubesmgzdigital.com.ar\/?p=3532"},"modified":"2020-03-02T02:14:05","modified_gmt":"2020-03-02T05:14:05","slug":"cancelada-itb-berlin-por-coronavirus","status":"publish","type":"post","link":"https:\/\/nubesmgzdigital.com.ar\/index.php\/2020\/03\/02\/cancelada-itb-berlin-por-coronavirus\/","title":{"rendered":"CANCELADA ITB BERL\u00cdN POR CORONAVIRUS"},"content":{"rendered":"\n<p>ITB Berlin 2020 no tendr\u00e1 lugar. Debido a la creciente difusi\u00f3n del nuevo coronavirus COVID-19, el Ministerio Federal de Salud y el Ministerio Federal de Econom\u00eda han decidido cancelar la feria\u201d, seg\u00fan ha informado la instituci\u00f3n ferial Messe Berlin.<\/p>\n\n\n\n<p>En un comunicado emitido por Messe Berlin esta ma\u00f1ana, se supo que se estaban coordinando actualmente con las autoridades p\u00fablicas a nivel federal y estatal sobre c\u00f3mo proceder con respecto a ITB Berlin 2020 y COVID-19 .<\/p>\n\n\n\n<p>Estos \u00faltimos d\u00edas varias compa\u00f1\u00edas tur\u00edsticas, han anunciado que cancelar\u00e1n actos o la asistencia de sus equipos durante la semana de la ITB, debido al riesgo de propagaci\u00f3n de Coronavirus que podr\u00eda asociarse a una multitudinaria feria como esa.<\/p>\n\n\n\n<p>Tambi\u00e9n se recuerda que en&nbsp; Alemania se han detectado 27 casos nuevos de coronavirus desde este jueves.<\/p>\n\n\n\n<p>En total ha habido 53 positivos en todo el pa\u00eds desde principios de a\u00f1o, aunque solo un paciente est\u00e1 gravemente enfermo.<\/p>\n\n\n\n<p>Pero en&nbsp; Renania del Norte-Westfalia, se estima que unas mil personas est\u00e1n en cuarentena, seg\u00fan informaciones de d\u00edas anteriores<\/p>\n\n\n\n<p>Y tambi\u00e9n la compa\u00f1\u00eda Questex ha comunicado hoy que pospone el foro de inversi\u00f3n hotelera IHIF, que deb\u00eda celebrarse en Berl\u00edn del lunes al mi\u00e9rcoles que viene debido a la preocupaci\u00f3n mundial con respecto al coronavirus.<\/p>\n\n\n\n<p>\u201cLa autoridad sanitaria responsable de Charlottenburg-Wilmersdorf de Berl\u00edn hab\u00eda aumentado los requisitos para que el evento tuviera lugar. Entre otras cosas, la autoridad ordenaba que todos los participantes de la feria deber\u00edan demostrar a Messe Berlin que no provienen de las \u00e1reas de riesgo definidas o que han tenido contacto con una persona de las \u00e1reas de riesgo. Messe Berlin no puede implementar todos estos requisitos\u201d, a\u00f1aden las mismas fuentes.<\/p>\n\n\n\n<p>Adem\u00e1s, estos \u00faltimos d\u00edas varias compa\u00f1\u00edas tur\u00edsticas, hab\u00edan anunciado que cancelaban actos o la asistencia de sus equipos durante la semana de la ITB, entre ellas la central de reservas HRS, los turoperadores DerTouristik yAlltours, la empresa de alquiler de veh\u00edculos Sunny Cars o Korean Air. \u201cEl riesgo es imprevisible\u201d, manifestaron algunos directivos de estas empresas.<\/p>\n\n\n\n<p>El presidente del Consejo de Supervisi\u00f3n de Messe Berlin Wolf-Dieter Wolf ha apuntado: \u201cEn sus 54 a\u00f1os de historia, ITB Berlin y Messe Berlin nunca antes hab\u00edan experimentado una situaci\u00f3n comparable\u201d.<\/p>\n\n\n\n<p><a href=\"https:\/\/www.itb-berlin.com\/Extrapages\/HealthInfo\/\" target=\"_blank\" rel=\"noreferrer noopener\" aria-label=\" (opens in a new tab)\">https:\/\/www.itb-berlin.com\/Extrapages\/HealthInfo\/<\/a><\/p>\n","protected":false},"excerpt":{"rendered":"<p>ITB Berlin 2020 no tendr\u00e1 lugar. Debido a la creciente difusi\u00f3n del nuevo coronavirus COVID-19, el Ministerio Federal de Salud y el Ministerio Federal de Econom\u00eda han decidido cancelar la feria\u201d, seg\u00fan ha informado la instituci\u00f3n ferial Messe Berlin. En un comunicado emitido por Messe Berlin esta ma\u00f1ana, se supo que se estaban coordinando actualmente [&hellip;]<\/p>\n","protected":false},"author":2,"featured_media":3535,"comment_status":"open","ping_status":"open","sticky":false,"template":"","format":"standard","meta":{"footnotes":""},"categories":[113,109],"tags":[],"class_list":["post-3532","post","type-post","status-publish","format-standard","has-post-thumbnail","hentry","category-internacional","category-noticias"],"post_mailing_queue_ids":[],"_links":{"self":[{"href":"https:\/\/nubesmgzdigital.com.ar\/index.php\/wp-json\/wp\/v2\/posts\/3532","targetHints":{"allow":["GET"]}}],"collection":[{"href":"https:\/\/nubesmgzdigital.com.ar\/index.php\/wp-json\/wp\/v2\/posts"}],"about":[{"href":"https:\/\/nubesmgzdigital.com.ar\/index.php\/wp-json\/wp\/v2\/types\/post"}],"author":[{"embeddable":true,"href":"https:\/\/nubesmgzdigital.com.ar\/index.php\/wp-json\/wp\/v2\/users\/2"}],"replies":[{"embeddable":true,"href":"https:\/\/nubesmgzdigital.com.ar\/index.php\/wp-json\/wp\/v2\/comments?post=3532"}],"version-history":[{"count":1,"href":"https:\/\/nubesmgzdigital.com.ar\/index.php\/wp-json\/wp\/v2\/posts\/3532\/revisions"}],"predecessor-version":[{"id":3534,"href":"https:\/\/nubesmgzdigital.com.ar\/index.php\/wp-json\/wp\/v2\/posts\/3532\/revisions\/3534"}],"wp:featuredmedia":[{"embeddable":true,"href":"https:\/\/nubesmgzdigital.com.ar\/index.php\/wp-json\/wp\/v2\/media\/3535"}],"wp:attachment":[{"href":"https:\/\/nubesmgzdigital.com.ar\/index.php\/wp-json\/wp\/v2\/media?parent=3532"}],"wp:term":[{"taxonomy":"category","embeddable":true,"href":"https:\/\/nubesmgzdigital.com.ar\/index.php\/wp-json\/wp\/v2\/categories?post=3532"},{"taxonomy":"post_tag","embeddable":true,"href":"https:\/\/nubesmgzdigital.com.ar\/index.php\/wp-json\/wp\/v2\/tags?post=3532"}],"curies":[{"name":"wp","href":"https:\/\/api.w.org\/{rel}","templated":true}]}}