{"id":3922,"date":"2020-05-22T12:40:41","date_gmt":"2020-05-22T15:40:41","guid":{"rendered":"http:\/\/nubesmgzdigital.com.ar\/?p=3922"},"modified":"2020-05-22T12:40:43","modified_gmt":"2020-05-22T15:40:43","slug":"preocupacion-por-la-magnitud-de-los-costos-que-la-crisis-esta-infringiendo-al-sector-turistico","status":"publish","type":"post","link":"https:\/\/nubesmgzdigital.com.ar\/index.php\/2020\/05\/22\/preocupacion-por-la-magnitud-de-los-costos-que-la-crisis-esta-infringiendo-al-sector-turistico\/","title":{"rendered":"Preocupaci\u00f3n por la magnitud de los costos que la crisis est\u00e1 infringiendo al sector tur\u00edstico"},"content":{"rendered":"\n<p><strong><em>La diputada nacional Lorena Matzen manifest\u00f3 su profunda preocupaci\u00f3n por la magnitud de los costos que la crisis pand\u00e9mica est\u00e1 infringiendo al sector tur\u00edstico.<\/em><\/strong><\/p>\n\n\n\n<p>\u201cLa cadena de valor de todo el complejo tur\u00edstico argentino est\u00e1 destruida; es inconcebible que no tengamos a\u00fan la declaraci\u00f3n de emergencia para el sector\u201d dijo Matzen, que en las \u00faltimas horas particip\u00f3 de reuniones con la C\u00e1mara Argentina de Turismo, con transportistas tur\u00edsticos y con referentes de distintas representaciones del sector. En una de ellas, fue el Secretario de la Federaci\u00f3n Argentina de Asociaciones de Empresas de Viajes y Turismo (FAEVYT) qui\u00e9n expuso con crudeza la situaci\u00f3n, \u201cLas agencias son el eslab\u00f3n m\u00e1s d\u00e9bil, la cara visible de la actividad ante las p\u00e9rdidas y ganancias. Por dar solo un ejemplo, uno de los problemas serios que tienen es afrontar la imposibilidad de devoluci\u00f3n de pagos percibidos por adelantado, dinero que fue utilizado en las reservas\u201d.<\/p>\n\n\n\n<p>A ello se le debe agregar que \u201cLos hoteles tienen problemas con la energ\u00eda contratada adem\u00e1s de la estructura ociosa. El sector gastron\u00f3mico est\u00e1 con problemas para sostener sus infraestructuras, muchos con la decisi\u00f3n de no continuar en actividad. El sector de transporte tur\u00edstico enfrenta severos problemas para sostener sus parques m\u00f3viles adem\u00e1s de las dificultades para abonar salarios sin que hasta el momento en este caso se haya resuelto el aporte comprometido por el Gobierno Nacional; muchos en s\u00edntesis, est\u00e1n ante situaciones que obligan a sus prestadores a pensar en el cierre definitivo\u201d resumi\u00f3 Matzen.<\/p>\n\n\n\n<p>En esta l\u00ednea, la parlamentaria, que viene trabajando desde inicios de la cuarentena en la generaci\u00f3n de respuestas para contener al sector y plantear escenarios futuros, volvi\u00f3 a reclamar la Declaraci\u00f3n de Emergencia para la actividad tur\u00edstica, que a trav\u00e9s de un proyecto de ley presentaran en el mes de marzo en conjunto con los diputados nacionales Alfredo Cornejo y Gustavo Menna, Esta herramienta permitir\u00eda la puesta en marcha de una bater\u00eda de dispositivos, tales como un esquema impositivo distinto e instrumentos legales que generen un marco de confianza para sostener al sector.<\/p>\n\n\n\n<p>\u201cHay que entender, el Gobierno Nacional debe entender que ya no hay margen para promesas. El turismo es una de las industrias m\u00e1s afectadas y ser\u00e1 una de las \u00faltimas en recuperarse por su propia relaci\u00f3n con el movimiento de personas y actividades sociales, expres\u00f3 Matzen.<\/p>\n\n\n\n<figure class=\"wp-block-image size-large\"><a href=\"http:\/\/nubesmgzdigital.com.ar\/\" target=\"_blank\" rel=\"noopener noreferrer\"><img loading=\"lazy\" decoding=\"async\" width=\"1024\" height=\"124\" src=\"http:\/\/nubesmgzdigital.com.ar\/wp-content\/uploads\/2020\/02\/banner-1-3-1024x124.jpg\" alt=\"\" class=\"wp-image-3513\" srcset=\"https:\/\/nubesmgzdigital.com.ar\/wp-content\/uploads\/2020\/02\/banner-1-3-1024x124.jpg 1024w, https:\/\/nubesmgzdigital.com.ar\/wp-content\/uploads\/2020\/02\/banner-1-3-300x36.jpg 300w, https:\/\/nubesmgzdigital.com.ar\/wp-content\/uploads\/2020\/02\/banner-1-3-768x93.jpg 768w, https:\/\/nubesmgzdigital.com.ar\/wp-content\/uploads\/2020\/02\/banner-1-3-1536x186.jpg 1536w, https:\/\/nubesmgzdigital.com.ar\/wp-content\/uploads\/2020\/02\/banner-1-3-696x84.jpg 696w, https:\/\/nubesmgzdigital.com.ar\/wp-content\/uploads\/2020\/02\/banner-1-3-1068x129.jpg 1068w, https:\/\/nubesmgzdigital.com.ar\/wp-content\/uploads\/2020\/02\/banner-1-3.jpg 1896w\" sizes=\"auto, (max-width: 1024px) 100vw, 1024px\" \/><\/a><\/figure>\n\n\n\n<p>En particular, la situaci\u00f3n de R\u00edo Negro en la que el turismo representa el 30% del PBI y de San Carlos de Bariloche, donde sostiene el movimiento econ\u00f3mico m\u00e1s importante con la consecuente generaci\u00f3n de fuentes laborales y recursos de la ciudad, tambi\u00e9n fue abordada durante las reuniones mantenidas. \u201cBariloche no resiste una sola herida m\u00e1s\u201d dijo Matzen.<\/p>\n\n\n\n<p>\u201cEl Congreso a debe tratar estas iniciativas, debe abocarse sin m\u00e1s dilaciones a pensar en el presente econ\u00f3mico del turismo, as\u00ed como en el d\u00eda despu\u00e9s y en los escenarios futuros. El Poder Ejecutivo debe ser m\u00e1s expeditivo en las soluciones anunciadas y esperadas, as\u00ed como unificar criterios, tanto en lo econ\u00f3mico como en la elaboraci\u00f3n de protocolos, de manera de generar confianza y previsibilidad\u201d finaliz\u00f3 Matzen.<\/p>\n\n\n\n<div class=\"wp-block-image\"><figure class=\"alignleft size-large is-resized\"><img loading=\"lazy\" decoding=\"async\" src=\"http:\/\/nubesmgzdigital.com.ar\/wp-content\/uploads\/2020\/05\/WhatsApp-Image-2020-05-22-at-12.27.10-PM-1.jpeg\" alt=\"\" class=\"wp-image-3923\" width=\"106\" height=\"106\" srcset=\"https:\/\/nubesmgzdigital.com.ar\/wp-content\/uploads\/2020\/05\/WhatsApp-Image-2020-05-22-at-12.27.10-PM-1.jpeg 399w, https:\/\/nubesmgzdigital.com.ar\/wp-content\/uploads\/2020\/05\/WhatsApp-Image-2020-05-22-at-12.27.10-PM-1-300x300.jpeg 300w, https:\/\/nubesmgzdigital.com.ar\/wp-content\/uploads\/2020\/05\/WhatsApp-Image-2020-05-22-at-12.27.10-PM-1-150x150.jpeg 150w\" sizes=\"auto, (max-width: 106px) 100vw, 106px\" \/><\/figure><\/div>\n\n\n\n<p class=\"has-text-color has-vivid-cyan-blue-color\">LORENA MATZEN \u2013 DIPUTADA NACIONAL (Provincia de R\u00edo Negro)<\/p>\n","protected":false},"excerpt":{"rendered":"<p>La diputada nacional Lorena Matzen manifest\u00f3 su profunda preocupaci\u00f3n por la magnitud de los costos que la crisis pand\u00e9mica est\u00e1 infringiendo al sector tur\u00edstico. \u201cLa cadena de valor de todo el complejo tur\u00edstico argentino est\u00e1 destruida; es inconcebible que no tengamos a\u00fan la declaraci\u00f3n de emergencia para el sector\u201d dijo Matzen, que en las \u00faltimas [&hellip;]<\/p>\n","protected":false},"author":2,"featured_media":3924,"comment_status":"open","ping_status":"open","sticky":false,"template":"","format":"standard","meta":{"footnotes":""},"categories":[111,109],"tags":[],"class_list":["post-3922","post","type-post","status-publish","format-standard","has-post-thumbnail","hentry","category-nacional","category-noticias"],"post_mailing_queue_ids":[],"_links":{"self":[{"href":"https:\/\/nubesmgzdigital.com.ar\/index.php\/wp-json\/wp\/v2\/posts\/3922","targetHints":{"allow":["GET"]}}],"collection":[{"href":"https:\/\/nubesmgzdigital.com.ar\/index.php\/wp-json\/wp\/v2\/posts"}],"about":[{"href":"https:\/\/nubesmgzdigital.com.ar\/index.php\/wp-json\/wp\/v2\/types\/post"}],"author":[{"embeddable":true,"href":"https:\/\/nubesmgzdigital.com.ar\/index.php\/wp-json\/wp\/v2\/users\/2"}],"replies":[{"embeddable":true,"href":"https:\/\/nubesmgzdigital.com.ar\/index.php\/wp-json\/wp\/v2\/comments?post=3922"}],"version-history":[{"count":1,"href":"https:\/\/nubesmgzdigital.com.ar\/index.php\/wp-json\/wp\/v2\/posts\/3922\/revisions"}],"predecessor-version":[{"id":3925,"href":"https:\/\/nubesmgzdigital.com.ar\/index.php\/wp-json\/wp\/v2\/posts\/3922\/revisions\/3925"}],"wp:featuredmedia":[{"embeddable":true,"href":"https:\/\/nubesmgzdigital.com.ar\/index.php\/wp-json\/wp\/v2\/media\/3924"}],"wp:attachment":[{"href":"https:\/\/nubesmgzdigital.com.ar\/index.php\/wp-json\/wp\/v2\/media?parent=3922"}],"wp:term":[{"taxonomy":"category","embeddable":true,"href":"https:\/\/nubesmgzdigital.com.ar\/index.php\/wp-json\/wp\/v2\/categories?post=3922"},{"taxonomy":"post_tag","embeddable":true,"href":"https:\/\/nubesmgzdigital.com.ar\/index.php\/wp-json\/wp\/v2\/tags?post=3922"}],"curies":[{"name":"wp","href":"https:\/\/api.w.org\/{rel}","templated":true}]}}