{"id":3926,"date":"2020-05-22T19:55:08","date_gmt":"2020-05-22T22:55:08","guid":{"rendered":"http:\/\/nubesmgzdigital.com.ar\/?p=3926"},"modified":"2020-05-22T19:57:13","modified_gmt":"2020-05-22T22:57:13","slug":"lammens-resalto-la-creacion-de-tres-fondos-de-ayuda-para-el-sector-turistico-nacional","status":"publish","type":"post","link":"https:\/\/nubesmgzdigital.com.ar\/index.php\/2020\/05\/22\/lammens-resalto-la-creacion-de-tres-fondos-de-ayuda-para-el-sector-turistico-nacional\/","title":{"rendered":"Lammens resalt\u00f3 la creaci\u00f3n de tres fondos de ayuda para el sector tur\u00edstico nacional"},"content":{"rendered":"\n<p><strong>&#8220;Tenemos la orden del presidente Alberto Fern\u00e1ndez de auxiliar a toda la cadena de valores de la actividad tur\u00edstica ante esta crisis y contamos con las herramientas para hacerlo&#8221;, remarc\u00f3 el ministro de Turismo.<\/strong><\/p>\n\n\n\n<p class=\"has-drop-cap\">El ministro de Turismo y Deportes de la Naci\u00f3n, Mat\u00edas Lammenes, resalt\u00f3 que para el Plan de Auxilio, Capacitaci\u00f3n e Infraestructura para el Turismo (Pacit), &#8220;para aliviar la crisis del sector ra\u00edz de la pandemia de coronavirus&#8221;, se crear\u00e1n tres fondos que contar\u00e1n con un presupuesto aproximado de 4.000 millones de pesos.<\/p>\n\n\n\n<p>&#8220;Tenemos la orden del presidente Alberto Fern\u00e1ndez de auxiliar a toda la cadena de valores de la actividad tur\u00edstica ante esta crisis y contamos con las herramientas para hacerlo&#8221;, remarc\u00f3 el funcionario nacional en declaraciones radiales.<\/p>\n\n\n\n<p><strong>Se trata del Fondo de Auxilio y Capacitaci\u00f3n Tur\u00edstica (FACT), con un presupuesto de 2.600 millones de pesos, y en articulaci\u00f3n el BID, su objetivo es contener las MiPyMEs.<\/strong><\/p>\n\n\n\n<p><strong>Abarca empresas de hoteler\u00eda, gastronom\u00eda y agencias de viaje, otorg\u00e1ndoles un beneficio que les permita transitar la emergencia manteniendo la n\u00f3mina de empleados y adaptando la oferta tur\u00edstica al nuevo escenario post Covid-19<\/strong>&nbsp;con capacitaciones y mejoras en el servicio.<\/p>\n\n\n\n<p>El segundo es el Fondo Complementario para emprendedores y emprendedoras, que ser\u00e1n 100 millones de pesos destinados a los prestadores de actividades complementarias como gu\u00edas, choferes, peque\u00f1as excursiones, y caba\u00f1eros.<\/p>\n\n\n\n<p>Se priorizar\u00e1n proyectos orientados al desarrollo de la actividad que realicen, al fomento de la inclusi\u00f3n social y la equidad de g\u00e9nero, la innovaci\u00f3n y creatividad de su propuesta tur\u00edstica, entre otros.<\/p>\n\n\n\n<div class=\"wp-block-image\"><figure class=\"alignright size-large\"><img decoding=\"async\" src=\"https:\/\/www.telam.com.ar\/advf\/imagenes\/2019\/12\/5dfd2131f2e00_324x182.jpg\" alt=\"\" \/><\/figure><\/div>\n\n\n\n<p>En tanto,<strong>&nbsp;el Plan 50 Destinos, con 1.200 millones de pesos originarios de la recaudaci\u00f3n del impuesto PAIS, destinar\u00e1 unos 50 millones de pesos por provincia para llevar adelante obras de infraestructura tur\u00edstica que apunten a dinamizar la actividad<\/strong>, con mejoras que fortalezcan la oferta tur\u00edstica y fomenten la competitividad sectorial.<\/p>\n\n\n\n<p>Lammens asegur\u00f3 que como contraprestaci\u00f3n a estos fondos exigen &#8220;capacitaci\u00f3n y acumulaci\u00f3n de conocimientos para todos los actores del sector, porque esto mejorar\u00e1 a los empleadores, los trabajadores y los destinos y permitir\u00e1 entender las nuevas maneras de hacer turismo tras el coronavirus&#8221;.<\/p>\n\n\n\n<p>El funcionario record\u00f3 que tambi\u00e9n se llevan adelante gestiones con Agua y Saneamiento Ambiental (AySA) y las empresas de electricidad para establecer contemplaciones en las tarifas, porque, sostuvo, &#8220;es imposible calcular esos valores en base a la actividad del a\u00f1o pasado cuando en la actualidad el sector est\u00e1 paralizado&#8221;.<\/p>\n\n\n\n<p>Por otra parte, destac\u00f3 la actitud de todas las provincias y los municipios &#8220;porque no hubo mezquindades pol\u00edticas y trabajaron en la misma direcci\u00f3n del gobierno nacional para enfrentar esta crisis&#8221;.<\/p>\n\n\n\n<p>Adem\u00e1s, se mostr\u00f3 satisfecho con el avance de la creaci\u00f3n de protocolos de seguridad e higiene para cuando regrese la actividad, un trabajo que el Ministerio lleva adelante con el Instituto de Calidad Tur\u00edstica, la C\u00e1mara Argentina de Turismo y las entidades que representan a los hoteleros y gastron\u00f3micos y a las agencias de viajes.<\/p>\n\n\n\n<p>El titular de la cartera tur\u00edstica consider\u00f3 que en poco tiempo tendr\u00e1n &#8220;protocolos de alcance nacional que permitir\u00e1n que los turistas se sientan seguros a la hora de viajar&#8221;.<\/p>\n\n\n\n<p>&#8220;El sector va a salir fortalecido de la crisis provocada por el coronavirus y va a volver a demostrar su capacidad de resistencia y creatividad&#8221;, augur\u00f3 el funcionario nacional.<\/p>\n\n\n\n<figure class=\"wp-block-image size-large\"><a href=\"http:\/\/nubesmgzdigital.com.ar\/\" target=\"_blank\" rel=\"noopener noreferrer\"><img loading=\"lazy\" decoding=\"async\" width=\"1024\" height=\"124\" src=\"http:\/\/nubesmgzdigital.com.ar\/wp-content\/uploads\/2020\/02\/banner-1-3-1024x124.jpg\" alt=\"\" class=\"wp-image-3513\" srcset=\"https:\/\/nubesmgzdigital.com.ar\/wp-content\/uploads\/2020\/02\/banner-1-3-1024x124.jpg 1024w, https:\/\/nubesmgzdigital.com.ar\/wp-content\/uploads\/2020\/02\/banner-1-3-300x36.jpg 300w, https:\/\/nubesmgzdigital.com.ar\/wp-content\/uploads\/2020\/02\/banner-1-3-768x93.jpg 768w, https:\/\/nubesmgzdigital.com.ar\/wp-content\/uploads\/2020\/02\/banner-1-3-1536x186.jpg 1536w, https:\/\/nubesmgzdigital.com.ar\/wp-content\/uploads\/2020\/02\/banner-1-3-696x84.jpg 696w, https:\/\/nubesmgzdigital.com.ar\/wp-content\/uploads\/2020\/02\/banner-1-3-1068x129.jpg 1068w, https:\/\/nubesmgzdigital.com.ar\/wp-content\/uploads\/2020\/02\/banner-1-3.jpg 1896w\" sizes=\"auto, (max-width: 1024px) 100vw, 1024px\" \/><\/a><\/figure>\n","protected":false},"excerpt":{"rendered":"<p>&#8220;Tenemos la orden del presidente Alberto Fern\u00e1ndez de auxiliar a toda la cadena de valores de la actividad tur\u00edstica ante esta crisis y contamos con las herramientas para hacerlo&#8221;, remarc\u00f3 el ministro de Turismo. El ministro de Turismo y Deportes de la Naci\u00f3n, Mat\u00edas Lammenes, resalt\u00f3 que para el Plan de Auxilio, Capacitaci\u00f3n e Infraestructura [&hellip;]<\/p>\n","protected":false},"author":2,"featured_media":3927,"comment_status":"open","ping_status":"open","sticky":false,"template":"","format":"standard","meta":{"footnotes":""},"categories":[111,109],"tags":[],"class_list":["post-3926","post","type-post","status-publish","format-standard","has-post-thumbnail","hentry","category-nacional","category-noticias"],"post_mailing_queue_ids":[],"_links":{"self":[{"href":"https:\/\/nubesmgzdigital.com.ar\/index.php\/wp-json\/wp\/v2\/posts\/3926","targetHints":{"allow":["GET"]}}],"collection":[{"href":"https:\/\/nubesmgzdigital.com.ar\/index.php\/wp-json\/wp\/v2\/posts"}],"about":[{"href":"https:\/\/nubesmgzdigital.com.ar\/index.php\/wp-json\/wp\/v2\/types\/post"}],"author":[{"embeddable":true,"href":"https:\/\/nubesmgzdigital.com.ar\/index.php\/wp-json\/wp\/v2\/users\/2"}],"replies":[{"embeddable":true,"href":"https:\/\/nubesmgzdigital.com.ar\/index.php\/wp-json\/wp\/v2\/comments?post=3926"}],"version-history":[{"count":1,"href":"https:\/\/nubesmgzdigital.com.ar\/index.php\/wp-json\/wp\/v2\/posts\/3926\/revisions"}],"predecessor-version":[{"id":3928,"href":"https:\/\/nubesmgzdigital.com.ar\/index.php\/wp-json\/wp\/v2\/posts\/3926\/revisions\/3928"}],"wp:featuredmedia":[{"embeddable":true,"href":"https:\/\/nubesmgzdigital.com.ar\/index.php\/wp-json\/wp\/v2\/media\/3927"}],"wp:attachment":[{"href":"https:\/\/nubesmgzdigital.com.ar\/index.php\/wp-json\/wp\/v2\/media?parent=3926"}],"wp:term":[{"taxonomy":"category","embeddable":true,"href":"https:\/\/nubesmgzdigital.com.ar\/index.php\/wp-json\/wp\/v2\/categories?post=3926"},{"taxonomy":"post_tag","embeddable":true,"href":"https:\/\/nubesmgzdigital.com.ar\/index.php\/wp-json\/wp\/v2\/tags?post=3926"}],"curies":[{"name":"wp","href":"https:\/\/api.w.org\/{rel}","templated":true}]}}