{"id":3929,"date":"2020-05-24T18:19:38","date_gmt":"2020-05-24T21:19:38","guid":{"rendered":"http:\/\/nubesmgzdigital.com.ar\/?p=3929"},"modified":"2020-05-24T18:19:41","modified_gmt":"2020-05-24T21:19:41","slug":"eficiencia-de-recursos-en-turismo","status":"publish","type":"post","link":"https:\/\/nubesmgzdigital.com.ar\/index.php\/2020\/05\/24\/eficiencia-de-recursos-en-turismo\/","title":{"rendered":"EFICIENCIA DE RECURSOS EN TURISMO"},"content":{"rendered":"\n<p><em><strong>Informe de referencia sobre la integraci\u00f3n de los patrones de consumo y producci\u00f3n sostenibles en las pol\u00edticas tur\u00edsticas<\/strong><\/em><\/p>\n\n\n\n<p class=\"has-drop-cap\">Avanzar en los patrones de consumo y producci\u00f3n sostenibles (CPS) es esencial para que el sector contribuya de manera efectiva al desarrollo sostenible.\u00a0La OMT espera que las llegadas de turistas internacionales lleguen a 1.800 millones para 2030, si no antes.\u00a0Como el sector est\u00e1 creciendo m\u00e1s r\u00e1pido que la econom\u00eda mundial o el comercio internacional, la necesidad de desacoplar su crecimiento del uso de los recursos naturales es de gran importancia.<\/p>\n\n\n\n<p>La OMT con el apoyo de ONU Medio Ambiente y el Gobierno de Francia se embarcaron en este proyecto de investigaci\u00f3n con el objetivo de obtener informaci\u00f3n sobre la integraci\u00f3n de CPS en las pol\u00edticas tur\u00edsticas.&nbsp;Basado en 101 pol\u00edticas nacionales de turismo de todo el mundo, este informe presenta la primera evaluaci\u00f3n global de los instrumentos de pol\u00edtica de CPS en el turismo nacional.&nbsp;El informe tambi\u00e9n contribuye a visualizar el progreso logrado hacia la implementaci\u00f3n de la Meta 12b de los ODS, que exige &#8220;el desarrollo y la implementaci\u00f3n de herramientas para monitorear los impactos del turismo en el desarrollo sostenible&#8221;.<\/p>\n\n\n\n<p>El informe finalmente tiene como objetivo inspirar a los interesados \u200b\u200by alentarlos a avanzar en la implementaci\u00f3n de los ODS a trav\u00e9s del turismo sostenible al recomendar cinco enfoques estrat\u00e9gicos, tales como:&nbsp;<\/p>\n\n\n\n<ul class=\"wp-block-list\"><li>Use los SDG como marco de referencia y priorice SDG12 para los efectos multiplicadores;&nbsp;<\/li><li>Esbozar instrumentos de pol\u00edtica de CPS para allanar el camino hacia la implementaci\u00f3n de pol\u00edticas;<\/li><li>Apoyar la medici\u00f3n regular y oportuna de SCP para una implementaci\u00f3n efectiva;<\/li><li>Incorporar datos geoespaciales para visualizar las interacciones del turismo con el medio ambiente;<\/li><li>Adopte otros enfoques innovadores: la circularidad como un habilitador SCP.<\/li><\/ul>\n\n\n\n<h2 class=\"wp-block-heading\">ENLACE RELACIONADO<\/h2>\n\n\n\n<ul class=\"wp-block-list\"><li><a href=\"https:\/\/webunwto.s3.eu-west-1.amazonaws.com\/s3fs-public\/2019-12\/baseline_infographic-700x2407.jpg\">Infograf\u00eda<\/a><\/li><li><a href=\"https:\/\/www.youtube.com\/watch?v=Jj2O0T5JvEQ&amp;feature=youtu.be\">VISTA PREVIA DEL INFORME<\/a><\/li><li><a href=\"https:\/\/www.e-unwto.org\/doi\/book\/10.18111\/9789284420605\">Informe completo en la biblioteca electr\u00f3nica de la OMT<\/a><\/li><\/ul>\n\n\n\n<h2 class=\"wp-block-heading\">CHARLAS SOBRE POL\u00cdTICAS DE TURISMO SOSTENIBLE #SDGSTOURISMTALKS<\/h2>\n\n\n\n<p>En las conversaciones sobre pol\u00edticas de turismo sostenible, se invita a los ministros de turismo a compartir su visi\u00f3n sobre la implementaci\u00f3n de pol\u00edticas de turismo y la contribuci\u00f3n del sector al logro del ODS 12 sobre consumo y producci\u00f3n sostenibles y otros ODS relacionados.<\/p>\n\n\n\n<p>Los #SDGsTourismTalks se basan en las recomendaciones estrat\u00e9gicas del Informe de referencia sobre la integraci\u00f3n del consumo y la producci\u00f3n sostenibles en las pol\u00edticas tur\u00edsticas y brindan a los Estados miembros la oportunidad de difundir sus esfuerzos y su compromiso para desarrollar pol\u00edticas de turismo s\u00f3lidas y garantizar su aplicaci\u00f3n efectiva.<\/p>\n\n\n\n<p><strong>#SDGsTourismTalks &#8211; Introducci\u00f3n por el Sr. Zurab Pololikashvili, Secretario General, OMT<\/strong><\/p>\n\n\n\n<div class=\"wp-block-group\"><div class=\"wp-block-group__inner-container is-layout-flow wp-block-group-is-layout-flow\">\n<figure class=\"wp-block-embed-youtube wp-block-embed is-type-video is-provider-youtube wp-embed-aspect-16-9 wp-has-aspect-ratio\"><div class=\"wp-block-embed__wrapper\">\n<iframe loading=\"lazy\"  id=\"_ytid_38584\"  width=\"640\" height=\"360\"  data-origwidth=\"640\" data-origheight=\"360\" src=\"https:\/\/www.youtube.com\/embed\/tzBDIgojgXA?enablejsapi=1&#038;autoplay=0&#038;cc_load_policy=0&#038;cc_lang_pref=&#038;iv_load_policy=1&#038;loop=0&#038;rel=1&#038;fs=1&#038;playsinline=0&#038;autohide=2&#038;theme=dark&#038;color=red&#038;controls=1&#038;disablekb=0&#038;\" class=\"__youtube_prefs__  epyt-is-override  no-lazyload\" title=\"YouTube player\"  allow=\"fullscreen; accelerometer; autoplay; clipboard-write; encrypted-media; gyroscope; picture-in-picture; web-share\" referrerpolicy=\"strict-origin-when-cross-origin\" allowfullscreen data-no-lazy=\"1\" data-skipgform_ajax_framebjll=\"\"><\/iframe>\n<\/div><\/figure>\n<\/div><\/div>\n\n\n\n<p><strong>#SDGsTourismTalks&nbsp;&nbsp;<\/strong><strong>&#8211;&nbsp;&nbsp;<\/strong><strong>Sra. Nikolina Angelkova, Ministra de Turismo de Bulgaria<\/strong><\/p>\n\n\n\n<figure class=\"wp-block-embed-youtube wp-block-embed is-type-video is-provider-youtube wp-embed-aspect-16-9 wp-has-aspect-ratio\"><div class=\"wp-block-embed__wrapper\">\n<iframe loading=\"lazy\"  id=\"_ytid_37131\"  width=\"640\" height=\"360\"  data-origwidth=\"640\" data-origheight=\"360\" src=\"https:\/\/www.youtube.com\/embed\/_sh6cCD2C8U?enablejsapi=1&#038;autoplay=0&#038;cc_load_policy=0&#038;cc_lang_pref=&#038;iv_load_policy=1&#038;loop=0&#038;rel=1&#038;fs=1&#038;playsinline=0&#038;autohide=2&#038;theme=dark&#038;color=red&#038;controls=1&#038;disablekb=0&#038;\" class=\"__youtube_prefs__  epyt-is-override  no-lazyload\" title=\"YouTube player\"  allow=\"fullscreen; accelerometer; autoplay; clipboard-write; encrypted-media; gyroscope; picture-in-picture; web-share\" referrerpolicy=\"strict-origin-when-cross-origin\" allowfullscreen data-no-lazy=\"1\" data-skipgform_ajax_framebjll=\"\"><\/iframe>\n<\/div><\/figure>\n\n\n\n<p><strong>#SDGsTourismTalks&nbsp;&nbsp;<\/strong><strong>&#8211;&nbsp;&nbsp;<\/strong><strong>Sr. Benjam\u00edn Liberoff, Viceministro de Turismo de Uruguay<\/strong><\/p>\n\n\n\n<figure class=\"wp-block-embed-youtube wp-block-embed is-type-video is-provider-youtube wp-embed-aspect-16-9 wp-has-aspect-ratio\"><div class=\"wp-block-embed__wrapper\">\n<iframe loading=\"lazy\"  id=\"_ytid_73355\"  width=\"640\" height=\"360\"  data-origwidth=\"640\" data-origheight=\"360\" src=\"https:\/\/www.youtube.com\/embed\/Qt3tIm4Ug7w?enablejsapi=1&#038;autoplay=0&#038;cc_load_policy=0&#038;cc_lang_pref=&#038;iv_load_policy=1&#038;loop=0&#038;rel=1&#038;fs=1&#038;playsinline=0&#038;autohide=2&#038;theme=dark&#038;color=red&#038;controls=1&#038;disablekb=0&#038;\" class=\"__youtube_prefs__  epyt-is-override  no-lazyload\" title=\"YouTube player\"  allow=\"fullscreen; accelerometer; autoplay; clipboard-write; encrypted-media; gyroscope; picture-in-picture; web-share\" referrerpolicy=\"strict-origin-when-cross-origin\" allowfullscreen data-no-lazy=\"1\" data-skipgform_ajax_framebjll=\"\"><\/iframe>\n<\/div><\/figure>\n\n\n\n<p><strong>#SDGsTourismTalks &#8211; Sra. Ana Godinho, Secretaria de Estado de Turismo de Portugal&nbsp;<\/strong><\/p>\n\n\n\n<figure class=\"wp-block-embed-youtube wp-block-embed is-type-video is-provider-youtube wp-embed-aspect-16-9 wp-has-aspect-ratio\"><div class=\"wp-block-embed__wrapper\">\n<iframe loading=\"lazy\"  id=\"_ytid_55825\"  width=\"640\" height=\"360\"  data-origwidth=\"640\" data-origheight=\"360\" src=\"https:\/\/www.youtube.com\/embed\/hdYCNg1BZ1w?enablejsapi=1&#038;autoplay=0&#038;cc_load_policy=0&#038;cc_lang_pref=&#038;iv_load_policy=1&#038;loop=0&#038;rel=1&#038;fs=1&#038;playsinline=0&#038;autohide=2&#038;theme=dark&#038;color=red&#038;controls=1&#038;disablekb=0&#038;\" class=\"__youtube_prefs__  epyt-is-override  no-lazyload\" title=\"YouTube player\"  allow=\"fullscreen; accelerometer; autoplay; clipboard-write; encrypted-media; gyroscope; picture-in-picture; web-share\" referrerpolicy=\"strict-origin-when-cross-origin\" allowfullscreen data-no-lazy=\"1\" data-skipgform_ajax_framebjll=\"\"><\/iframe>\n<\/div><\/figure>\n\n\n\n<p><strong>#SDGsTourismTalks &#8211; Sr. Najib Balala, Secretario del Gabinete del Ministerio de Turismo y Vida Silvestre de Kenia&nbsp;<\/strong><\/p>\n\n\n\n<figure class=\"wp-block-embed-youtube wp-block-embed is-type-video is-provider-youtube wp-embed-aspect-16-9 wp-has-aspect-ratio\"><div class=\"wp-block-embed__wrapper\">\n<iframe loading=\"lazy\"  id=\"_ytid_27412\"  width=\"640\" height=\"360\"  data-origwidth=\"640\" data-origheight=\"360\" src=\"https:\/\/www.youtube.com\/embed\/SCDxmM9oaAo?enablejsapi=1&#038;autoplay=0&#038;cc_load_policy=0&#038;cc_lang_pref=&#038;iv_load_policy=1&#038;loop=0&#038;rel=1&#038;fs=1&#038;playsinline=0&#038;autohide=2&#038;theme=dark&#038;color=red&#038;controls=1&#038;disablekb=0&#038;\" class=\"__youtube_prefs__  epyt-is-override  no-lazyload\" title=\"YouTube player\"  allow=\"fullscreen; accelerometer; autoplay; clipboard-write; encrypted-media; gyroscope; picture-in-picture; web-share\" referrerpolicy=\"strict-origin-when-cross-origin\" allowfullscreen data-no-lazy=\"1\" data-skipgform_ajax_framebjll=\"\"><\/iframe>\n<\/div><\/figure>\n\n\n\n<p><strong>#SDGsTourismTalks &#8211; Sr. Jorge Mario Chaj\u00f3n Aguilar, Director del Instituto de Turismo de Guatemala&nbsp;<\/strong><\/p>\n\n\n\n<figure class=\"wp-block-embed-youtube wp-block-embed is-type-video is-provider-youtube wp-embed-aspect-16-9 wp-has-aspect-ratio\"><div class=\"wp-block-embed__wrapper\">\n<iframe loading=\"lazy\"  id=\"_ytid_95640\"  width=\"640\" height=\"360\"  data-origwidth=\"640\" data-origheight=\"360\" src=\"https:\/\/www.youtube.com\/embed\/MYjj2BKxL4Q?enablejsapi=1&#038;autoplay=0&#038;cc_load_policy=0&#038;cc_lang_pref=&#038;iv_load_policy=1&#038;loop=0&#038;rel=1&#038;fs=1&#038;playsinline=0&#038;autohide=2&#038;theme=dark&#038;color=red&#038;controls=1&#038;disablekb=0&#038;\" class=\"__youtube_prefs__  epyt-is-override  no-lazyload\" title=\"YouTube player\"  allow=\"fullscreen; accelerometer; autoplay; clipboard-write; encrypted-media; gyroscope; picture-in-picture; web-share\" referrerpolicy=\"strict-origin-when-cross-origin\" allowfullscreen data-no-lazy=\"1\" data-skipgform_ajax_framebjll=\"\"><\/iframe>\n<\/div><\/figure>\n\n\n\n<p><strong>#SDGsTourismTalk&nbsp;<\/strong><strong>s&nbsp;<\/strong><strong>&#8211;&nbsp;<\/strong><strong>&nbsp;Sr. Jose da Silva Gon\u00e7alves, Ministro de Turismo, Transporte y Econom\u00eda Mar\u00edtima de Cabo Verde&nbsp;<\/strong><\/p>\n\n\n\n<figure class=\"wp-block-embed-youtube wp-block-embed is-type-video is-provider-youtube wp-embed-aspect-16-9 wp-has-aspect-ratio\"><div class=\"wp-block-embed__wrapper\">\n<iframe loading=\"lazy\"  id=\"_ytid_67374\"  width=\"640\" height=\"360\"  data-origwidth=\"640\" data-origheight=\"360\" src=\"https:\/\/www.youtube.com\/embed\/_8XHODZtHv4?enablejsapi=1&#038;autoplay=0&#038;cc_load_policy=0&#038;cc_lang_pref=&#038;iv_load_policy=1&#038;loop=0&#038;rel=1&#038;fs=1&#038;playsinline=0&#038;autohide=2&#038;theme=dark&#038;color=red&#038;controls=1&#038;disablekb=0&#038;\" class=\"__youtube_prefs__  epyt-is-override  no-lazyload\" title=\"YouTube player\"  allow=\"fullscreen; accelerometer; autoplay; clipboard-write; encrypted-media; gyroscope; picture-in-picture; web-share\" referrerpolicy=\"strict-origin-when-cross-origin\" allowfullscreen data-no-lazy=\"1\" data-skipgform_ajax_framebjll=\"\"><\/iframe>\n<\/div><\/figure>\n\n\n\n<p><strong>#SDGsTourismTalks &#8211; Sra. Maria Amalia Revelo, Ministra de Turismo, Instituto Costarricense de Turismo<\/strong><\/p>\n\n\n\n<figure class=\"wp-block-embed-youtube wp-block-embed is-type-video is-provider-youtube wp-embed-aspect-16-9 wp-has-aspect-ratio\"><div class=\"wp-block-embed__wrapper\">\n<iframe loading=\"lazy\"  id=\"_ytid_49909\"  width=\"640\" height=\"360\"  data-origwidth=\"640\" data-origheight=\"360\" src=\"https:\/\/www.youtube.com\/embed\/rBOBtPPdZgU?enablejsapi=1&#038;autoplay=0&#038;cc_load_policy=0&#038;cc_lang_pref=&#038;iv_load_policy=1&#038;loop=0&#038;rel=1&#038;fs=1&#038;playsinline=0&#038;autohide=2&#038;theme=dark&#038;color=red&#038;controls=1&#038;disablekb=0&#038;\" class=\"__youtube_prefs__  epyt-is-override  no-lazyload\" title=\"YouTube player\"  allow=\"fullscreen; accelerometer; autoplay; clipboard-write; encrypted-media; gyroscope; picture-in-picture; web-share\" referrerpolicy=\"strict-origin-when-cross-origin\" allowfullscreen data-no-lazy=\"1\" data-skipgform_ajax_framebjll=\"\"><\/iframe>\n<\/div><\/figure>\n\n\n\n<figure class=\"wp-block-image size-large\"><a href=\"https:\/\/www.unwto.org\/sustainable-development\/resource-efficiency-in-tourism\" target=\"_blank\" rel=\"noopener noreferrer\"><img loading=\"lazy\" decoding=\"async\" width=\"1024\" height=\"211\" src=\"http:\/\/nubesmgzdigital.com.ar\/wp-content\/uploads\/2020\/05\/PRENA-OMT-1-1024x211.jpg\" alt=\"\" class=\"wp-image-3891\" srcset=\"https:\/\/nubesmgzdigital.com.ar\/wp-content\/uploads\/2020\/05\/PRENA-OMT-1-1024x211.jpg 1024w, https:\/\/nubesmgzdigital.com.ar\/wp-content\/uploads\/2020\/05\/PRENA-OMT-1-300x62.jpg 300w, https:\/\/nubesmgzdigital.com.ar\/wp-content\/uploads\/2020\/05\/PRENA-OMT-1-768x158.jpg 768w, https:\/\/nubesmgzdigital.com.ar\/wp-content\/uploads\/2020\/05\/PRENA-OMT-1-696x144.jpg 696w, https:\/\/nubesmgzdigital.com.ar\/wp-content\/uploads\/2020\/05\/PRENA-OMT-1-1068x220.jpg 1068w, https:\/\/nubesmgzdigital.com.ar\/wp-content\/uploads\/2020\/05\/PRENA-OMT-1.jpg 1188w\" sizes=\"auto, (max-width: 1024px) 100vw, 1024px\" \/><\/a><\/figure>\n","protected":false},"excerpt":{"rendered":"<p>Informe de referencia sobre la integraci\u00f3n de los patrones de consumo y producci\u00f3n sostenibles en las pol\u00edticas tur\u00edsticas Avanzar en los patrones de consumo y producci\u00f3n sostenibles (CPS) es esencial para que el sector contribuya de manera efectiva al desarrollo sostenible.\u00a0La OMT espera que las llegadas de turistas internacionales lleguen a 1.800 millones para 2030, [&hellip;]<\/p>\n","protected":false},"author":2,"featured_media":3930,"comment_status":"open","ping_status":"open","sticky":false,"template":"","format":"standard","meta":{"footnotes":""},"categories":[138],"tags":[],"class_list":["post-3929","post","type-post","status-publish","format-standard","has-post-thumbnail","hentry","category-medio-ambiente"],"post_mailing_queue_ids":[],"_links":{"self":[{"href":"https:\/\/nubesmgzdigital.com.ar\/index.php\/wp-json\/wp\/v2\/posts\/3929","targetHints":{"allow":["GET"]}}],"collection":[{"href":"https:\/\/nubesmgzdigital.com.ar\/index.php\/wp-json\/wp\/v2\/posts"}],"about":[{"href":"https:\/\/nubesmgzdigital.com.ar\/index.php\/wp-json\/wp\/v2\/types\/post"}],"author":[{"embeddable":true,"href":"https:\/\/nubesmgzdigital.com.ar\/index.php\/wp-json\/wp\/v2\/users\/2"}],"replies":[{"embeddable":true,"href":"https:\/\/nubesmgzdigital.com.ar\/index.php\/wp-json\/wp\/v2\/comments?post=3929"}],"version-history":[{"count":1,"href":"https:\/\/nubesmgzdigital.com.ar\/index.php\/wp-json\/wp\/v2\/posts\/3929\/revisions"}],"predecessor-version":[{"id":3931,"href":"https:\/\/nubesmgzdigital.com.ar\/index.php\/wp-json\/wp\/v2\/posts\/3929\/revisions\/3931"}],"wp:featuredmedia":[{"embeddable":true,"href":"https:\/\/nubesmgzdigital.com.ar\/index.php\/wp-json\/wp\/v2\/media\/3930"}],"wp:attachment":[{"href":"https:\/\/nubesmgzdigital.com.ar\/index.php\/wp-json\/wp\/v2\/media?parent=3929"}],"wp:term":[{"taxonomy":"category","embeddable":true,"href":"https:\/\/nubesmgzdigital.com.ar\/index.php\/wp-json\/wp\/v2\/categories?post=3929"},{"taxonomy":"post_tag","embeddable":true,"href":"https:\/\/nubesmgzdigital.com.ar\/index.php\/wp-json\/wp\/v2\/tags?post=3929"}],"curies":[{"name":"wp","href":"https:\/\/api.w.org\/{rel}","templated":true}]}}