{"id":4510,"date":"2020-08-06T10:15:46","date_gmt":"2020-08-06T13:15:46","guid":{"rendered":"http:\/\/nubesmgzdigital.com.ar\/?p=4510"},"modified":"2020-08-06T10:15:48","modified_gmt":"2020-08-06T13:15:48","slug":"aeromexico-reactiva-sus-operaciones-en-ecuador","status":"publish","type":"post","link":"https:\/\/nubesmgzdigital.com.ar\/index.php\/2020\/08\/06\/aeromexico-reactiva-sus-operaciones-en-ecuador\/","title":{"rendered":"Aerom\u00e9xico reactiva sus operaciones en Ecuador"},"content":{"rendered":"\n<p>Aerom\u00e9xico reanud\u00f3 sus operaciones este domingo en Quito con una oferta de tres vuelos semanales a Ciudad de M\u00e9xico. Para celebrar el regreso de la aerol\u00ednea en Ecuador, el Aeropuerto Internacional Mariscal Sucre de Quito recibi\u00f3 a la aeronave mexicana con el tradicional arco de agua.<\/p>\n\n\n\n<p>M\u00e9xico es un destino tur\u00edstico por excelencia que cuenta con una variedad de destinos nacionales, desde ciudades prehisp\u00e1nicas hasta playas reconocidas internacionalmente, como Canc\u00fan, uno de los lugares m\u00e1s visitados del sureste mexicano; o Yucat\u00e1n, con una gastronom\u00eda que mezcla los ingredientes de los antiguos mayas, con los sabores importados por los espa\u00f1oles en la \u00e9poca de la Colonia. Debido a sus tradiciones, cultura e historia, M\u00e9xico est\u00e1 entre los pa\u00edses m\u00e1s visitados por los turistas internacionales.<\/p>\n\n\n\n<p>Durante la contingencia, Aerom\u00e9xico transport\u00f3 a Ecuador m\u00e1s de 27 toneladas de suministros m\u00e9dicos esenciales para combatir la pandemia de COVID-19. Uno de los vuelos fue operado con un Boeing 787-9 Dreamliner, que por primera vez vol\u00f3 a este destino.<\/p>\n\n\n\n<p>Aerom\u00e9xico reafirma su compromiso de aumentar las operaciones, reanudando los destinos y aumentando las frecuencias de forma gradual y segura. La aerol\u00ednea estima que oper\u00f3 m\u00e1s de 7.400 vuelos durante el mes de agosto, aumentando as\u00ed su operaci\u00f3n en un 20% en comparaci\u00f3n con el mes anterior.<\/p>\n\n\n\n<figure class=\"wp-block-image size-large\"><a href=\"https:\/\/www.caribbeannewsdigital.com\/es\/aerolineas\/aeromexico-reactiva-sus-operaciones-en-ecuador\" target=\"_blank\" rel=\"noopener noreferrer\"><img loading=\"lazy\" decoding=\"async\" width=\"430\" height=\"129\" src=\"http:\/\/nubesmgzdigital.com.ar\/wp-content\/uploads\/2020\/01\/logo-es-4k.png\" alt=\"\" class=\"wp-image-3267\" srcset=\"https:\/\/nubesmgzdigital.com.ar\/wp-content\/uploads\/2020\/01\/logo-es-4k.png 430w, https:\/\/nubesmgzdigital.com.ar\/wp-content\/uploads\/2020\/01\/logo-es-4k-300x90.png 300w\" sizes=\"auto, (max-width: 430px) 100vw, 430px\" \/><\/a><figcaption>Redacci\u00f3n Caribbean News Digital<\/figcaption><\/figure>\n","protected":false},"excerpt":{"rendered":"<p>Aerom\u00e9xico reanud\u00f3 sus operaciones este domingo en Quito con una oferta de tres vuelos semanales a Ciudad de M\u00e9xico. Para celebrar el regreso de la aerol\u00ednea en Ecuador, el Aeropuerto Internacional Mariscal Sucre de Quito recibi\u00f3 a la aeronave mexicana con el tradicional arco de agua. M\u00e9xico es un destino tur\u00edstico por excelencia que cuenta [&hellip;]<\/p>\n","protected":false},"author":2,"featured_media":4511,"comment_status":"open","ping_status":"open","sticky":false,"template":"","format":"standard","meta":{"footnotes":""},"categories":[116],"tags":[],"class_list":["post-4510","post","type-post","status-publish","format-standard","has-post-thumbnail","hentry","category-aerolineas"],"post_mailing_queue_ids":[],"_links":{"self":[{"href":"https:\/\/nubesmgzdigital.com.ar\/index.php\/wp-json\/wp\/v2\/posts\/4510","targetHints":{"allow":["GET"]}}],"collection":[{"href":"https:\/\/nubesmgzdigital.com.ar\/index.php\/wp-json\/wp\/v2\/posts"}],"about":[{"href":"https:\/\/nubesmgzdigital.com.ar\/index.php\/wp-json\/wp\/v2\/types\/post"}],"author":[{"embeddable":true,"href":"https:\/\/nubesmgzdigital.com.ar\/index.php\/wp-json\/wp\/v2\/users\/2"}],"replies":[{"embeddable":true,"href":"https:\/\/nubesmgzdigital.com.ar\/index.php\/wp-json\/wp\/v2\/comments?post=4510"}],"version-history":[{"count":1,"href":"https:\/\/nubesmgzdigital.com.ar\/index.php\/wp-json\/wp\/v2\/posts\/4510\/revisions"}],"predecessor-version":[{"id":4512,"href":"https:\/\/nubesmgzdigital.com.ar\/index.php\/wp-json\/wp\/v2\/posts\/4510\/revisions\/4512"}],"wp:featuredmedia":[{"embeddable":true,"href":"https:\/\/nubesmgzdigital.com.ar\/index.php\/wp-json\/wp\/v2\/media\/4511"}],"wp:attachment":[{"href":"https:\/\/nubesmgzdigital.com.ar\/index.php\/wp-json\/wp\/v2\/media?parent=4510"}],"wp:term":[{"taxonomy":"category","embeddable":true,"href":"https:\/\/nubesmgzdigital.com.ar\/index.php\/wp-json\/wp\/v2\/categories?post=4510"},{"taxonomy":"post_tag","embeddable":true,"href":"https:\/\/nubesmgzdigital.com.ar\/index.php\/wp-json\/wp\/v2\/tags?post=4510"}],"curies":[{"name":"wp","href":"https:\/\/api.w.org\/{rel}","templated":true}]}}