{"id":4603,"date":"2020-08-21T22:04:31","date_gmt":"2020-08-22T01:04:31","guid":{"rendered":"http:\/\/nubesmgzdigital.com.ar\/?p=4603"},"modified":"2020-08-21T22:04:33","modified_gmt":"2020-08-22T01:04:33","slug":"peru-anuncia-para-octubre-el-reinicio-de-la-actividad-turistica","status":"publish","type":"post","link":"https:\/\/nubesmgzdigital.com.ar\/index.php\/2020\/08\/21\/peru-anuncia-para-octubre-el-reinicio-de-la-actividad-turistica\/","title":{"rendered":"Per\u00fa anuncia para octubre el reinicio de la actividad tur\u00edstica"},"content":{"rendered":"\n<p class=\"has-drop-cap\">Los vuelos internacionales deben reanudarse en octubre y los primeros pasajeros ser\u00edan los empresarios, funcionarios y t\u00e9cnicos extranjeros, turismo corporativo, que hacen inversiones, obras y servicios en Per\u00fa. &nbsp;<\/p>\n\n\n\n<p>El turismo tradicional regresar\u00e1 al Per\u00fa entre abril y julio de 2021 y depender\u00e1 de los niveles de contagio que el Per\u00fa se encuentre en ese momento.&nbsp;<\/p>\n\n\n\n<p>La campa\u00f1a para incentivar el turismo interno se iniciar\u00e1 oficialmente el 27 de setiembre en el marco del D\u00eda Internacional del Turismo.&nbsp;&nbsp;&nbsp;&nbsp;<\/p>\n\n\n\n<p>Adem\u00e1s, el presidente de la C\u00e1mara Nacional de Turismo, CANATUR, Carlos Canales Anchorena revel\u00f3 que el Ministerio de Econom\u00eda y Finanzas y la Superintendencia Nacional de Administraci\u00f3n Tributaria eval\u00faan la exoneraci\u00f3n del pago del Impuesto Genera las Ventas (IGV) y del Impuesto a La Renta al turismo para el presente a\u00f1o, as\u00ed como el 2021 y 2022.<\/p>\n\n\n\n<p>Igualmente, adelant\u00f3 que el programa \u2018MI GUIA ME GUIA\u2019 operar\u00eda con un fondo no reembolsable de 6 millones de soles, al igual que el programa \u2018Turismo Emprende\u2019 surgir\u00eda con un monto ascendente a 50 millones de soles, con bases y requisitos m\u00e1s accesibles.&nbsp;&nbsp;&nbsp;&nbsp;<\/p>\n\n\n\n<p>De otra parte, Canales Anchorena anunci\u00f3 la organizaci\u00f3n con PROM PER\u00da de tres ferias virtuales que son: PERU REGIONES, TURISMO PERU y PERU TRAVEL MART.&nbsp;&nbsp;&nbsp;&nbsp;<\/p>\n\n\n\n<p>La campa\u00f1a de Promoci\u00f3n de Turismo Interno se iniciar\u00e1 oficialmente en el D\u00eda Internacional del Turismo, el 27 de setiembre.&nbsp;&nbsp;&nbsp;&nbsp;<\/p>\n\n\n\n<p>\u2018Todas estas noticias que hemos recibido por parte del gobierno nos dan una esperanza de un reinicio muy moderado del turismo en el pa\u00eds y de un entendimiento de lo que representa el Turismo como actividad econ\u00f3mica para el pa\u00eds, lo cual se logra con un contacto permanente con nuestras autoridades y en especial por la sensibilizaci\u00f3n que la ministra Roc\u00edo Barrios transmite al presidente y en especial al Gabinete\u2019, afirm\u00f3 el titular de CANATUR.&nbsp;<\/p>\n\n\n\n<p>Canales destac\u00f3 la reanudaci\u00f3n de la Mesa Ejecutiva de Turismo con la presencia de los Ministros de Cultura, Alejandro Neyra y del Ministerio de Comercio Exterior y Turismo (MINCETUR), Roc\u00edo Barrios, as\u00ed como el presidente ejecutivo de SERNANP, Pedro Gamboa, viceministros de diversos sectores y todos los gremios empresariales de turismo, representados por sus presidentes y\/o gerentes.&nbsp;&nbsp;&nbsp;&nbsp;<\/p>\n\n\n\n<p>Vuelos internacionales en octubre pr\u00f3ximo&nbsp;<\/p>\n\n\n\n<p>De otra parte, se\u00f1al\u00f3 que, tras el anuncio de la Ministra de Comercio Exterior y Turismo, Roc\u00edo Barrios para empezar a trabajar en la reanudaci\u00f3n de los vuelos internacionales que ser\u00eda a partir del pr\u00f3ximo octubre con frecuencias y destinos reducidos, manifest\u00f3 que solamente habr\u00eda de 3 a 5 vuelos por d\u00eda.&nbsp;&nbsp;&nbsp;&nbsp;<\/p>\n\n\n\n<p>\u2018Se atender\u00eda al turismo corporativo que estamos absolutamente seguros que se activar\u00e1 inmediatamente en forma acotada pero constante, siempre cautelando el cumplimiento de los protocolos sanitarios. Un ejemplo de ello es el paquete de obras de reconstrucci\u00f3n del norte con el Gobierno del Reino Unido, el trabajo es presencial, vendr\u00e1n ingenieros, t\u00e9cnicos y personal de empresas extranjeras al pa\u00eds.\u2019, detall\u00f3.&nbsp;&nbsp;&nbsp;&nbsp;<\/p>\n\n\n\n<p>Sobre las recientes declaraciones del ministro de Transportes y Comunicaciones, Carlos Estremadoyro que manifest\u00f3 que \u2018no es el momento de abrir vuelos internacionales\u2019, aclar\u00f3 que posiblemente en julio del pr\u00f3ximo a\u00f1o, estar\u00edan llegando los turistas internacionales de naturaleza y de cultura hacia el Per\u00fa.&nbsp;&nbsp;&nbsp;<\/p>\n\n\n\n<p>\u2018Lo cual no significa que reci\u00e9n se inicie los vuelos internacionales en el mes de julio del 2021. Entendemos que el turismo corporativo es que se va a reiniciar primero y para ello, estamos solicitando el reinicio de los vuelos comerciales internacionales a destinos espec\u00edficos con frecuencias reducidas, teniendo en cuenta que los viajes de negocio y de trabajo representan oportunidades de continuar conectados con el mundo; no podemos aislarnos, es reiniciar cumpliendo todos los protocolos\u2019, sostuvo.&nbsp;&nbsp;&nbsp;&nbsp;<\/p>\n\n\n\n<p>Agreg\u00f3 que, de esa forma, reanudar\u00e1n sus labores los empresarios del sector construcci\u00f3n, miner\u00eda, agro exportaci\u00f3n y textil entre otros, as\u00ed como t\u00e9cnicos, ingenieros, inform\u00e1ticos que llegan a nuestro pa\u00eds y que requieren realizar sus trabajos, consultor\u00edas y obras en el interior del pa\u00eds.&nbsp;&nbsp;&nbsp;&nbsp;<\/p>\n\n\n\n<p>Al respecto, revel\u00f3 que empresarios, funcionarios y t\u00e9cnicos provenientes de Inglaterra, Espa\u00f1a, M\u00e9xico, Chile, Colombia y Ecuador ser\u00edan los que llegar\u00e1n al Per\u00fa para reanudar sus actividades comerciales y profesionales.&nbsp;&nbsp;&nbsp;&nbsp;<\/p>\n\n\n\n<p>Afirm\u00f3 que el turismo corporativo es \u2018uno de los motores de corto plazo\u2019 para el reinicio de las actividades tur\u00edsticas en Per\u00fa.&nbsp;&nbsp;&nbsp;&nbsp;<\/p>\n\n\n\n<p><em><strong><a rel=\"noreferrer noopener\" href=\"https:\/\/www.expreso.info\/noticias\/internacional\/77453_peru_anuncia_para_octubre_el_reinicio_de_la_actividad_turistica\" target=\"_blank\">Expreso. Redacci\u00f3n. J.R<\/a><\/strong><\/em><\/p>\n","protected":false},"excerpt":{"rendered":"<p>Los vuelos internacionales deben reanudarse en octubre y los primeros pasajeros ser\u00edan los empresarios, funcionarios y t\u00e9cnicos extranjeros, turismo corporativo, que hacen inversiones, obras y servicios en Per\u00fa. &nbsp; El turismo tradicional regresar\u00e1 al Per\u00fa entre abril y julio de 2021 y depender\u00e1 de los niveles de contagio que el Per\u00fa se encuentre en ese [&hellip;]<\/p>\n","protected":false},"author":2,"featured_media":4604,"comment_status":"open","ping_status":"open","sticky":false,"template":"","format":"standard","meta":{"footnotes":""},"categories":[113],"tags":[],"class_list":["post-4603","post","type-post","status-publish","format-standard","has-post-thumbnail","hentry","category-internacional"],"post_mailing_queue_ids":[],"_links":{"self":[{"href":"https:\/\/nubesmgzdigital.com.ar\/index.php\/wp-json\/wp\/v2\/posts\/4603","targetHints":{"allow":["GET"]}}],"collection":[{"href":"https:\/\/nubesmgzdigital.com.ar\/index.php\/wp-json\/wp\/v2\/posts"}],"about":[{"href":"https:\/\/nubesmgzdigital.com.ar\/index.php\/wp-json\/wp\/v2\/types\/post"}],"author":[{"embeddable":true,"href":"https:\/\/nubesmgzdigital.com.ar\/index.php\/wp-json\/wp\/v2\/users\/2"}],"replies":[{"embeddable":true,"href":"https:\/\/nubesmgzdigital.com.ar\/index.php\/wp-json\/wp\/v2\/comments?post=4603"}],"version-history":[{"count":1,"href":"https:\/\/nubesmgzdigital.com.ar\/index.php\/wp-json\/wp\/v2\/posts\/4603\/revisions"}],"predecessor-version":[{"id":4605,"href":"https:\/\/nubesmgzdigital.com.ar\/index.php\/wp-json\/wp\/v2\/posts\/4603\/revisions\/4605"}],"wp:featuredmedia":[{"embeddable":true,"href":"https:\/\/nubesmgzdigital.com.ar\/index.php\/wp-json\/wp\/v2\/media\/4604"}],"wp:attachment":[{"href":"https:\/\/nubesmgzdigital.com.ar\/index.php\/wp-json\/wp\/v2\/media?parent=4603"}],"wp:term":[{"taxonomy":"category","embeddable":true,"href":"https:\/\/nubesmgzdigital.com.ar\/index.php\/wp-json\/wp\/v2\/categories?post=4603"},{"taxonomy":"post_tag","embeddable":true,"href":"https:\/\/nubesmgzdigital.com.ar\/index.php\/wp-json\/wp\/v2\/tags?post=4603"}],"curies":[{"name":"wp","href":"https:\/\/api.w.org\/{rel}","templated":true}]}}