{"id":4740,"date":"2020-09-05T15:54:54","date_gmt":"2020-09-05T18:54:54","guid":{"rendered":"http:\/\/nubesmgzdigital.com.ar\/?p=4740"},"modified":"2020-09-05T15:59:06","modified_gmt":"2020-09-05T18:59:06","slug":"la-nacion-y-sectores-privados-trabajan-para-que-haya-temporada-de-turismo-de-verano","status":"publish","type":"post","link":"https:\/\/nubesmgzdigital.com.ar\/index.php\/2020\/09\/05\/la-nacion-y-sectores-privados-trabajan-para-que-haya-temporada-de-turismo-de-verano\/","title":{"rendered":"La Naci\u00f3n y sectores privados trabajan para que haya temporada de turismo de verano"},"content":{"rendered":"\n<p><strong><em>La variable es la situaci\u00f3n epidemiol\u00f3gica. Todav\u00eda se eval\u00faa el panorama, que tendr\u00eda como eje turismo interprovincial y de cercan\u00eda. Las c\u00e1maras del sector se\u00f1alan que est\u00e1n preparadas para prestar un servicio seguro.<\/em><\/strong><\/p>\n\n\n\n<div class=\"wp-block-image\"><figure class=\"alignright size-large\"><a href=\"https:\/\/www.termatalia.com\/\" target=\"_blank\" rel=\"noopener noreferrer\"><img loading=\"lazy\" decoding=\"async\" width=\"300\" height=\"240\" src=\"http:\/\/nubesmgzdigital.com.ar\/wp-content\/uploads\/2020\/09\/anigif-gif-congreso-agua-y-salud.gif\" alt=\"\" class=\"wp-image-4734\" \/><\/a><figcaption><strong><span style=\"color:#0693e3\" class=\"tadv-color\">Publicidad<\/span><\/strong><\/figcaption><\/figure><\/div>\n\n\n\n<p>El Ministerio de Turismo y Deportes (Minturdep) trabaja para que haya temporada en los centros de veraneo, con la situaci\u00f3n epidemiol\u00f3gica del coronavirus como variable final, mientras el sector hotelero-gastron\u00f3mico dice estar preparado y espera definiciones sobre conectividad terrestre y a\u00e9rea, y en Mar del Plata se ajustan a los protocolos sanitarios y dependen de la llegada de los turistas.<\/p>\n\n\n\n<figure class=\"wp-block-embed-youtube wp-block-embed is-type-video is-provider-youtube wp-embed-aspect-16-9 wp-has-aspect-ratio\"><div class=\"wp-block-embed__wrapper\">\n<iframe loading=\"lazy\"  id=\"_ytid_49224\"  width=\"640\" height=\"360\"  data-origwidth=\"640\" data-origheight=\"360\" src=\"https:\/\/www.youtube.com\/embed\/GnGQtNUVdpk?enablejsapi=1&#038;autoplay=0&#038;cc_load_policy=0&#038;cc_lang_pref=&#038;iv_load_policy=1&#038;loop=0&#038;rel=1&#038;fs=1&#038;playsinline=0&#038;autohide=2&#038;theme=dark&#038;color=red&#038;controls=1&#038;disablekb=0&#038;\" class=\"__youtube_prefs__  epyt-is-override  no-lazyload\" title=\"YouTube player\"  allow=\"fullscreen; accelerometer; autoplay; clipboard-write; encrypted-media; gyroscope; picture-in-picture; web-share\" referrerpolicy=\"strict-origin-when-cross-origin\" allowfullscreen data-no-lazy=\"1\" data-skipgform_ajax_framebjll=\"\"><\/iframe>\n<\/div><\/figure>\n\n\n\n<p>Sobre estas cuestiones convergentes para el ya cercano verano, T\u00e9lam consult\u00f3 a In\u00e9s Albergucci, subsecretaria de Calidad, Accesibilidad y Sustentabilidad del Ministerio de Turismo (Minturdep); a la presidenta de la Federaci\u00f3n Empresaria Hotelera Gastron\u00f3mica de la Rep\u00fablica Argentina (Fehgra), Graciela Fesno, y al presidente del Ente Municipal de Turismo (Emtur) de General Pueyrred\u00f3n, Federico Scremin.<\/p>\n\n\n\n<p>La funcionaria del Minturdep, quien oportunamente hab\u00eda manifestado a T\u00e9lam que tras impulsar el turismo posible durante la temporada invernal, esa cartera trabaja ahora para que los destinos balnearios tengan su temporada de verano, advirti\u00f3 que&nbsp;<strong>&#8220;nuestro norte y nuestra variable, que siempre define esto, es la situaci\u00f3n epidemiol\u00f3gica&#8221;.<\/strong><\/p>\n\n\n\n<p><strong>&#8220;Entendemos que la reactivaci\u00f3n va a ser primero dentro de nuestro pa\u00eds y, en este sentido, tambi\u00e9n se habla de este turismo de cercan\u00eda e interprovincial y dem\u00e1s&#8221;, explic\u00f3 Albergucci, y precis\u00f3 que uno de los puntos de esa tarea se refiere &#8220;a lo que es transporte tur\u00edstico, o sea aplicado a la actividad tur\u00edstica&#8221;.<\/strong><\/p>\n\n\n\n<p>Tambi\u00e9n advirti\u00f3 que &#8220;hay un conjunto de factores a la hora de evaluar o no esta apertura, que no es solamente desde nuestra cartera&#8221; y puntualiz\u00f3 que &#8220;la posici\u00f3n del Ministerio de Turismo es entonces trabajar con las provincias y los municipios para que as\u00ed ellos tengan algunas normativas o legislaciones que son propias y estas no contradigan las orientaciones que podemos brindar a nivel nacional&#8221;.<\/p>\n\n\n\n<p><strong>Desde la Fehgra, su presidenta asegur\u00f3 que en el sector est\u00e1n &#8220;preparados desde el punto de vista sanitario para poder retomar la actividad y prestar servicio de forma segura a los clientes y hu\u00e9spedes; eso es lo que depende de nosotros, lo que depende de c\u00f3mo va a ser la temporada todav\u00eda no lo tenemos claro&#8221;.<\/strong><\/p>\n\n\n\n<p>En ese aspecto ampli\u00f3: &#8220;<strong>No tenemos claro cu\u00e1ndo van a volver a volar los aviones, no tenemos claro cu\u00e1ndo van a retomar la actividad los micros de larga distancia y sin uno u otros, hablar de temporada es medio ut\u00f3pico&#8221;.<\/strong><\/p>\n\n\n\n<p>Para Fresno, &#8220;tiene que haber una uniformidad en esos protocolos para que la gente pueda trasladarse de un lugar a otro y podamos hablar de la temporada. La necesidad es para ahora mismo&#8221;.<\/p>\n\n\n\n<p>&#8220;Nosotros necesitamos que el Gobierno defina qu\u00e9 va a pasar con los protocolos y c\u00f3mo se van a llevar adelante para poder nosotros planificar la temporada y convocar al personal&#8221;, explic\u00f3 la dirigente empresaria.<\/p>\n\n\n\n<p>Desde Mar del Plata, el presidente del Emtur sostuvo que esa ciudad, el mayor centro tur\u00edstico provincial de Argentina, &#8220;depende mucho de la llegada de gente&#8221;, por lo que deber\u00e1n &#8220;trabajar muy fuerte, en lo que respecta a protocolos, en conjunto con la Naci\u00f3n y con la provincia, esto siempre a futuro&#8221;.<\/p>\n\n\n\n<p><strong>Tras precisar que &#8220;hoy el turismo se encuentra prohibido en la provincia&#8221; de Buenos Aires, Scremin dijo que en Mar del Plata esperan que &#8220;con la mejora de la situaci\u00f3n epidemiol\u00f3gica en todo el pa\u00eds, dentro de un tiempo se pueda reactivar, como otras actividades econ\u00f3micas&#8221;.<\/strong><\/p>\n\n\n\n<p>Al respecto, coment\u00f3 como ejemplo que el colegio de martilleros marplatenses &#8220;ha propuesto el cuidado especial de lo que es la limpieza entre hu\u00e9sped y hu\u00e9sped. Ha recomendado que los alquileres sean de, por lo m\u00ednimo, una semana&#8221;.<\/p>\n\n\n\n<figure class=\"wp-block-image size-large\"><img decoding=\"async\" src=\"https:\/\/www.telam.com.ar\/advf\/imagenes\/2020\/08\/5f4a85fc64d30_1004x565.jpg\" alt=\"\" \/><figcaption>En Mar del Plata eval\u00faan protocolos con la mira puesta en pensar la temporada veraniega.<\/figcaption><\/figure>\n\n\n\n<p>&#8220;Hay ciertas cuestiones que todav\u00eda las estamos evaluando, como qu\u00e9 va a suceder con ciertas cosas, como las s\u00e1banas, las almohadas, son temas que se vienen tratando; no est\u00e1 todav\u00eda aprobado el protocolo para el alquiler de departamentos, como s\u00ed se encuentra el de hoteler\u00eda&#8221;, advirti\u00f3 el funcionario.<\/p>\n\n\n\n<p>Scremin consider\u00f3 que tienen que &#8220;trabajar mucho en la concientizaci\u00f3n y la responsabilidad individual y fomentar la gran cantidad de kil\u00f3metros de costa con que cuenta Mar del Plata, para que no se centralice en ciertas playas m\u00e1s conocidas&#8221;.<\/p>\n\n\n\n<p>&#8220;Nosotros esperamos que la situaci\u00f3n epidemiol\u00f3gica mejore considerablemente de ac\u00e1 a esos meses y entonces uno podr\u00e1 ver qu\u00e9 posibilidad hay de flexibilizaci\u00f3n o no, en los mismos&#8221;, concluy\u00f3 el jefe del Emtur de General Pueyrred\u00f3n.<\/p>\n\n\n\n<figure class=\"wp-block-image size-large\"><a href=\"https:\/\/www.telam.com.ar\/notas\/202009\/510708-la-nacion-y-sectores-privados-trabajan-para-que-haya-temporada-de-turismo-de-verano.html\" target=\"_blank\" rel=\"noopener noreferrer\"><img loading=\"lazy\" decoding=\"async\" width=\"1024\" height=\"102\" src=\"http:\/\/nubesmgzdigital.com.ar\/wp-content\/uploads\/2020\/09\/telam-1-1024x102.jpg\" alt=\"\" class=\"wp-image-4707\" srcset=\"https:\/\/nubesmgzdigital.com.ar\/wp-content\/uploads\/2020\/09\/telam-1-1024x102.jpg 1024w, https:\/\/nubesmgzdigital.com.ar\/wp-content\/uploads\/2020\/09\/telam-1-300x30.jpg 300w, https:\/\/nubesmgzdigital.com.ar\/wp-content\/uploads\/2020\/09\/telam-1-768x77.jpg 768w, https:\/\/nubesmgzdigital.com.ar\/wp-content\/uploads\/2020\/09\/telam-1-696x70.jpg 696w, https:\/\/nubesmgzdigital.com.ar\/wp-content\/uploads\/2020\/09\/telam-1-1068x107.jpg 1068w, https:\/\/nubesmgzdigital.com.ar\/wp-content\/uploads\/2020\/09\/telam-1.jpg 1151w\" sizes=\"auto, (max-width: 1024px) 100vw, 1024px\" \/><\/a><\/figure>\n","protected":false},"excerpt":{"rendered":"<p>La variable es la situaci\u00f3n epidemiol\u00f3gica. Todav\u00eda se eval\u00faa el panorama, que tendr\u00eda como eje turismo interprovincial y de cercan\u00eda. Las c\u00e1maras del sector se\u00f1alan que est\u00e1n preparadas para prestar un servicio seguro. El Ministerio de Turismo y Deportes (Minturdep) trabaja para que haya temporada en los centros de veraneo, con la situaci\u00f3n epidemiol\u00f3gica del [&hellip;]<\/p>\n","protected":false},"author":2,"featured_media":4741,"comment_status":"open","ping_status":"open","sticky":false,"template":"","format":"standard","meta":{"footnotes":""},"categories":[111],"tags":[],"class_list":["post-4740","post","type-post","status-publish","format-standard","has-post-thumbnail","hentry","category-nacional"],"post_mailing_queue_ids":[],"_links":{"self":[{"href":"https:\/\/nubesmgzdigital.com.ar\/index.php\/wp-json\/wp\/v2\/posts\/4740","targetHints":{"allow":["GET"]}}],"collection":[{"href":"https:\/\/nubesmgzdigital.com.ar\/index.php\/wp-json\/wp\/v2\/posts"}],"about":[{"href":"https:\/\/nubesmgzdigital.com.ar\/index.php\/wp-json\/wp\/v2\/types\/post"}],"author":[{"embeddable":true,"href":"https:\/\/nubesmgzdigital.com.ar\/index.php\/wp-json\/wp\/v2\/users\/2"}],"replies":[{"embeddable":true,"href":"https:\/\/nubesmgzdigital.com.ar\/index.php\/wp-json\/wp\/v2\/comments?post=4740"}],"version-history":[{"count":2,"href":"https:\/\/nubesmgzdigital.com.ar\/index.php\/wp-json\/wp\/v2\/posts\/4740\/revisions"}],"predecessor-version":[{"id":4743,"href":"https:\/\/nubesmgzdigital.com.ar\/index.php\/wp-json\/wp\/v2\/posts\/4740\/revisions\/4743"}],"wp:featuredmedia":[{"embeddable":true,"href":"https:\/\/nubesmgzdigital.com.ar\/index.php\/wp-json\/wp\/v2\/media\/4741"}],"wp:attachment":[{"href":"https:\/\/nubesmgzdigital.com.ar\/index.php\/wp-json\/wp\/v2\/media?parent=4740"}],"wp:term":[{"taxonomy":"category","embeddable":true,"href":"https:\/\/nubesmgzdigital.com.ar\/index.php\/wp-json\/wp\/v2\/categories?post=4740"},{"taxonomy":"post_tag","embeddable":true,"href":"https:\/\/nubesmgzdigital.com.ar\/index.php\/wp-json\/wp\/v2\/tags?post=4740"}],"curies":[{"name":"wp","href":"https:\/\/api.w.org\/{rel}","templated":true}]}}