{"id":4846,"date":"2020-09-21T12:55:59","date_gmt":"2020-09-21T15:55:59","guid":{"rendered":"http:\/\/nubesmgzdigital.com.ar\/?p=4846"},"modified":"2020-09-21T12:56:42","modified_gmt":"2020-09-21T15:56:42","slug":"lammens-y-carreras-se-reunieron-para-avanzar-en-la-reactivacion-turistica-de-rio-negro","status":"publish","type":"post","link":"https:\/\/nubesmgzdigital.com.ar\/index.php\/2020\/09\/21\/lammens-y-carreras-se-reunieron-para-avanzar-en-la-reactivacion-turistica-de-rio-negro\/","title":{"rendered":"Lammens y Carreras se reunieron para avanzar en la reactivaci\u00f3n tur\u00edstica de R\u00edo Negro"},"content":{"rendered":"\n<p><strong><em>Se analiz\u00f3 la situaci\u00f3n provincial y repasaron las medidas para sostener al sector<\/em><\/strong><\/p>\n\n\n\n<p class=\"has-drop-cap\">El ministro de Turismo y Deportes de la Naci\u00f3n, Mat\u00edas Lammens, se reuni\u00f3 hoy con la gobernadora de R\u00edo Negro, Arabela Carreras, para analizar la situaci\u00f3n del turismo del pa\u00eds en general, y en particular de la provincia, y repasar las medidas para sostener al sector.&nbsp;<\/p>\n\n\n\n<p>Durante el encuentro se convers\u00f3 sobre la situaci\u00f3n actual, el estado del turismo en R\u00edo Negro, y el acompa\u00f1amiento del Estado a este sector productivo.<\/p>\n\n\n\n<p>Lammens destac\u00f3 &#8220;la fuerte inversi\u00f3n que est\u00e1 haciendo el Estado nacional a la Provincia para sostener al sector tur\u00edstico a trav\u00e9s de las herramientas del ATP, el Fondo de Auxilio y Capacitaci\u00f3n Tur\u00edstica y el Fondo APTur&#8221; y reafirm\u00f3 &#8220;el compromiso con la Gobernadora para continuar con el desarrollo de instrumentos que permitan mantener al turismo local de pie con vistas a la pr\u00f3xima temporada&#8221;.<\/p>\n\n\n\n<figure class=\"wp-block-image\"><img decoding=\"async\" src=\"https:\/\/www.argentina.gob.ar\/sites\/default\/files\/carreras_y_lammens_1.jpg\" alt=\"\" \/><\/figure>\n\n\n\n<p>Por su parte, Carreras expres\u00f3: &#8220;Avanzamos sobre la idea de iniciar un paulatino retorno de los vuelos de cabotaje, con un estricto protocolo para el cuidado de los turistas que elijan nuestra provincia. Tambi\u00e9n dialogamos sobre una prueba piloto, en Bariloche, con 500 turistas&#8221;.<\/p>\n\n\n\n<p>La charla tambi\u00e9n incluy\u00f3 proyectos para la recuperaci\u00f3n en la etapa de la pospandemia, que en esa provincia tendr\u00e1 al turismo como uno de sus ejes principales, y el retorno de los vuelos.<\/p>\n\n\n\n<figure class=\"wp-block-image size-large\"><a href=\"https:\/\/www.argentina.gob.ar\/noticias\/lammens-y-carreras-se-reunieron-para-avanzar-en-la-reactivacion-turistica-de-rio-negro\" target=\"_blank\" rel=\"noopener noreferrer\"><img loading=\"lazy\" decoding=\"async\" width=\"852\" height=\"182\" src=\"http:\/\/nubesmgzdigital.com.ar\/wp-content\/uploads\/2020\/09\/argentina_unida.jpeg\" alt=\"\" class=\"wp-image-4847\" srcset=\"https:\/\/nubesmgzdigital.com.ar\/wp-content\/uploads\/2020\/09\/argentina_unida.jpeg 852w, https:\/\/nubesmgzdigital.com.ar\/wp-content\/uploads\/2020\/09\/argentina_unida-300x64.jpeg 300w, https:\/\/nubesmgzdigital.com.ar\/wp-content\/uploads\/2020\/09\/argentina_unida-768x164.jpeg 768w, https:\/\/nubesmgzdigital.com.ar\/wp-content\/uploads\/2020\/09\/argentina_unida-696x149.jpeg 696w\" sizes=\"auto, (max-width: 852px) 100vw, 852px\" \/><\/a><\/figure>\n","protected":false},"excerpt":{"rendered":"<p>Se analiz\u00f3 la situaci\u00f3n provincial y repasaron las medidas para sostener al sector El ministro de Turismo y Deportes de la Naci\u00f3n, Mat\u00edas Lammens, se reuni\u00f3 hoy con la gobernadora de R\u00edo Negro, Arabela Carreras, para analizar la situaci\u00f3n del turismo del pa\u00eds en general, y en particular de la provincia, y repasar las medidas [&hellip;]<\/p>\n","protected":false},"author":2,"featured_media":4848,"comment_status":"open","ping_status":"open","sticky":false,"template":"","format":"standard","meta":{"footnotes":""},"categories":[136],"tags":[],"class_list":["post-4846","post","type-post","status-publish","format-standard","has-post-thumbnail","hentry","category-patagonia"],"post_mailing_queue_ids":[],"_links":{"self":[{"href":"https:\/\/nubesmgzdigital.com.ar\/index.php\/wp-json\/wp\/v2\/posts\/4846","targetHints":{"allow":["GET"]}}],"collection":[{"href":"https:\/\/nubesmgzdigital.com.ar\/index.php\/wp-json\/wp\/v2\/posts"}],"about":[{"href":"https:\/\/nubesmgzdigital.com.ar\/index.php\/wp-json\/wp\/v2\/types\/post"}],"author":[{"embeddable":true,"href":"https:\/\/nubesmgzdigital.com.ar\/index.php\/wp-json\/wp\/v2\/users\/2"}],"replies":[{"embeddable":true,"href":"https:\/\/nubesmgzdigital.com.ar\/index.php\/wp-json\/wp\/v2\/comments?post=4846"}],"version-history":[{"count":1,"href":"https:\/\/nubesmgzdigital.com.ar\/index.php\/wp-json\/wp\/v2\/posts\/4846\/revisions"}],"predecessor-version":[{"id":4849,"href":"https:\/\/nubesmgzdigital.com.ar\/index.php\/wp-json\/wp\/v2\/posts\/4846\/revisions\/4849"}],"wp:featuredmedia":[{"embeddable":true,"href":"https:\/\/nubesmgzdigital.com.ar\/index.php\/wp-json\/wp\/v2\/media\/4848"}],"wp:attachment":[{"href":"https:\/\/nubesmgzdigital.com.ar\/index.php\/wp-json\/wp\/v2\/media?parent=4846"}],"wp:term":[{"taxonomy":"category","embeddable":true,"href":"https:\/\/nubesmgzdigital.com.ar\/index.php\/wp-json\/wp\/v2\/categories?post=4846"},{"taxonomy":"post_tag","embeddable":true,"href":"https:\/\/nubesmgzdigital.com.ar\/index.php\/wp-json\/wp\/v2\/tags?post=4846"}],"curies":[{"name":"wp","href":"https:\/\/api.w.org\/{rel}","templated":true}]}}