{"id":4955,"date":"2020-10-05T23:50:29","date_gmt":"2020-10-06T02:50:29","guid":{"rendered":"http:\/\/nubesmgzdigital.com.ar\/?p=4955"},"modified":"2020-10-05T23:50:34","modified_gmt":"2020-10-06T02:50:34","slug":"el-museo-de-la-ciudad-sera-renovado-con-fondos-nacionales-del-plan-50-destinos","status":"publish","type":"post","link":"https:\/\/nubesmgzdigital.com.ar\/index.php\/2020\/10\/05\/el-museo-de-la-ciudad-sera-renovado-con-fondos-nacionales-del-plan-50-destinos\/","title":{"rendered":"El Museo de la Ciudad ser\u00e1 renovado con fondos nacionales del Plan 50 Destinos"},"content":{"rendered":"\n<p class=\"has-cyan-bluish-gray-color has-text-color\">El convenio fue firmado por el ministro Mat\u00edas Lammens y el jefe de Gobierno porte\u00f1o, Horacio Rodr\u00edguez Larreta.<\/p>\n\n\n\n<p><strong><em>El acuerdo establece la transferencia de 60 millones de pesos a la Ciudad, para renovar la infraestructura tur\u00edstica y urbana del Museo, vecino a la Plaza de Mayo en el barrio Monserrat.<\/em><\/strong><\/p>\n\n\n\n<p>El Museo de la Ciudad de Buenos Aires ser\u00e1 renovado, con la instalaci\u00f3n de un Centro de Bienvenida al Turista y otras obras, con fondos nacionales del Plan 50 Destinos del Ministerio de Turismo y Deportes (Minturdep), seg\u00fan un convenio&nbsp;<strong>firmado este lunes por el ministro Mat\u00edas Lammens y el jefe de Gobierno porte\u00f1o, Horacio Rodr\u00edguez Larreta,<\/strong>&nbsp;inform\u00f3 esa cartera.<\/p>\n\n\n\n<p>El acuerdo establece la transferencia de 60 millones de pesos a la Ciudad, para renovar la infraestructura tur\u00edstica y urbana del Museo, vecino a la Plaza de Mayo en el barrio Monserrat, al que adem\u00e1s del Centro de Bienvenida al Turista se lo dotar\u00e1 de nuevas salas de exposiciones y atracciones gastron\u00f3micas.<\/p>\n\n\n\n<p>La remodelaci\u00f3n forma parte de un plan de reactivaci\u00f3n tur\u00edstica en el que trabajan en conjunto autoridades nacionales y porte\u00f1as, por el que se busca potenciar atractivos y renovar el Casco Hist\u00f3rico de la Ciudad.<\/p>\n\n\n\n<div class=\"wp-block-image\"><figure class=\"alignleft size-large\"><img decoding=\"async\" src=\"https:\/\/www.telam.com.ar\/advf\/imagenes\/2020\/10\/5f7ba3333a24d_324x182.jpg\" alt=\"\" \/><figcaption><strong><span style=\"color:#abb8c3\" class=\"tadv-color\">El Museo est\u00e1 cerca de la Plaza de Mayo.<\/span><\/strong><\/figcaption><\/figure><\/div>\n\n\n\n<p><strong>La renovaci\u00f3n del Museo consta de dos pilares<\/strong>, que son un regreso al espacio p\u00fablico, potenciar los usos gastron\u00f3micos, culturales y tur\u00edsticos, revalorizar el patrimonio y favorecer la movilidad pedestre, por un lado, y por el otro un desarrollo cultural y tur\u00edstico que fortalezca el ecosistema cultural, con promoci\u00f3n del emprendedurismo y las econom\u00edas locales y creativas.<\/p>\n\n\n\n<p><strong>Este sitio hist\u00f3rico,cultural y tur\u00edstico, inaugurado en 1968, es un complejo conformado por cuatro edificios de gran valor arquitect\u00f3nico e hist\u00f3rico, ubicados en Defensa al 100 y al 200<\/strong>, y el objetivo es desarrollar un museo vivo y din\u00e1mico integrado al entorno urbano.<\/p>\n\n\n\n<p><strong>El Museo ocupa la Casa de Ezcurra, la Casa de los Altos de Elorriaga, la Casa de los Altos de la Estrella y la Casa de los Querubines,<\/strong>&nbsp;y las renovaciones involucran a las tres \u00faltimas.<\/p>\n\n\n\n<div class=\"wp-block-image\"><figure class=\"alignright size-large is-resized\"><img loading=\"lazy\" decoding=\"async\" src=\"https:\/\/www.telam.com.ar\/advf\/imagenes\/2020\/10\/5f7ba33322f07_324x182.jpg\" alt=\"\" width=\"261\" height=\"144\" \/><figcaption><span style=\"color:#abb8c3\" class=\"tadv-color\">La medida es una puesta en valor del patrimonio porte\u00f1o.<\/span><\/figcaption><\/figure><\/div>\n\n\n\n<p class=\"has-text-align-right\">Tras las obras, contar\u00e1 con &#8220;un nuevo gui\u00f3n museol\u00f3gico que incorpora tecnolog\u00eda, experiencia y futuro, renovadas salas de exposici\u00f3n con espacios para muestras art\u00edsticas de todo el pa\u00eds,&nbsp;<strong>un nuevo Centro de Bienvenida al Turista<\/strong>, una tienda cultural y un novedoso proyecto gastron\u00f3mico&#8221;, se\u00f1ala un comunicado.<\/p>\n\n\n\n<p>Tras la firma del convenio,&nbsp;<strong>Lammens resalt\u00f3 &#8220;la importancia que tendr\u00e1 para la Argentina contar con la mejor infraestructura&nbsp;<\/strong>para fortalecer la oferta tur\u00edstica en la pr\u00f3xima etapa&#8221; y . apunt\u00f3 que &#8220;con el Plan 50 Destinos estamos cumpliendo el doble objetivo de poner en marcha obras en todo el pa\u00eds y, adem\u00e1s, generar empleo para dinamizar la actividad, fundamental para los meses que vienen\u201d.<\/p>\n\n\n\n<p><strong>Rodr\u00edguez Larreta afirm\u00f3 que \u201cla industria tur\u00edstica es una de las m\u00e1s golpeadas por esta pandemia;<\/strong>&nbsp;por eso estamos muy contentos de poder trabajar en conjunto con el Gobierno nacional para acompa\u00f1ar al sector y darle un nuevo impulso en los pr\u00f3ximos meses para cuidar los puestos de trabajo\u201d.<\/p>\n\n\n\n<div class=\"wp-block-image\"><figure class=\"alignleft size-large is-resized\"><img loading=\"lazy\" decoding=\"async\" src=\"https:\/\/www.telam.com.ar\/advf\/imagenes\/2020\/10\/5f7ba2009dbc6_324x182.jpg\" alt=\"\" width=\"271\" height=\"152\" \/><figcaption><span style=\"color:#abb8c3\" class=\"tadv-color\">Rodr\u00edguez Larreta dice que el sector tur\u00edstico es de los m\u00e1s golpeados por la pandemia.<\/span><\/figcaption><\/figure><\/div>\n\n\n\n<p>Tambi\u00e9n participaron de la firma presencial del convenio el jefe de Gabinete de la Ciudad, Felipe Miguel; el secretario General y de Relaciones Internacionales y Presidente del Ente de Turismo porte\u00f1o, Fernando Straface, y la subsecretaria de Desarrollo Estrat\u00e9gico del Minturdep, Eugenia Benedetti.<\/p>\n\n\n\n<p><strong>El Plan 50 Destinos impulsa obras de infraestructura tur\u00edstica en las 24 jurisdicciones del pa\u00eds<\/strong>, con 1.200 millones de pesos originados en el Impuesto PAIS y destinados a los proyectos que tengan una visi\u00f3n de desarrollo territorial, a promover destinos emergentes y a consolidar los ya establecidos.<\/p>\n\n\n\n<figure class=\"wp-block-image size-large\"><a href=\"https:\/\/www.telam.com.ar\/notas\/202010\/521538-el-museo-de-la-ciudad-sera-renovado-con-fondos-nacionales-del-plan-50-destinos.html\" target=\"_blank\" rel=\"noopener noreferrer\"><img loading=\"lazy\" decoding=\"async\" width=\"1024\" height=\"102\" src=\"http:\/\/nubesmgzdigital.com.ar\/wp-content\/uploads\/2020\/09\/telam-1-1024x102.jpg\" alt=\"\" class=\"wp-image-4707\" srcset=\"https:\/\/nubesmgzdigital.com.ar\/wp-content\/uploads\/2020\/09\/telam-1-1024x102.jpg 1024w, https:\/\/nubesmgzdigital.com.ar\/wp-content\/uploads\/2020\/09\/telam-1-300x30.jpg 300w, https:\/\/nubesmgzdigital.com.ar\/wp-content\/uploads\/2020\/09\/telam-1-768x77.jpg 768w, https:\/\/nubesmgzdigital.com.ar\/wp-content\/uploads\/2020\/09\/telam-1-696x70.jpg 696w, https:\/\/nubesmgzdigital.com.ar\/wp-content\/uploads\/2020\/09\/telam-1-1068x107.jpg 1068w, https:\/\/nubesmgzdigital.com.ar\/wp-content\/uploads\/2020\/09\/telam-1.jpg 1151w\" sizes=\"auto, (max-width: 1024px) 100vw, 1024px\" \/><\/a><\/figure>\n","protected":false},"excerpt":{"rendered":"<p>El convenio fue firmado por el ministro Mat\u00edas Lammens y el jefe de Gobierno porte\u00f1o, Horacio Rodr\u00edguez Larreta. El acuerdo establece la transferencia de 60 millones de pesos a la Ciudad, para renovar la infraestructura tur\u00edstica y urbana del Museo, vecino a la Plaza de Mayo en el barrio Monserrat. El Museo de la Ciudad [&hellip;]<\/p>\n","protected":false},"author":2,"featured_media":4956,"comment_status":"open","ping_status":"open","sticky":false,"template":"","format":"standard","meta":{"footnotes":""},"categories":[137],"tags":[],"class_list":["post-4955","post","type-post","status-publish","format-standard","has-post-thumbnail","hentry","category-buenos-aires-caba"],"post_mailing_queue_ids":[],"_links":{"self":[{"href":"https:\/\/nubesmgzdigital.com.ar\/index.php\/wp-json\/wp\/v2\/posts\/4955","targetHints":{"allow":["GET"]}}],"collection":[{"href":"https:\/\/nubesmgzdigital.com.ar\/index.php\/wp-json\/wp\/v2\/posts"}],"about":[{"href":"https:\/\/nubesmgzdigital.com.ar\/index.php\/wp-json\/wp\/v2\/types\/post"}],"author":[{"embeddable":true,"href":"https:\/\/nubesmgzdigital.com.ar\/index.php\/wp-json\/wp\/v2\/users\/2"}],"replies":[{"embeddable":true,"href":"https:\/\/nubesmgzdigital.com.ar\/index.php\/wp-json\/wp\/v2\/comments?post=4955"}],"version-history":[{"count":1,"href":"https:\/\/nubesmgzdigital.com.ar\/index.php\/wp-json\/wp\/v2\/posts\/4955\/revisions"}],"predecessor-version":[{"id":4957,"href":"https:\/\/nubesmgzdigital.com.ar\/index.php\/wp-json\/wp\/v2\/posts\/4955\/revisions\/4957"}],"wp:featuredmedia":[{"embeddable":true,"href":"https:\/\/nubesmgzdigital.com.ar\/index.php\/wp-json\/wp\/v2\/media\/4956"}],"wp:attachment":[{"href":"https:\/\/nubesmgzdigital.com.ar\/index.php\/wp-json\/wp\/v2\/media?parent=4955"}],"wp:term":[{"taxonomy":"category","embeddable":true,"href":"https:\/\/nubesmgzdigital.com.ar\/index.php\/wp-json\/wp\/v2\/categories?post=4955"},{"taxonomy":"post_tag","embeddable":true,"href":"https:\/\/nubesmgzdigital.com.ar\/index.php\/wp-json\/wp\/v2\/tags?post=4955"}],"curies":[{"name":"wp","href":"https:\/\/api.w.org\/{rel}","templated":true}]}}