{"id":5368,"date":"2020-11-30T11:40:16","date_gmt":"2020-11-30T14:40:16","guid":{"rendered":"http:\/\/nubesmgzdigital.com.ar\/?p=5368"},"modified":"2020-11-30T11:58:10","modified_gmt":"2020-11-30T14:58:10","slug":"con-protocolos-y-requisitos-mar-del-plata-abre-su-temporada-de-verano","status":"publish","type":"post","link":"https:\/\/nubesmgzdigital.com.ar\/index.php\/2020\/11\/30\/con-protocolos-y-requisitos-mar-del-plata-abre-su-temporada-de-verano\/","title":{"rendered":"Con protocolos y requisitos, Mar del Plata abre su temporada de verano"},"content":{"rendered":"\n<p><strong><em>La ciudad comenzar\u00e1 la apertura el 1 de diciembre con protocolos enmarcados en la pandemia de coronavirus y diversos requisitos: los turistas deber\u00e1n tramitar un permiso obligatorio de circulaci\u00f3n a trav\u00e9s de la web o de la aplicaci\u00f3n Cuidar, entre otros puntos.<\/em><\/strong><\/p>\n\n\n\n<figure class=\"wp-block-embed-youtube wp-block-embed is-type-video is-provider-youtube wp-embed-aspect-16-9 wp-has-aspect-ratio\"><div class=\"wp-block-embed__wrapper\">\n<iframe loading=\"lazy\"  id=\"_ytid_27019\"  width=\"640\" height=\"360\"  data-origwidth=\"640\" data-origheight=\"360\" src=\"https:\/\/www.youtube.com\/embed\/y1hQitksR4g?enablejsapi=1&#038;autoplay=0&#038;cc_load_policy=0&#038;cc_lang_pref=&#038;iv_load_policy=1&#038;loop=0&#038;rel=1&#038;fs=1&#038;playsinline=0&#038;autohide=2&#038;theme=dark&#038;color=red&#038;controls=1&#038;disablekb=0&#038;\" class=\"__youtube_prefs__  epyt-is-override  no-lazyload\" title=\"YouTube player\"  allow=\"fullscreen; accelerometer; autoplay; clipboard-write; encrypted-media; gyroscope; picture-in-picture; web-share\" referrerpolicy=\"strict-origin-when-cross-origin\" allowfullscreen data-no-lazy=\"1\" data-skipgform_ajax_framebjll=\"\"><\/iframe>\n<\/div><figcaption>Con protocolos y requisitos Mar del Plata abrir\u00e1 su temporada de verano el 1 de diciembre<\/figcaption><\/figure>\n\n\n\n<figure class=\"wp-block-image size-large\"><a href=\"https:\/\/www.ordendelcaminodesantiago.es\/\" target=\"_blank\" rel=\"noopener noreferrer\"><img decoding=\"async\" src=\"https:\/\/nubesmgzdigital.com.ar\/wp-content\/uploads\/2020\/11\/nner-de-la-Orden-1024x168.jpg\" alt=\"\" class=\"wp-image-5373\" \/><\/a><figcaption><span class=\"has-inline-color has-vivid-red-color\">Publicidad<\/span><\/figcaption><\/figure>\n\n\n\n<p>La ciudad de Mar del Plata arrancar\u00e1 la apertura de su temporada tur\u00edstica de verano el 1 de diciembre con protocolos enmarcados en la pandemia de coronavirus y diversos requisitos, entre ellos los turistas deber\u00e1n tramitar un permiso obligatorio de circulaci\u00f3n a trav\u00e9s de la web o de la aplicaci\u00f3n Cuidar.<\/p>\n\n\n\n<figure class=\"wp-block-image size-large\"><a href=\"https:\/\/www.telam.com.ar\/notas\/202011\/536801-mar-del-plata-apertura-temporada-turismo-verano-vacaciones.html\" target=\"_blank\" rel=\"noopener noreferrer\"><img loading=\"lazy\" decoding=\"async\" width=\"1024\" height=\"102\" src=\"https:\/\/nubesmgzdigital.com.ar\/wp-content\/uploads\/2020\/11\/telam-1-1-1024x102.jpg\" alt=\"\" class=\"wp-image-5369\" srcset=\"https:\/\/nubesmgzdigital.com.ar\/wp-content\/uploads\/2020\/11\/telam-1-1-1024x102.jpg 1024w, https:\/\/nubesmgzdigital.com.ar\/wp-content\/uploads\/2020\/11\/telam-1-1-300x30.jpg 300w, https:\/\/nubesmgzdigital.com.ar\/wp-content\/uploads\/2020\/11\/telam-1-1-768x77.jpg 768w, https:\/\/nubesmgzdigital.com.ar\/wp-content\/uploads\/2020\/11\/telam-1-1-696x70.jpg 696w, https:\/\/nubesmgzdigital.com.ar\/wp-content\/uploads\/2020\/11\/telam-1-1-1068x107.jpg 1068w, https:\/\/nubesmgzdigital.com.ar\/wp-content\/uploads\/2020\/11\/telam-1-1.jpg 1151w\" sizes=\"auto, (max-width: 1024px) 100vw, 1024px\" \/><\/a><\/figure>\n","protected":false},"excerpt":{"rendered":"<p>La ciudad comenzar\u00e1 la apertura el 1 de diciembre con protocolos enmarcados en la pandemia de coronavirus y diversos requisitos: los turistas deber\u00e1n tramitar un permiso obligatorio de circulaci\u00f3n a trav\u00e9s de la web o de la aplicaci\u00f3n Cuidar, entre otros puntos. La ciudad de Mar del Plata arrancar\u00e1 la apertura de su temporada tur\u00edstica [&hellip;]<\/p>\n","protected":false},"author":2,"featured_media":5370,"comment_status":"open","ping_status":"open","sticky":false,"template":"","format":"standard","meta":{"footnotes":""},"categories":[137,114],"tags":[],"class_list":["post-5368","post","type-post","status-publish","format-standard","has-post-thumbnail","hentry","category-buenos-aires-caba","category-turismo-destinos"],"post_mailing_queue_ids":[],"_links":{"self":[{"href":"https:\/\/nubesmgzdigital.com.ar\/index.php\/wp-json\/wp\/v2\/posts\/5368","targetHints":{"allow":["GET"]}}],"collection":[{"href":"https:\/\/nubesmgzdigital.com.ar\/index.php\/wp-json\/wp\/v2\/posts"}],"about":[{"href":"https:\/\/nubesmgzdigital.com.ar\/index.php\/wp-json\/wp\/v2\/types\/post"}],"author":[{"embeddable":true,"href":"https:\/\/nubesmgzdigital.com.ar\/index.php\/wp-json\/wp\/v2\/users\/2"}],"replies":[{"embeddable":true,"href":"https:\/\/nubesmgzdigital.com.ar\/index.php\/wp-json\/wp\/v2\/comments?post=5368"}],"version-history":[{"count":2,"href":"https:\/\/nubesmgzdigital.com.ar\/index.php\/wp-json\/wp\/v2\/posts\/5368\/revisions"}],"predecessor-version":[{"id":5374,"href":"https:\/\/nubesmgzdigital.com.ar\/index.php\/wp-json\/wp\/v2\/posts\/5368\/revisions\/5374"}],"wp:featuredmedia":[{"embeddable":true,"href":"https:\/\/nubesmgzdigital.com.ar\/index.php\/wp-json\/wp\/v2\/media\/5370"}],"wp:attachment":[{"href":"https:\/\/nubesmgzdigital.com.ar\/index.php\/wp-json\/wp\/v2\/media?parent=5368"}],"wp:term":[{"taxonomy":"category","embeddable":true,"href":"https:\/\/nubesmgzdigital.com.ar\/index.php\/wp-json\/wp\/v2\/categories?post=5368"},{"taxonomy":"post_tag","embeddable":true,"href":"https:\/\/nubesmgzdigital.com.ar\/index.php\/wp-json\/wp\/v2\/tags?post=5368"}],"curies":[{"name":"wp","href":"https:\/\/api.w.org\/{rel}","templated":true}]}}