{"id":5577,"date":"2020-12-23T09:02:57","date_gmt":"2020-12-23T12:02:57","guid":{"rendered":"http:\/\/nubesmgzdigital.com.ar\/?p=5577"},"modified":"2020-12-23T09:03:00","modified_gmt":"2020-12-23T12:03:00","slug":"finalizo-el-ciclo-de-charlas-sobre-turismo-accesible","status":"publish","type":"post","link":"https:\/\/nubesmgzdigital.com.ar\/index.php\/2020\/12\/23\/finalizo-el-ciclo-de-charlas-sobre-turismo-accesible\/","title":{"rendered":"Finaliz\u00f3 el ciclo de charlas sobre turismo accesible"},"content":{"rendered":"\n<p>Organizado por el Ministerio de Turismo y Deportes de la Naci\u00f3n, en conjunto con la Agencia Nacional de Discapacidad y distintas provincias del pa\u00eds, el ciclo se transmiti\u00f3 por el canal de Youtube del Ministerio.<\/p>\n\n\n\n<p>Con el objetivo de poner en valor las buenas pr\u00e1cticas logradas en accesibilidad por medio del Sistema Argentino de Calidad Tur\u00edstica que impulsa el Ministerio de Turismo y Deportes de la Naci\u00f3n, cada charla tuvo como protagonista a una provincia del pa\u00eds, en la que participaron referentes locales, prestadores de servicios y turistas que hayan visitado los destinos.<\/p>\n\n\n\n<p>El ciclo de charlas comenz\u00f3 la tercera semana de noviembre y finaliz\u00f3 luego de seis encuentros, en los que hubo m\u00e1s de 2000 visualizaciones, con 36 invitados del sector de seis provincias distintas.<\/p>\n\n\n\n<p>Se recorrieron destinos de las provincias de Buenos Aires, Chubut, Tierra del Fuego, Entre R\u00edos, Santa Fe y Misiones, y otras tantas provincias ya est\u00e1n apuntadas para las charlas del 2021. Esto demuestra los avances y el compromiso de los m\u00faltiples actores del sector que apuestan por un turismo m\u00e1s accesible para todos y todas.<\/p>\n\n\n\n<p>Los invitados y referentes locales que participaron forman parte de toda la cadena de valor tur\u00edstica, de alojamientos, establecimientos gastron\u00f3micos, agencias de viaje balnearios, estancias, centros invernales, museos, actividades de avistaje, buceo adaptado, termas y \u00e1reas naturales protegidas.<\/p>\n\n\n\n<p>Los participantes de las charlas se interiorizaron en la importancia de la implementaci\u00f3n de pol\u00edticas de accesibilidad, en su proceso de implementaci\u00f3n, y en el beneficio que implica tener una distinci\u00f3n en esta materia. En ocasiones, la misma cumple un rol decisivo al momento de elecci\u00f3n de un destino o prestaciones tur\u00edsticas accesibles para una parte importante de la demanda tur\u00edstica.<\/p>\n\n\n\n<p>En la apertura y en el cierre del ciclo estuvieron presentes la subsecretaria de Calidad, Accesibilidad y Sustentabilidad del Turismo Nacional, In\u00e9s Albergucci y el director Nacional para la Inclusi\u00f3n de Personas con Discapacidad de la Agencia Nacional de Discapacidad, Gast\u00f3n D\u00edaz, as\u00ed como referentes p\u00fablicos de cada localidad.<\/p>\n\n\n\n<p>Albergucci destac\u00f3 que \u201cplanteamos este ciclo con el objetivo de visibilizar y sensibilizar la accesibilidad tur\u00edstica en nuestro pa\u00eds, poniendo en valor tanto al sector p\u00fablico como al privado que aplican a directrices de accesibilidad tur\u00edstica. Estos espacios son importantes para acercar las herramientas y oportunidades de turismo al conjunto de la ciudadan\u00eda, por eso nuestra propuesta es continuar el ciclo en el a\u00f1o 2021\u201d.<\/p>\n\n\n\n<p>Gast\u00f3n D\u00edaz, de la Agencia Nacional de Discapacidad, afirm\u00f3 que \u201ccada d\u00eda hay m\u00e1s propuestas que trabajan para un turismo m\u00e1s inclusivo y accesible en todo el pa\u00eds. Hay que destacara el compromiso de los prestadores con la sociedad para generar igualdad de condiciones en los destinos nacionales\u201d.<\/p>\n\n\n\n<p>Las charlas se encuentran disponibles&nbsp;<a href=\"https:\/\/www.youtube.com\/playlist?list=PLPdV8xVKQsQZdTreORlawSNWPHXzkZPWS\">aqu\u00ed<\/a><\/p>\n\n\n\n<figure class=\"wp-block-image size-large\"><a href=\"https:\/\/www.argentina.gob.ar\/noticias\/finalizo-el-ciclo-de-charlas-sobre-turismo-accesible\" target=\"_blank\" rel=\"noopener noreferrer\"><img loading=\"lazy\" decoding=\"async\" width=\"852\" height=\"182\" src=\"http:\/\/nubesmgzdigital.com.ar\/wp-content\/uploads\/2020\/11\/argentina_unida.jpeg\" alt=\"\" class=\"wp-image-5249\" srcset=\"https:\/\/nubesmgzdigital.com.ar\/wp-content\/uploads\/2020\/11\/argentina_unida.jpeg 852w, https:\/\/nubesmgzdigital.com.ar\/wp-content\/uploads\/2020\/11\/argentina_unida-300x64.jpeg 300w, https:\/\/nubesmgzdigital.com.ar\/wp-content\/uploads\/2020\/11\/argentina_unida-768x164.jpeg 768w, https:\/\/nubesmgzdigital.com.ar\/wp-content\/uploads\/2020\/11\/argentina_unida-696x149.jpeg 696w\" sizes=\"auto, (max-width: 852px) 100vw, 852px\" \/><\/a><\/figure>\n","protected":false},"excerpt":{"rendered":"<p>Organizado por el Ministerio de Turismo y Deportes de la Naci\u00f3n, en conjunto con la Agencia Nacional de Discapacidad y distintas provincias del pa\u00eds, el ciclo se transmiti\u00f3 por el canal de Youtube del Ministerio. Con el objetivo de poner en valor las buenas pr\u00e1cticas logradas en accesibilidad por medio del Sistema Argentino de Calidad [&hellip;]<\/p>\n","protected":false},"author":2,"featured_media":5578,"comment_status":"open","ping_status":"open","sticky":false,"template":"","format":"standard","meta":{"footnotes":""},"categories":[129],"tags":[],"class_list":["post-5577","post","type-post","status-publish","format-standard","has-post-thumbnail","hentry","category-sociales"],"post_mailing_queue_ids":[],"_links":{"self":[{"href":"https:\/\/nubesmgzdigital.com.ar\/index.php\/wp-json\/wp\/v2\/posts\/5577","targetHints":{"allow":["GET"]}}],"collection":[{"href":"https:\/\/nubesmgzdigital.com.ar\/index.php\/wp-json\/wp\/v2\/posts"}],"about":[{"href":"https:\/\/nubesmgzdigital.com.ar\/index.php\/wp-json\/wp\/v2\/types\/post"}],"author":[{"embeddable":true,"href":"https:\/\/nubesmgzdigital.com.ar\/index.php\/wp-json\/wp\/v2\/users\/2"}],"replies":[{"embeddable":true,"href":"https:\/\/nubesmgzdigital.com.ar\/index.php\/wp-json\/wp\/v2\/comments?post=5577"}],"version-history":[{"count":1,"href":"https:\/\/nubesmgzdigital.com.ar\/index.php\/wp-json\/wp\/v2\/posts\/5577\/revisions"}],"predecessor-version":[{"id":5579,"href":"https:\/\/nubesmgzdigital.com.ar\/index.php\/wp-json\/wp\/v2\/posts\/5577\/revisions\/5579"}],"wp:featuredmedia":[{"embeddable":true,"href":"https:\/\/nubesmgzdigital.com.ar\/index.php\/wp-json\/wp\/v2\/media\/5578"}],"wp:attachment":[{"href":"https:\/\/nubesmgzdigital.com.ar\/index.php\/wp-json\/wp\/v2\/media?parent=5577"}],"wp:term":[{"taxonomy":"category","embeddable":true,"href":"https:\/\/nubesmgzdigital.com.ar\/index.php\/wp-json\/wp\/v2\/categories?post=5577"},{"taxonomy":"post_tag","embeddable":true,"href":"https:\/\/nubesmgzdigital.com.ar\/index.php\/wp-json\/wp\/v2\/tags?post=5577"}],"curies":[{"name":"wp","href":"https:\/\/api.w.org\/{rel}","templated":true}]}}