{"id":5612,"date":"2020-12-28T22:31:54","date_gmt":"2020-12-29T01:31:54","guid":{"rendered":"http:\/\/nubesmgzdigital.com.ar\/?p=5612"},"modified":"2020-12-28T22:31:56","modified_gmt":"2020-12-29T01:31:56","slug":"espacios-virtuales-para-capacitar-informar-conocer-y-recorrer-nuestro-pais","status":"publish","type":"post","link":"https:\/\/nubesmgzdigital.com.ar\/index.php\/2020\/12\/28\/espacios-virtuales-para-capacitar-informar-conocer-y-recorrer-nuestro-pais\/","title":{"rendered":"Espacios virtuales para capacitar, informar, conocer y recorrer nuestro pa\u00eds"},"content":{"rendered":"\n<p><strong><em>Durante este periodo excepcional, el Ministerio de Turismo y Deportes de la Naci\u00f3n gener\u00f3 encuentros digitales para que los distintos sectores de la actividad tur\u00edstica permanezcan conectados compartiendo experiencias. Con el objetivo de que los argentinos y argentinas accedan a un conocimiento m\u00e1s profundo de los innumerables atractivos que guarda nuestro territorio.<\/em><\/strong><\/p>\n\n\n\n<p><a href=\"https:\/\/www.youtube.com\/playlist?list=PLPdV8xVKQsQbyVzuPhkmMnlUH4IuRifMD\" target=\"_blank\" rel=\"noreferrer noopener\">Jornadas Federales Virtuales de Calidad y Formaci\u00f3n<\/a><br>Bajo el lema &#8220;Estrategias y desaf\u00edos para el sector tur\u00edstico en el nuevo escenario&#8221;, este ciclo permiti\u00f3 intercambiar experiencias y opiniones al sector p\u00fablico, privado e instituciones educativas con el objetivo de construir un turismo m\u00e1s competitivo, equitativo y resiliente, fortalecer a los actores locales como protagonistas en el posicionamiento de destinos sostenibles e inclusivos, promover la calidad y la seguridad en todo el territorio nacional, y fomentar la formaci\u00f3n y capacitaci\u00f3n para mejorar las competencias de los profesionales de la actividad.<\/p>\n\n\n\n<figure class=\"wp-block-image size-large\"><img decoding=\"async\" src=\"https:\/\/www.argentina.gob.ar\/sites\/default\/files\/jornadas_calidad11.jpg\" alt=\"\" \/><\/figure>\n\n\n\n<p><a href=\"https:\/\/www.youtube.com\/playlist?list=PLPdV8xVKQsQbsVnTU1g3BnLu4vLtwHoBC\" target=\"_blank\" rel=\"noreferrer noopener\">Naturaleza Argentina en vivo<\/a><br>El Ciclo invit\u00f3 a los turistas a recorrer algunos de los incre\u00edbles paisajes de nuestro pa\u00eds, dando la posibilidad de saber m\u00e1s acerca de nuestros ambientes naturales, su flora, su fauna y su gente, para inspirarnos en nuestra pr\u00f3xima vuelta a la naturaleza.<\/p>\n\n\n\n<figure class=\"wp-block-image size-large\"><img decoding=\"async\" src=\"https:\/\/www.argentina.gob.ar\/sites\/default\/files\/naturaleza_argenitna11.jpg\" alt=\"\" \/><\/figure>\n\n\n\n<p><a href=\"https:\/\/www.youtube.com\/playlist?list=PLRZ3PwueiQp7ojabyifxqnOV4czaqO5DZ\" target=\"_blank\" rel=\"noreferrer noopener\">Juegos Nacionales Evita 2020<\/a>\u00a0Edici\u00f3n \u201cDiego Armando Maradona\u201d<br>M\u00e1s all\u00e1 de la pandemia, los ni\u00f1os y ni\u00f1as argentinos pudieron aprender, por incorporar conocimiento, por nutrirse con consejos de los y las mejores en su disciplina. Durante dos jornadas, hubo entrevistas a figuras nacionales, capacitaciones y muestras deportivas de 44 disciplinas. Paula Pareto, Delfina Pignatiello, Virginia Bardach, Gustavo Fern\u00e1ndez, Federico Molinari, Mari\u00e1ngeles Cossar y Sergio \u201cOveja\u201d Hern\u00e1ndez, entre otros, fueron los que contaron sus vivencias.<\/p>\n\n\n\n<figure class=\"wp-block-image size-large\"><img decoding=\"async\" src=\"https:\/\/www.argentina.gob.ar\/sites\/default\/files\/diego.jpeg\" alt=\"\" \/><\/figure>\n\n\n\n<p><a href=\"https:\/\/www.youtube.com\/watch?v=VSFnfl52G04&amp;list=PLPdV8xVKQsQYenzNWB_5mj41yAQyV7CjX\" target=\"_blank\" rel=\"noreferrer noopener\">Ciclo de Turismo Rural<\/a><br>Durante 16 encuentros este ciclo tuvo como objetivo difundir y dar a conocer la oferta tur\u00edstica de Argentina en los espacios rurales poniendo en valor la cultura e identidad de sus territorios y de toda la cadena de valor. Estuvo destinado al p\u00fablico general del \u00e1mbito provincial y nacional, y a operadores vinculados con el turismo en el espacio rural.<\/p>\n\n\n\n<figure class=\"wp-block-image size-large\"><img decoding=\"async\" src=\"https:\/\/www.argentina.gob.ar\/sites\/default\/files\/turismo_rural.jpeg\" alt=\"\" \/><\/figure>\n\n\n\n<p><a href=\"https:\/\/www.youtube.com\/playlist?list=PLPdV8xVKQsQZ9NbaqX7BjmAVIrxfGyMue\" target=\"_blank\" rel=\"noreferrer noopener\">Vinos, Viajes y Encuentros<\/a>\u00a0este ciclo de charlas recorri\u00f3 16 provincias (m\u00e1s de 3 mil kil\u00f3metros), promocion\u00f3 200 bodegas y cont\u00f3 con la participaci\u00f3n de 60 expertos de enoturismo y m\u00e1s 5000 espectadores.<br>Fue organizado por el Ministerio de Turismo y Deportes de la Naci\u00f3n y cont\u00f3 con el apoyo del Consejo Federal de Turismo (CFT), el Instituto Nacional de Promoci\u00f3n Tur\u00edstica (INPROTUR) y la Corporaci\u00f3n Vitivin\u00edcola Argentina (COVIAR).<\/p>\n\n\n\n<figure class=\"wp-block-image size-large\"><img decoding=\"async\" src=\"https:\/\/www.argentina.gob.ar\/sites\/default\/files\/viajes_vinos_y_encuentros11.jpeg\" alt=\"\" \/><\/figure>\n\n\n\n<p><a href=\"https:\/\/www.youtube.com\/playlist?list=PLRZ3PwueiQp7Nvm-dA8i6boLCPBrVlE7i\" target=\"_blank\" rel=\"noreferrer noopener\">Foro Argentino del Deporte<\/a><br>Espacio donde se debatieron los principales desaf\u00edos del sector con la participaci\u00f3n de m\u00e1s de 30 destacados expositores, a lo largo de 10 jornadas. Entre los paneles destacados estuvieron el deporte universitario; el rol social de los clubes; y los desaf\u00edos de la inclusi\u00f3n en y a trav\u00e9s del deporte. Tambi\u00e9n se analiz\u00f3 la planificaci\u00f3n estrat\u00e9gica en el deporte; y las ciencias aplicadas al deporte.<\/p>\n\n\n\n<figure class=\"wp-block-image size-large\"><img decoding=\"async\" src=\"https:\/\/www.argentina.gob.ar\/sites\/default\/files\/foro_argentino_del_deporte.jpeg\" alt=\"\" \/><\/figure>\n\n\n\n<p><a href=\"https:\/\/www.youtube.com\/playlist?list=PLPdV8xVKQsQZA34xOJA2TsB0u6bWnKf8M\" target=\"_blank\" rel=\"noreferrer noopener\">DegustAR<\/a><br>El ciclo de 12 encuentros permiti\u00f3 recorrer los sabores, aromas e identidades de todas las cocinas del pa\u00eds. Cont\u00f3 con un total de m\u00e1s de 10.000 espectadores y espectadoras y 120 productores y productoras visibilizadas.<\/p>\n\n\n\n<figure class=\"wp-block-image size-large\"><img decoding=\"async\" src=\"https:\/\/www.argentina.gob.ar\/sites\/default\/files\/degustar11.jpg\" alt=\"\" \/><\/figure>\n\n\n\n<p>El ciclo Ampliar Destinos tuvo tres ediciones: la primera dedicada a\u00a0<a href=\"https:\/\/www.youtube.com\/playlist?list=PLxqt2ccwvZyOVbpntgbSLZ5spabJ7a_E5\" target=\"_blank\" rel=\"noreferrer noopener\">Destinos Argentinos<\/a>, donde se promocionaron 26 destinos y gener\u00f3 espacios de comercializaci\u00f3n virtual; la segunda a\u00a0<a href=\"https:\/\/www.youtube.com\/watch?v=G_FksrdPI1o&amp;list=PLxqt2ccwvZyP3wvCh3Ut9ThjrxmwRQshF\" target=\"_blank\" rel=\"noreferrer noopener\">Fiestas Argentinas<\/a>, en esta edici\u00f3n se presentaron 75 de ellas a 2400 prestadores, a lo largo de 9 jornadas en las que expusieron representantes de todas las provincias del pa\u00eds. Y por \u00faltimo, la tercera a\u00a0<a href=\"https:\/\/www.youtube.com\/watch?v=G_FksrdPI1o&amp;list=PLxqt2ccwvZyP3wvCh3Ut9ThjrxmwRQshF\" target=\"_blank\" rel=\"noreferrer noopener\">Productos y Experiencias Tur\u00edsticas<\/a>.<br>Ampliar Destinos fue organizado por la C\u00e1mara Argentina de Turismo junto al Ministerio de Turismo y Deportes de la Naci\u00f3n, al Consejo Federal de Turismo (CFT) y Aerol\u00edneas Argentinas.<\/p>\n\n\n\n<figure class=\"wp-block-image size-large\"><img decoding=\"async\" src=\"https:\/\/www.argentina.gob.ar\/sites\/default\/files\/ampliar_destinos11.jpg\" alt=\"\" \/><\/figure>\n\n\n\n<p><a href=\"https:\/\/www.youtube.com\/watch?v=8nsX9_Slf4w&amp;list=PLPdV8xVKQsQZdTreORlawSNWPHXzkZPWS\" target=\"_blank\" rel=\"noreferrer noopener\">Distinciones en Accesibilidad Tur\u00edstica<\/a><br>En cada encuentro los participantes pudieron interiorizarse en la importancia de la implementaci\u00f3n de las pol\u00edticas de accesibilidad, en su proceso de puesta en marcha, y en el beneficio que implica tener una distinci\u00f3n en esta materia. En ocasiones, la misma cumple un rol decisivo al momento de elecci\u00f3n de un destino o prestaciones tur\u00edsticas accesibles para una parte importante de la demanda tur\u00edstica. Cada charla tuvo como protagonista a una provincia en la que participaron referentes provinciales y municipales, tambi\u00e9n prestadores de servicios y turistas que hayan visitado el destino.<\/p>\n\n\n\n<figure class=\"wp-block-image size-large\"><img decoding=\"async\" src=\"https:\/\/www.argentina.gob.ar\/sites\/default\/files\/accesibilidad.jpeg\" alt=\"\" \/><\/figure>\n\n\n\n<figure class=\"wp-block-image size-large\"><a href=\"https:\/\/www.argentina.gob.ar\/noticias\/espacios-virtuales-para-capacitar-informar-conocer-y-recorrer-nuestro-pais\" target=\"_blank\" rel=\"noopener noreferrer\"><img loading=\"lazy\" decoding=\"async\" width=\"852\" height=\"182\" src=\"http:\/\/nubesmgzdigital.com.ar\/wp-content\/uploads\/2020\/11\/argentina_unida.jpeg\" alt=\"\" class=\"wp-image-5249\" srcset=\"https:\/\/nubesmgzdigital.com.ar\/wp-content\/uploads\/2020\/11\/argentina_unida.jpeg 852w, https:\/\/nubesmgzdigital.com.ar\/wp-content\/uploads\/2020\/11\/argentina_unida-300x64.jpeg 300w, https:\/\/nubesmgzdigital.com.ar\/wp-content\/uploads\/2020\/11\/argentina_unida-768x164.jpeg 768w, https:\/\/nubesmgzdigital.com.ar\/wp-content\/uploads\/2020\/11\/argentina_unida-696x149.jpeg 696w\" sizes=\"auto, (max-width: 852px) 100vw, 852px\" \/><\/a><\/figure>\n","protected":false},"excerpt":{"rendered":"<p>Durante este periodo excepcional, el Ministerio de Turismo y Deportes de la Naci\u00f3n gener\u00f3 encuentros digitales para que los distintos sectores de la actividad tur\u00edstica permanezcan conectados compartiendo experiencias. Con el objetivo de que los argentinos y argentinas accedan a un conocimiento m\u00e1s profundo de los innumerables atractivos que guarda nuestro territorio. Jornadas Federales Virtuales [&hellip;]<\/p>\n","protected":false},"author":2,"featured_media":5613,"comment_status":"open","ping_status":"open","sticky":false,"template":"","format":"standard","meta":{"footnotes":""},"categories":[111],"tags":[],"class_list":["post-5612","post","type-post","status-publish","format-standard","has-post-thumbnail","hentry","category-nacional"],"post_mailing_queue_ids":[],"_links":{"self":[{"href":"https:\/\/nubesmgzdigital.com.ar\/index.php\/wp-json\/wp\/v2\/posts\/5612","targetHints":{"allow":["GET"]}}],"collection":[{"href":"https:\/\/nubesmgzdigital.com.ar\/index.php\/wp-json\/wp\/v2\/posts"}],"about":[{"href":"https:\/\/nubesmgzdigital.com.ar\/index.php\/wp-json\/wp\/v2\/types\/post"}],"author":[{"embeddable":true,"href":"https:\/\/nubesmgzdigital.com.ar\/index.php\/wp-json\/wp\/v2\/users\/2"}],"replies":[{"embeddable":true,"href":"https:\/\/nubesmgzdigital.com.ar\/index.php\/wp-json\/wp\/v2\/comments?post=5612"}],"version-history":[{"count":1,"href":"https:\/\/nubesmgzdigital.com.ar\/index.php\/wp-json\/wp\/v2\/posts\/5612\/revisions"}],"predecessor-version":[{"id":5614,"href":"https:\/\/nubesmgzdigital.com.ar\/index.php\/wp-json\/wp\/v2\/posts\/5612\/revisions\/5614"}],"wp:featuredmedia":[{"embeddable":true,"href":"https:\/\/nubesmgzdigital.com.ar\/index.php\/wp-json\/wp\/v2\/media\/5613"}],"wp:attachment":[{"href":"https:\/\/nubesmgzdigital.com.ar\/index.php\/wp-json\/wp\/v2\/media?parent=5612"}],"wp:term":[{"taxonomy":"category","embeddable":true,"href":"https:\/\/nubesmgzdigital.com.ar\/index.php\/wp-json\/wp\/v2\/categories?post=5612"},{"taxonomy":"post_tag","embeddable":true,"href":"https:\/\/nubesmgzdigital.com.ar\/index.php\/wp-json\/wp\/v2\/tags?post=5612"}],"curies":[{"name":"wp","href":"https:\/\/api.w.org\/{rel}","templated":true}]}}