{"id":5710,"date":"2021-01-11T12:55:21","date_gmt":"2021-01-11T15:55:21","guid":{"rendered":"http:\/\/nubesmgzdigital.com.ar\/?p=5710"},"modified":"2021-01-11T13:00:56","modified_gmt":"2021-01-11T16:00:56","slug":"premios-excelencias-extiende-convocatoria-hasta-el-15-de-enero","status":"publish","type":"post","link":"https:\/\/nubesmgzdigital.com.ar\/index.php\/2021\/01\/11\/premios-excelencias-extiende-convocatoria-hasta-el-15-de-enero\/","title":{"rendered":"Premios Excelencias extiende convocatoria hasta el 15 de enero"},"content":{"rendered":"\n<p><strong><span style=\"color:#bb9630\" class=\"has-inline-color\"><em>Aceptaremos la entrega de candidaturas hasta el viernes 15 de enero de 2021<\/em><\/span><\/strong><\/p>\n\n\n\n<p><a href=\"http:\/\/www.excelencias.com\/\" target=\"_blank\" rel=\"noreferrer noopener\">Grupo Excelencias<\/a>&nbsp;cre\u00f3 los&nbsp;<strong>Premios Excelencias<\/strong>&nbsp;en 2005, con el objetivo de fomentar la excelencia en todos los \u00e1mbitos relacionados con el turismo. Desde entonces, se han convertido en un referente para todos aquellos que trabajan d\u00eda a d\u00eda para lograr la excelencia no s\u00f3lo en ese \u00e1mbito, sino tambi\u00e9n en la gastronom\u00eda, la cultura, o la sostenibilidad.<\/p>\n\n\n\n<p>Nos sentimos honrados de haber contado, durante los \u00faltimos diez a\u00f1os, con la confianza e ilusi\u00f3n de las empresas, instituciones y personas que participan en los Premios Excelencias y que han acudido durante la primera jornada de FITUR a recoger su galard\u00f3n con entusiasmo.&nbsp;<ins><\/ins><\/p>\n\n\n\n<p>Teniendo en cuenta la complicada situaci\u00f3n en que todos estos sectores se encuentran a causa de la pandemia de la COVID, en Grupo Excelencias queremos estar m\u00e1s que nunca al lado de los profesionales de la cultura, la gastronom\u00eda, y el turismo; celebrando sus \u00e9xitos y planes de futuro.&nbsp;<\/p>\n\n\n\n<p>Es por eso que, por primera vez de manera virtual, vamos a celebrar nuestros&nbsp;<strong>Premios Excelencias<\/strong>&nbsp;en su fecha tradicional: \u00a1porque los proyectos llevados a cabo o planteados durante este dur\u00edsimo 2020 merecen un enorme reconocimiento!&nbsp;<\/p>\n\n\n\n<h5 class=\"wp-block-heading\"><strong>La entrega virtual de los Premios Excelencias, correspondiente al a\u00f1o 2020, se realizar\u00e1 el 27 de enero de 2021 a las 17:00 horas de Espa\u00f1a.<\/strong><\/h5>\n\n\n\n<h3 class=\"wp-block-heading\"><strong>\u00a1Presenta ya tu candidatura!<\/strong><\/h3>\n\n\n\n<h3 class=\"wp-block-heading\"><strong>SOBRE LOS PREMIOS EXCELENCIAS<\/strong><\/h3>\n\n\n\n<p>Hist\u00f3ricamente, la entrega de los PREMIOS EXCELENCIAS TUR\u00cdSTICAS a actores de la industria tur\u00edstica como hoteles, aerol\u00edneas, cruceros o turoperadores se ve complementada con la entrega de Premios en otros \u00e1mbitos.&nbsp;<\/p>\n\n\n\n<p>Contamos con los PREMIOS EXCELENCIAS GOURMET, que galardona los proyectos m\u00e1s destacados en la gastronom\u00eda; actividad profundamente ligada al turismo.&nbsp;<\/p>\n\n\n\n<p>Adem\u00e1s, otorgamos un Premio Esp\u00edritu de Excelencia a aquellos proyectos cuya esencia sea apoyar y mejorar la sociedad, tanto gracias a como para la gastronom\u00eda y el turismo. Tambi\u00e9n contamos con tres Premios honrando a queridos colegas que nos han dejado: \u201cPremio Silvia Zorzanello\u201d, a proyectos tur\u00edsticos en Brasil, \u201cPremio Ram\u00f3n \u00c1lvarez\u201d, a instituciones o personalidades comprometidos con el turismo MICE, y \u201cPremio Nicol\u00e1s Muela\u201d, a proyectos enfocados a la investigaci\u00f3n y promoci\u00f3n de la cultura gastron\u00f3mica en Iberoam\u00e9rica.&nbsp;<\/p>\n\n\n\n<p>En los \u00faltimos a\u00f1os, se han incorporado las menciones AZUL y VERDE a los Premios Excelencias Tur\u00edsticas, para galardonar proyectos comprometidos con la sostenibilidad de los entornos acu\u00e1ticos y terrestres.&nbsp;<\/p>\n\n\n\n<p>Para este 2020 hemos a\u00f1adido una categor\u00eda nueva, en que se galardonar\u00e1n proyectos que trabajen el&nbsp;<em>wellness<\/em>&nbsp;por su fundamental trabajo por el desarrollo humano: PREMIO EXCELENCIAS TUR\u00cdSTICAS MENCI\u00d3N BIENESTAR.<\/p>\n\n\n\n<h3 class=\"wp-block-heading\"><strong>\u00bfC\u00d3MO PRESENTAR MI CANDIDATURA?<\/strong><\/h3>\n\n\n\n<p>Con el asunto \u201cCandidatura Premios Excelencias TUR\u00cdSTICAS \/ GOURMET \/ ESPECIALES\u201d, seg\u00fan corresponda, env\u00eda un email a&nbsp;<a href=\"mailto:premiosexcelencias@excelencias.com\" target=\"_blank\" rel=\"noreferrer noopener\">premiosexcelencias@excelencias.com<\/a>&nbsp;con la siguiente informaci\u00f3n:<\/p>\n\n\n\n<ul class=\"wp-block-list\"><li>Nombre de la empresa y\/o persona que presenta el proyecto.<\/li><li>Nombre del proyecto propuesto.<\/li><li>Breve explicaci\u00f3n (dos p\u00e1rrafos M\u00c1XIMO) de la propuesta. Se admitir\u00e1n dossiers de informaci\u00f3n adjuntos.<\/li><li>Persona de contacto (nombre, cargo, tel\u00e9fono, email) para detalles de la candidatura.<\/li><\/ul>\n\n\n\n<h4 class=\"wp-block-heading\"><strong>FECHA L\u00cdMITE PARA ENV\u00cdO DE CANDIDATURAS:<\/strong><br>15 DE ENERO DE 2021<\/h4>\n\n\n\n<p>Para m\u00e1s informaci\u00f3n, visite&nbsp;<a href=\"mailto:premiosexcelencias@excelencias.com\" target=\"_blank\" rel=\"noreferrer noopener\">premiosexcelencias@excelencias.com<\/a>.<\/p>\n\n\n\n<div class=\"wp-block-image\"><figure class=\"alignleft size-large\"><a href=\"https:\/\/www.caribbeannewsdigital.com\/es\/nosotros\/premios-excelencias-extiende-convocatoria-hasta-el-15-de-enero\" target=\"_blank\" rel=\"noopener\"><img loading=\"lazy\" decoding=\"async\" width=\"386\" height=\"164\" src=\"http:\/\/nubesmgzdigital.com.ar\/wp-content\/uploads\/2021\/01\/neuws-1.jpg\" alt=\"\" class=\"wp-image-5709\" srcset=\"https:\/\/nubesmgzdigital.com.ar\/wp-content\/uploads\/2021\/01\/neuws-1.jpg 386w, https:\/\/nubesmgzdigital.com.ar\/wp-content\/uploads\/2021\/01\/neuws-1-300x127.jpg 300w\" sizes=\"auto, (max-width: 386px) 100vw, 386px\" \/><\/a><figcaption><strong><em><span class=\"has-inline-color has-vivid-cyan-blue-color\">Fuente de la Informaci\u00f3n<\/span><\/em><\/strong> <\/figcaption><\/figure><\/div>\n\n\n","protected":false},"excerpt":{"rendered":"<p>Aceptaremos la entrega de candidaturas hasta el viernes 15 de enero de 2021 Grupo Excelencias&nbsp;cre\u00f3 los&nbsp;Premios Excelencias&nbsp;en 2005, con el objetivo de fomentar la excelencia en todos los \u00e1mbitos relacionados con el turismo. Desde entonces, se han convertido en un referente para todos aquellos que trabajan d\u00eda a d\u00eda para lograr la excelencia no s\u00f3lo [&hellip;]<\/p>\n","protected":false},"author":2,"featured_media":5711,"comment_status":"open","ping_status":"open","sticky":false,"template":"","format":"standard","meta":{"footnotes":""},"categories":[113],"tags":[],"class_list":["post-5710","post","type-post","status-publish","format-standard","has-post-thumbnail","hentry","category-internacional"],"post_mailing_queue_ids":[],"_links":{"self":[{"href":"https:\/\/nubesmgzdigital.com.ar\/index.php\/wp-json\/wp\/v2\/posts\/5710","targetHints":{"allow":["GET"]}}],"collection":[{"href":"https:\/\/nubesmgzdigital.com.ar\/index.php\/wp-json\/wp\/v2\/posts"}],"about":[{"href":"https:\/\/nubesmgzdigital.com.ar\/index.php\/wp-json\/wp\/v2\/types\/post"}],"author":[{"embeddable":true,"href":"https:\/\/nubesmgzdigital.com.ar\/index.php\/wp-json\/wp\/v2\/users\/2"}],"replies":[{"embeddable":true,"href":"https:\/\/nubesmgzdigital.com.ar\/index.php\/wp-json\/wp\/v2\/comments?post=5710"}],"version-history":[{"count":2,"href":"https:\/\/nubesmgzdigital.com.ar\/index.php\/wp-json\/wp\/v2\/posts\/5710\/revisions"}],"predecessor-version":[{"id":5713,"href":"https:\/\/nubesmgzdigital.com.ar\/index.php\/wp-json\/wp\/v2\/posts\/5710\/revisions\/5713"}],"wp:featuredmedia":[{"embeddable":true,"href":"https:\/\/nubesmgzdigital.com.ar\/index.php\/wp-json\/wp\/v2\/media\/5711"}],"wp:attachment":[{"href":"https:\/\/nubesmgzdigital.com.ar\/index.php\/wp-json\/wp\/v2\/media?parent=5710"}],"wp:term":[{"taxonomy":"category","embeddable":true,"href":"https:\/\/nubesmgzdigital.com.ar\/index.php\/wp-json\/wp\/v2\/categories?post=5710"},{"taxonomy":"post_tag","embeddable":true,"href":"https:\/\/nubesmgzdigital.com.ar\/index.php\/wp-json\/wp\/v2\/tags?post=5710"}],"curies":[{"name":"wp","href":"https:\/\/api.w.org\/{rel}","templated":true}]}}