{"id":6095,"date":"2021-02-11T11:50:59","date_gmt":"2021-02-11T14:50:59","guid":{"rendered":"http:\/\/nubesmgzdigital.com.ar\/?p=6095"},"modified":"2021-02-11T11:51:02","modified_gmt":"2021-02-11T14:51:02","slug":"aerolineas-argentinas-aumentara-la-frecuencia-de-sus-vuelos-a-ushuaia","status":"publish","type":"post","link":"https:\/\/nubesmgzdigital.com.ar\/index.php\/2021\/02\/11\/aerolineas-argentinas-aumentara-la-frecuencia-de-sus-vuelos-a-ushuaia\/","title":{"rendered":"Aerol\u00edneas Argentinas aumentar\u00e1 la frecuencia de sus vuelos a Ushuaia"},"content":{"rendered":"\n<p><strong>Tras gestiones entre el Instituto Fueguino de Turismo con Aerol\u00edneas Argentinas se incrementaron la cantidad de vuelos en marzo desde Buenos Aires hacia la capital fueguina. Adem\u00e1s se contar\u00e1 con tarifas m\u00e1s econ\u00f3micas por vuelo.<\/strong><\/p>\n\n\n\n<p>&#8220;El mes de marzo ten\u00eda una programaci\u00f3n de dos vuelos diarios, y luego de las gestiones nos confirmaron que se aumenta a 26 vuelos semanales en la primer quincena de marzo, adem\u00e1s se consiguieron importantes mejoras en las tarifas disponibles, y contaremos con aviones de mayor capacidad&#8221; expres\u00f3 el presidente del INFUETUR, Dante Querciali, destacando el acompa\u00f1amiento de\u00a0<strong><a rel=\"noreferrer noopener\" href=\"https:\/\/hostnews.com.ar\/index.php\/articulos.htm?mact=Search%2Ccntnt01%2Cdosearch%2C0&amp;cntnt01returnid=16&amp;cntnt01searchinput=Aerol%C3%ADneas%20Argentinas\" target=\"_blank\">Aerol\u00edneas Argentinas<\/a><\/strong>\u00a0para mejorar la conectividad de Tierra del Fuego.\u00a0<\/p>\n\n\n\n<p>En torno a las tarifas m\u00e1s econ\u00f3micas por vuelo, detall\u00f3 que &#8220;de tarifas de m\u00e1s de 60 mil pesos por vuelo, logramos contar con tarifas m\u00e1s accesibles a partir de los 16 mil pesos&#8221;.\u00a0\u00a0&#8220;Desde el Gobierno provincial tenemos un di\u00e1logo permanente con\u00a0<strong><a rel=\"noreferrer noopener\" href=\"https:\/\/hostnews.com.ar\/index.php\/articulos.htm?mact=Search%2Ccntnt01%2Cdosearch%2C0&amp;cntnt01returnid=16&amp;cntnt01searchinput=Aerol%C3%ADneas%20Argentinas\" target=\"_blank\">Aerol\u00edneas Argentinas<\/a><\/strong>\u00a0para buscar soluciones a las demandas de los viajeros y fueguinos&#8221;, finaliz\u00f3 Querciali.<\/p>\n\n\n\n<figure class=\"wp-block-image size-large\"><a href=\"https:\/\/www.latdf.com.ar\/2021\/02\/aerolineas-argentinas-aumentara-la.html\" target=\"_blank\" rel=\"noopener\"><img loading=\"lazy\" decoding=\"async\" width=\"1024\" height=\"171\" src=\"https:\/\/nubesmgzdigital.com.ar\/wp-content\/uploads\/2021\/02\/Cabecera-1200x200-1-1024x171.png\" alt=\"\" class=\"wp-image-6096\" srcset=\"https:\/\/nubesmgzdigital.com.ar\/wp-content\/uploads\/2021\/02\/Cabecera-1200x200-1-1024x171.png 1024w, https:\/\/nubesmgzdigital.com.ar\/wp-content\/uploads\/2021\/02\/Cabecera-1200x200-1-300x50.png 300w, https:\/\/nubesmgzdigital.com.ar\/wp-content\/uploads\/2021\/02\/Cabecera-1200x200-1-768x128.png 768w, https:\/\/nubesmgzdigital.com.ar\/wp-content\/uploads\/2021\/02\/Cabecera-1200x200-1-696x116.png 696w, https:\/\/nubesmgzdigital.com.ar\/wp-content\/uploads\/2021\/02\/Cabecera-1200x200-1-1068x178.png 1068w, https:\/\/nubesmgzdigital.com.ar\/wp-content\/uploads\/2021\/02\/Cabecera-1200x200-1.png 1180w\" sizes=\"auto, (max-width: 1024px) 100vw, 1024px\" \/><\/a><\/figure>\n","protected":false},"excerpt":{"rendered":"<p>Tras gestiones entre el Instituto Fueguino de Turismo con Aerol\u00edneas Argentinas se incrementaron la cantidad de vuelos en marzo desde Buenos Aires hacia la capital fueguina. Adem\u00e1s se contar\u00e1 con tarifas m\u00e1s econ\u00f3micas por vuelo. &#8220;El mes de marzo ten\u00eda una programaci\u00f3n de dos vuelos diarios, y luego de las gestiones nos confirmaron que se [&hellip;]<\/p>\n","protected":false},"author":2,"featured_media":6097,"comment_status":"open","ping_status":"open","sticky":false,"template":"","format":"standard","meta":{"footnotes":""},"categories":[136],"tags":[],"class_list":["post-6095","post","type-post","status-publish","format-standard","has-post-thumbnail","hentry","category-patagonia"],"post_mailing_queue_ids":[],"_links":{"self":[{"href":"https:\/\/nubesmgzdigital.com.ar\/index.php\/wp-json\/wp\/v2\/posts\/6095","targetHints":{"allow":["GET"]}}],"collection":[{"href":"https:\/\/nubesmgzdigital.com.ar\/index.php\/wp-json\/wp\/v2\/posts"}],"about":[{"href":"https:\/\/nubesmgzdigital.com.ar\/index.php\/wp-json\/wp\/v2\/types\/post"}],"author":[{"embeddable":true,"href":"https:\/\/nubesmgzdigital.com.ar\/index.php\/wp-json\/wp\/v2\/users\/2"}],"replies":[{"embeddable":true,"href":"https:\/\/nubesmgzdigital.com.ar\/index.php\/wp-json\/wp\/v2\/comments?post=6095"}],"version-history":[{"count":1,"href":"https:\/\/nubesmgzdigital.com.ar\/index.php\/wp-json\/wp\/v2\/posts\/6095\/revisions"}],"predecessor-version":[{"id":6098,"href":"https:\/\/nubesmgzdigital.com.ar\/index.php\/wp-json\/wp\/v2\/posts\/6095\/revisions\/6098"}],"wp:featuredmedia":[{"embeddable":true,"href":"https:\/\/nubesmgzdigital.com.ar\/index.php\/wp-json\/wp\/v2\/media\/6097"}],"wp:attachment":[{"href":"https:\/\/nubesmgzdigital.com.ar\/index.php\/wp-json\/wp\/v2\/media?parent=6095"}],"wp:term":[{"taxonomy":"category","embeddable":true,"href":"https:\/\/nubesmgzdigital.com.ar\/index.php\/wp-json\/wp\/v2\/categories?post=6095"},{"taxonomy":"post_tag","embeddable":true,"href":"https:\/\/nubesmgzdigital.com.ar\/index.php\/wp-json\/wp\/v2\/tags?post=6095"}],"curies":[{"name":"wp","href":"https:\/\/api.w.org\/{rel}","templated":true}]}}