{"id":6119,"date":"2021-02-12T09:24:23","date_gmt":"2021-02-12T12:24:23","guid":{"rendered":"http:\/\/nubesmgzdigital.com.ar\/?p=6119"},"modified":"2021-02-12T09:24:25","modified_gmt":"2021-02-12T12:24:25","slug":"presentacion-de-nuevos-centros-modulares-sanitarios-en-ciudades-turisticas","status":"publish","type":"post","link":"https:\/\/nubesmgzdigital.com.ar\/index.php\/2021\/02\/12\/presentacion-de-nuevos-centros-modulares-sanitarios-en-ciudades-turisticas\/","title":{"rendered":"Presentaci\u00f3n de nuevos Centros Modulares Sanitarios en ciudades tur\u00edsticas"},"content":{"rendered":"\n<p><strong><em>El ministro Mat\u00edas Lammens particip\u00f3 del acto mediante videoconferencia.<\/em><\/strong><\/p>\n\n\n\n<p>&#8220;<em>Hemos comenzado a reparar eso y hemos entendido la importancia de la salud p\u00fablica<\/em>&#8220;, dijo el presidente de la Naci\u00f3n,&nbsp;<strong>Alberto Fern\u00e1ndez<\/strong>, al encabezar hoy la presentaci\u00f3n de los primeros cinco de un total de 19 Centros Modulares Sanitarios en Villa Gesell, Mar del Plata y San Bernardo (Buenos Aires), Col\u00f3n (Entre R\u00edos) y Mina Clavero (C\u00f3rdoba).<\/p>\n\n\n\n<p>Acompa\u00f1ado por el ministro de Salud,&nbsp;<strong>Gin\u00e9s Gonz\u00e1lez Garc\u00eda<\/strong>&nbsp;desde la residencia de Olivos, Fern\u00e1ndez se contact\u00f3 por videoconferencia con el ministro de Obras P\u00fablicas,&nbsp;<strong>Gabriel Katopodis<\/strong>, en San Bernardo, y con el secretario de Obras P\u00fablicas, Mart\u00edn Gill, y el intendente Claudio Manzanelli en Mina Clavero.<\/p>\n\n\n\n<p>Tambi\u00e9n participaron en la comunicaci\u00f3n el ministro de Turismo y Deportes,&nbsp;<strong>Mat\u00edas Lammens<\/strong>; el gobernador de Entre R\u00edos, Gustavo Bordet; el intendente de Col\u00f3n, Jos\u00e9 Walser; su par de General Pueyrred\u00f3n, Guillermo Montenegro, y el ministro de Salud bonaerense, Daniel Gollan, en Villa Gesell junto al jefe comunal Gustavo Barrera.<\/p>\n\n\n\n<figure class=\"wp-block-image size-large\"><img decoding=\"async\" src=\"https:\/\/www.argentina.gob.ar\/sites\/default\/files\/casa_rosada_2.jpeg\" alt=\"\"\/><\/figure>\n\n\n\n<p>&#8220;<em>Hubo quienes pensaron que era mejor no invertir en salud y dejarla en manos privadas, desamparando a millones de argentinos que la necesitaban y lo importante es que, de un a\u00f1o hasta hoy, comenzamos a reparar eso y los argentinos entendieron de una vez y para siempre la importancia de la salud p\u00fablica<\/em>&#8220;, agreg\u00f3 el&nbsp;<strong>Presidente<\/strong>.<\/p>\n\n\n\n<p>El jefe de Estado apunt\u00f3 que &#8220;<em>la tarea de gobernar no es solamente de un Presidente aislado con sus ministros, sino que es necesario poner de pie al pa\u00eds y para eso hacen falta absolutamente todos y cada uno debe asumir el rol que lo corresponde y cumplir la tarea que le toca, ya sea desde el gobierno nacional, provincial o municipal<\/em>&#8220;.<\/p>\n\n\n\n<figure class=\"wp-block-image size-large\"><img decoding=\"async\" src=\"https:\/\/www.argentina.gob.ar\/sites\/default\/files\/mdqd_casa_rosada.jpeg\" alt=\"\"\/><\/figure>\n\n\n\n<p>Los Centros pasar\u00e1n a formar parte de la red sanitaria federal y se dedicar\u00e1n a la atenci\u00f3n de emergencias y cuidados primarios para pacientes que presenten s\u00edntomas de coronavirus.<\/p>\n\n\n\n<p>Adem\u00e1s, funcionar\u00e1n como vacunatorios y quedar\u00e1n como capacidad instalada para la atenci\u00f3n m\u00e9dica en cada localidad pospandemia, inform\u00f3 Presidencia.<\/p>\n\n\n\n<p>Los 19 centros implican una inversi\u00f3n de 2.855 millones de pesos y servir\u00e1n para ampliar de manera permanente el sistema de salud en las ciudades de mayor importancia para el desarrollo productivo y econ\u00f3mico de 11 provincias, se inform\u00f3 oficialmente.<\/p>\n\n\n\n<figure class=\"wp-block-embed is-type-video is-provider-youtube wp-block-embed-youtube wp-embed-aspect-16-9 wp-has-aspect-ratio\"><div class=\"wp-block-embed__wrapper\">\n<iframe loading=\"lazy\"  id=\"_ytid_28761\"  width=\"640\" height=\"360\"  data-origwidth=\"640\" data-origheight=\"360\" src=\"https:\/\/www.youtube.com\/embed\/0lXGaxChHzs?enablejsapi=1&#038;autoplay=0&#038;cc_load_policy=0&#038;cc_lang_pref=&#038;iv_load_policy=1&#038;loop=0&#038;rel=1&#038;fs=1&#038;playsinline=0&#038;autohide=2&#038;theme=dark&#038;color=red&#038;controls=1&#038;disablekb=0&#038;\" class=\"__youtube_prefs__  epyt-is-override  no-lazyload\" title=\"YouTube player\"  allow=\"fullscreen; accelerometer; autoplay; clipboard-write; encrypted-media; gyroscope; picture-in-picture; web-share\" referrerpolicy=\"strict-origin-when-cross-origin\" allowfullscreen data-no-lazy=\"1\" data-skipgform_ajax_framebjll=\"\"><\/iframe>\n<\/div><\/figure>\n\n\n\n<figure class=\"wp-block-image size-large\"><a href=\"https:\/\/www.argentina.gob.ar\/noticias\/presentacion-de-nuevos-centros-modulares-sanitarios-en-ciudades-turisticas\" target=\"_blank\" rel=\"noopener\"><img loading=\"lazy\" decoding=\"async\" width=\"852\" height=\"182\" src=\"http:\/\/nubesmgzdigital.com.ar\/wp-content\/uploads\/2021\/02\/argentina_unida-1.jpeg\" alt=\"\" class=\"wp-image-6039\" srcset=\"https:\/\/nubesmgzdigital.com.ar\/wp-content\/uploads\/2021\/02\/argentina_unida-1.jpeg 852w, https:\/\/nubesmgzdigital.com.ar\/wp-content\/uploads\/2021\/02\/argentina_unida-1-300x64.jpeg 300w, https:\/\/nubesmgzdigital.com.ar\/wp-content\/uploads\/2021\/02\/argentina_unida-1-768x164.jpeg 768w, https:\/\/nubesmgzdigital.com.ar\/wp-content\/uploads\/2021\/02\/argentina_unida-1-696x149.jpeg 696w\" sizes=\"auto, (max-width: 852px) 100vw, 852px\" \/><\/a><\/figure>\n","protected":false},"excerpt":{"rendered":"<p>El ministro Mat\u00edas Lammens particip\u00f3 del acto mediante videoconferencia. &#8220;Hemos comenzado a reparar eso y hemos entendido la importancia de la salud p\u00fablica&#8220;, dijo el presidente de la Naci\u00f3n,&nbsp;Alberto Fern\u00e1ndez, al encabezar hoy la presentaci\u00f3n de los primeros cinco de un total de 19 Centros Modulares Sanitarios en Villa Gesell, Mar del Plata y San [&hellip;]<\/p>\n","protected":false},"author":2,"featured_media":6120,"comment_status":"open","ping_status":"open","sticky":false,"template":"","format":"standard","meta":{"footnotes":""},"categories":[111],"tags":[],"class_list":["post-6119","post","type-post","status-publish","format-standard","has-post-thumbnail","hentry","category-nacional"],"post_mailing_queue_ids":[],"_links":{"self":[{"href":"https:\/\/nubesmgzdigital.com.ar\/index.php\/wp-json\/wp\/v2\/posts\/6119","targetHints":{"allow":["GET"]}}],"collection":[{"href":"https:\/\/nubesmgzdigital.com.ar\/index.php\/wp-json\/wp\/v2\/posts"}],"about":[{"href":"https:\/\/nubesmgzdigital.com.ar\/index.php\/wp-json\/wp\/v2\/types\/post"}],"author":[{"embeddable":true,"href":"https:\/\/nubesmgzdigital.com.ar\/index.php\/wp-json\/wp\/v2\/users\/2"}],"replies":[{"embeddable":true,"href":"https:\/\/nubesmgzdigital.com.ar\/index.php\/wp-json\/wp\/v2\/comments?post=6119"}],"version-history":[{"count":1,"href":"https:\/\/nubesmgzdigital.com.ar\/index.php\/wp-json\/wp\/v2\/posts\/6119\/revisions"}],"predecessor-version":[{"id":6121,"href":"https:\/\/nubesmgzdigital.com.ar\/index.php\/wp-json\/wp\/v2\/posts\/6119\/revisions\/6121"}],"wp:featuredmedia":[{"embeddable":true,"href":"https:\/\/nubesmgzdigital.com.ar\/index.php\/wp-json\/wp\/v2\/media\/6120"}],"wp:attachment":[{"href":"https:\/\/nubesmgzdigital.com.ar\/index.php\/wp-json\/wp\/v2\/media?parent=6119"}],"wp:term":[{"taxonomy":"category","embeddable":true,"href":"https:\/\/nubesmgzdigital.com.ar\/index.php\/wp-json\/wp\/v2\/categories?post=6119"},{"taxonomy":"post_tag","embeddable":true,"href":"https:\/\/nubesmgzdigital.com.ar\/index.php\/wp-json\/wp\/v2\/tags?post=6119"}],"curies":[{"name":"wp","href":"https:\/\/api.w.org\/{rel}","templated":true}]}}