{"id":6127,"date":"2021-02-12T11:18:17","date_gmt":"2021-02-12T14:18:17","guid":{"rendered":"http:\/\/nubesmgzdigital.com.ar\/?p=6127"},"modified":"2021-02-12T11:18:19","modified_gmt":"2021-02-12T14:18:19","slug":"un-camino-sinuoso-hacia-la-recuperacion-en-america-latina-y-el-caribe","status":"publish","type":"post","link":"https:\/\/nubesmgzdigital.com.ar\/index.php\/2021\/02\/12\/un-camino-sinuoso-hacia-la-recuperacion-en-america-latina-y-el-caribe\/","title":{"rendered":"Un camino sinuoso hacia la recuperaci\u00f3n en Am\u00e9rica Latina y el Caribe"},"content":{"rendered":"\n<p><strong><em>A pesar de a\u00fan sentir los efectos de la pandemia de Covid-19, el FMI ha\u00a0elevado a 4,1 por ciento su pron\u00f3stico de crecimiento regional para 2021<\/em><\/strong>.<\/p>\n\n\n\n<p>Las econom\u00edas de Am\u00e9rica Latina y el Caribe comenzaron a revertir la devastaci\u00f3n econ\u00f3mica inicial que dej\u00f3 la COVID-19 a comienzos de 2020.&nbsp;Pero el recrudecimiento de la pandemia a finales de ese a\u00f1o amenaza con frustrar una recuperaci\u00f3n que ya es desigual y con agravar los enormes costos sociales y humanos.<\/p>\n\n\n\n<p>Tras la fuerte contracci\u00f3n en el segundo trimestre del a\u00f1o pasado, la veloz recuperaci\u00f3n en el tercer trimestre super\u00f3 las expectativas en algunas de las econom\u00edas m\u00e1s grandes, como Brasil, Per\u00fa y Argentina.<\/p>\n\n\n\n<p>Por ese motivo, el FMI ha elevado a 4,1 por ciento su pron\u00f3stico de crecimiento regional para 2021 (en Octubre hab\u00eda reportado un 3,6 por ciento), en vista de los resultados m\u00e1s s\u00f3lidos de lo previsto en 2020, la expectativa de que se ampl\u00eden las campa\u00f1as de vacunaci\u00f3n, las mejores perspectivas de crecimiento para Estados Unidos y el aumento de los precios de algunas materias primas. Se espera que el crecimiento se acelere m\u00e1s adelante en el a\u00f1o.<\/p>\n\n\n\n<p>Riesgos para la recuperaci\u00f3n<br>Los costos sociales y humanos de la pandemia han sido enormes, y hacen que se cierna un gran sombra este pron\u00f3stico. Se estima que m\u00e1s de 17 millones de personas han entrado en una situaci\u00f3n de pobreza. El empleo permanece por debajo de los niveles previos a la crisis y es probable que la desigualdad haya aumentado en la mayor\u00eda de los pa\u00edses. M\u00e1s de 18 millones de personas han sido infectadas, y la cifra de muertos asciende a medio mill\u00f3n.<br>La incapacidad para contener las nuevas infecciones, la imposici\u00f3n de nuevos confinamientos y el consiguiente cambio de comportamiento de la gente supondr\u00e1n, en suma, un lastre para el crecimiento. Una recuperaci\u00f3n m\u00e1s d\u00e9bil en los mercados laborales infligir\u00eda un da\u00f1o social m\u00e1s permanente. Un cambio repentino en la actitud de los inversionistas internacionales podr\u00eda generar presiones sobre los pa\u00edses que adolecen vulnerabilidades fiscales y externas. Por el lado positivo, la eficacia de las campa\u00f1as de vacunaci\u00f3n y contenci\u00f3n de la pandemia, que cuentan con el firme compromiso de la mayor\u00eda de los pa\u00edses, y un apoyo fiscal adicional, sentar\u00edan las condiciones para una recuperaci\u00f3n m\u00e1s r\u00e1pida.<\/p>\n\n\n\n<p>Recuperaci\u00f3n a distintos ritmos<br>El pron\u00f3stico agregado oculta importantes diferencias entre los pa\u00edses. El crecimiento para este a\u00f1o ha sido revisado al alza en Brasil, M\u00e9xico, Chile, Colombia y Per\u00fa, pero a la baja en la regi\u00f3n del Caribe, de 4 por ciento a 2,4 por ciento, dado que la reanudaci\u00f3n de las actividades de viajes y turismo, vitales para la regi\u00f3n, ha tardado mucho m\u00e1s de lo previsto.<\/p>\n\n\n\n<p>No obstante, la plena recuperaci\u00f3n est\u00e1 a\u00fan muy distante. Seg\u00fan el pron\u00f3stico, el producto de la regi\u00f3n retornar\u00e1 a los niveles previos a la pandemia apenas en 2023, y el PIB per c\u00e1pita lo har\u00e1 en 2025, es decir, m\u00e1s tarde que otras regiones del mundo. La crisis ha repercutido desproporcionadamente en el empleo, y las p\u00e9rdidas se han concentrado sobre todo en las mujeres, los j\u00f3venes y los trabajadores informales y menos cualificados, y los indicadores sociales est\u00e1n dando cuenta de ello.<\/p>\n\n\n\n<figure class=\"wp-block-image size-large is-resized\"><a href=\"https:\/\/es.travel2latam.com\/nota\/65673-reportes-un-camino-sinuoso-hacia-la-recuperacion-en-america-latina-y-el-caribe.html\" target=\"_blank\" rel=\"noopener\"><img loading=\"lazy\" decoding=\"async\" src=\"http:\/\/nubesmgzdigital.com.ar\/wp-content\/uploads\/2021\/02\/travel2latam.logo_-1.gif\" alt=\"\" class=\"wp-image-6125\" width=\"165\" height=\"63\"\/><\/a><\/figure>\n","protected":false},"excerpt":{"rendered":"<p>A pesar de a\u00fan sentir los efectos de la pandemia de Covid-19, el FMI ha\u00a0elevado a 4,1 por ciento su pron\u00f3stico de crecimiento regional para 2021. Las econom\u00edas de Am\u00e9rica Latina y el Caribe comenzaron a revertir la devastaci\u00f3n econ\u00f3mica inicial que dej\u00f3 la COVID-19 a comienzos de 2020.&nbsp;Pero el recrudecimiento de la pandemia a [&hellip;]<\/p>\n","protected":false},"author":2,"featured_media":6128,"comment_status":"open","ping_status":"open","sticky":false,"template":"","format":"standard","meta":{"footnotes":""},"categories":[113],"tags":[],"class_list":["post-6127","post","type-post","status-publish","format-standard","has-post-thumbnail","hentry","category-internacional"],"post_mailing_queue_ids":[],"_links":{"self":[{"href":"https:\/\/nubesmgzdigital.com.ar\/index.php\/wp-json\/wp\/v2\/posts\/6127","targetHints":{"allow":["GET"]}}],"collection":[{"href":"https:\/\/nubesmgzdigital.com.ar\/index.php\/wp-json\/wp\/v2\/posts"}],"about":[{"href":"https:\/\/nubesmgzdigital.com.ar\/index.php\/wp-json\/wp\/v2\/types\/post"}],"author":[{"embeddable":true,"href":"https:\/\/nubesmgzdigital.com.ar\/index.php\/wp-json\/wp\/v2\/users\/2"}],"replies":[{"embeddable":true,"href":"https:\/\/nubesmgzdigital.com.ar\/index.php\/wp-json\/wp\/v2\/comments?post=6127"}],"version-history":[{"count":1,"href":"https:\/\/nubesmgzdigital.com.ar\/index.php\/wp-json\/wp\/v2\/posts\/6127\/revisions"}],"predecessor-version":[{"id":6129,"href":"https:\/\/nubesmgzdigital.com.ar\/index.php\/wp-json\/wp\/v2\/posts\/6127\/revisions\/6129"}],"wp:featuredmedia":[{"embeddable":true,"href":"https:\/\/nubesmgzdigital.com.ar\/index.php\/wp-json\/wp\/v2\/media\/6128"}],"wp:attachment":[{"href":"https:\/\/nubesmgzdigital.com.ar\/index.php\/wp-json\/wp\/v2\/media?parent=6127"}],"wp:term":[{"taxonomy":"category","embeddable":true,"href":"https:\/\/nubesmgzdigital.com.ar\/index.php\/wp-json\/wp\/v2\/categories?post=6127"},{"taxonomy":"post_tag","embeddable":true,"href":"https:\/\/nubesmgzdigital.com.ar\/index.php\/wp-json\/wp\/v2\/tags?post=6127"}],"curies":[{"name":"wp","href":"https:\/\/api.w.org\/{rel}","templated":true}]}}