{"id":6130,"date":"2021-02-12T11:32:55","date_gmt":"2021-02-12T14:32:55","guid":{"rendered":"http:\/\/nubesmgzdigital.com.ar\/?p=6130"},"modified":"2021-02-12T11:32:59","modified_gmt":"2021-02-12T14:32:59","slug":"la-segunda-edicion-del-tianguis-turistico-digital-ha-sido-presentada-ayer-11-de-febrero","status":"publish","type":"post","link":"https:\/\/nubesmgzdigital.com.ar\/index.php\/2021\/02\/12\/la-segunda-edicion-del-tianguis-turistico-digital-ha-sido-presentada-ayer-11-de-febrero\/","title":{"rendered":"La segunda edici\u00f3n del Tianguis Tur\u00edstico Digital ha sido presentada ayer 11 de Febrero."},"content":{"rendered":"\n<p><strong><em>El secretario de Turismo de M\u00e9xico dio a conocer que se llevar\u00e1 a cabo el 23 y 24 de marzo pr\u00f3ximo\u00a0y en esta ocasi\u00f3n Sinaloa ser\u00e1 el estado anfitri\u00f3n<\/em><\/strong>.<\/p>\n\n\n\n<p>El secretario de Turismo del Gobierno de M\u00e9xico, Miguel Torruco Marqu\u00e9s, junto con el gobernador de Sinaloa, Quirino Ordaz Coppel, anunci\u00f3 este mediod\u00eda la realizaci\u00f3n de la segunda edici\u00f3n del Tianguis Tur\u00edstico Digital 2021, la cual se llevar\u00e1 a cabo los d\u00edas 23 y 24 de marzo pr\u00f3ximo, siendo este estado de la rep\u00fablica el anfitri\u00f3n del evento.<\/p>\n\n\n\n<p>El titular de la Secretar\u00eda de Turismo (Sectur) indic\u00f3 que ante las nuevas circunstancias que impon\u00eda la crisis sanitaria y la necesidad de continuar promoviendo los destinos del pa\u00eds, esta dependencia implement\u00f3 el a\u00f1o pasado una novedosa estrategia que permitir\u00eda al sector tur\u00edstico, sin excepci\u00f3n, contar con un espacio virtual para efectuar la difusi\u00f3n, promoci\u00f3n y comercializaci\u00f3n de sus productos y atractivos tur\u00edsticos.<\/p>\n\n\n\n<p>Sostuvo que en 2020 la pandemia de Covid-19 tom\u00f3 como reh\u00e9n a la actividad tur\u00edstica mundial, paralizando a uno de los sectores econ\u00f3micos m\u00e1s relevantes con la restricci\u00f3n de viajes, suspensi\u00f3n de vuelos y cruceros, y la cancelaci\u00f3n de las ferias tur\u00edsticas m\u00e1s importantes.<\/p>\n\n\n\n<p>\u201cEs as\u00ed como surge el a\u00f1o pasado el \u201cPrimer Tianguis Tur\u00edstico Digital\u201d, celebrado en septiembre, que viene a fomentar y fortalecer a nuestro turismo, tanto internacional como nacional. Este \u00faltimo, el turismo interno, a lo largo de la historia de nuestro sector ha sido \u201cpiedra angular\u201d en el rescate de la actividad tur\u00edstica, a\u00fan en los momentos m\u00e1s dif\u00edciles\u201d, dijo.<\/p>\n\n\n\n<p>Precis\u00f3 que en 2019 el turismo interno signific\u00f3 un total de 258 millones de turistas, de los cuales 102 millones se hospedaron en hotel; y represent\u00f3 un consumo de 142 mil millones de d\u00f3lares, que equivalen al 82 por ciento del consumo tur\u00edstico total, lo cual da una clara muestra de su importancia.<\/p>\n\n\n\n<p>El secretario Torruco Marqu\u00e9s a\u00f1adi\u00f3 que el Tianguis Tur\u00edstico Digital es una moderna y eficiente estrategia de promoci\u00f3n que lleg\u00f3 para quedarse, y ser\u00e1 ejemplo de innovaci\u00f3n, creatividad y adaptaci\u00f3n, elementos medulares para enfrentar los retos que impone la nueva normalidad.<\/p>\n\n\n\n<p>\u201cEsta iniciativa abre una ventana de oportunidad para reunir, a\u00f1o con a\u00f1o, a compradores nacionales e internacionales, visitantes y expositores, quienes estar\u00e1n en posibilidad de hacer negocios muy productivos\u201d, asegur\u00f3.<\/p>\n\n\n\n<p>Adem\u00e1s, cuenta con los mismos espacios y actividades que el Tianguis Tur\u00edstico presencial, como salas de exposici\u00f3n, stands, salas regionales, espacios publicitarios, mesa de negocios y un auditorio para ponencias magistrales para verlas en vivo y tambi\u00e9n en repetici\u00f3n.<\/p>\n\n\n\n<p>Record\u00f3 que la primera edici\u00f3n fue un \u00e9xito ya que rebas\u00f3 todas las expectativas. Sus resultados registraron: mil 964 compradores de mil 185 empresas de 45 pa\u00edses, incluyendo M\u00e9xico; 217 expositores, entre ellos las 32 entidades federativas del pa\u00eds; y 27 mil 539 citas de negocios establecidas.<\/p>\n\n\n\n<p>Finalmente, agradeci\u00f3 al gobernador de Sinaloa su inter\u00e9s y apoyo para hacer realidad este segundo Tianguis Tur\u00edstico Digital; as\u00ed como a la red de embajadas y consulados de M\u00e9xico en el exterior para sumar a los mejores compradores con los que cuentan sus mercados adscritos.<\/p>\n\n\n\n<p>\u201cLa segunda edici\u00f3n del Tianguis Tur\u00edstico Digital contribuir\u00e1 a que nuestra vasta riqueza natural y cultural siga siendo difundida y admirada por los turistas nacionales e internacionales, proyectando&nbsp;a M\u00e9xico como un destino altamente competitivo\u201d, puntualiz\u00f3 y agreg\u00f3 que, hasta el momento, ya se tienen registrados a 512 compradores, 374 empresas, 31 pa\u00edses y 116 expositores, por lo que se espera superar lo logrado el a\u00f1o pasado.<\/p>\n\n\n\n<p>Por su parte, el gobernador de Sinaloa, Quirino Ordaz Coppel, destac\u00f3 que el puerto de Mazatl\u00e1n hoy es un lugar seguro, un destino muy atractivo y ha sido uno de los que m\u00e1s r\u00e1pidamente se ha recuperado en medio de esta pandemia, gracias al extraordinario trabajo donde se ha sabido atender muy bien el cuidado de la salud, conjuntamente con el apoyo a la econom\u00eda.<\/p>\n\n\n\n<p>\u201cCelebramos que este evento se lleve a cabo, no queremos ser m\u00e1s que facilitadores, sabemos que el nombre de Mazatl\u00e1n y de Sinaloa es un nombre que genera confianza, es un destino que genera atracci\u00f3n, porque hoy basta ver los n\u00fameros, y estamos construyendo el acuario m\u00e1s importante de Am\u00e9rica&nbsp; Latina y eso no es cualquier cosa, y menos en una \u00e9poca como la que estamos viviendo; pero no es s\u00f3lo el acuario, sino todo el cambio que ha tenido el destino: el Centro Hist\u00f3rico, el malec\u00f3n y todas las avenidas totalmente transformadas\u201d, coment\u00f3.<\/p>\n\n\n\n<p>Resalt\u00f3 que Mazatl\u00e1n es uno de los destinos que mayor inversi\u00f3n privada tiene en estos momentos, con la construcci\u00f3n de condominios y torres departamentales, lo cual habla de la oportunidad y del momento que est\u00e1 teniendo el puerto.<\/p>\n\n\n\n<p>En cuanto al formato del Tianguis Tur\u00edstico Digital 2021, el gobernador consider\u00f3 muy oportuno que se podr\u00e1 tener conectados, a trav\u00e9s de los medios tecnol\u00f3gicos de comunicaci\u00f3n, a quienes toman las decisiones en materia de inversiones tur\u00edsticas, lo que posibilita un mayor \u00e9xito en las citas de negocios ya programadas.<\/p>\n\n\n\n<p>En la presentaci\u00f3n tambi\u00e9n participaron&nbsp;Alfonso Zegbe Camarena, jefe de Unidad de la Direcci\u00f3n Ejecutiva de Estrategia y Diplomacia P\u00fablica de la Secretar\u00eda de Relaciones Exteriores; Luis Guillermo Ben\u00edtez Torres, presidente municipal de Mazatl\u00e1n; Juan Carlos Rivera Castellanos, secretario de Turismo de Oaxaca y presidente de la Uni\u00f3n de Secretarios de Turismo de M\u00e9xico (Asetur); Braulio Arsuaga Losada, presidente del Consejo Nacional Empresarial Tur\u00edstico (CNET); Jos\u00e9 Manuel L\u00f3pez Campos, presidente de Concanaco-Servytur; \u00d3scar P\u00e9rez Barros, secretario de Turismo de Sinaloa; Javier Liz\u00e1rraga Mercado, secretario de Econom\u00eda de Sinaloa; y Rodrigo Hurtado, de CREA, as\u00ed como diversos funcionarios del gobierno federal y estatal, representantes del sector tur\u00edstico y medios de comunicaci\u00f3n.<\/p>\n\n\n\n<figure class=\"wp-block-image size-large is-resized\"><a href=\"https:\/\/es.travel2latam.com\/nota\/65703-eventos-la-segunda-edicion-del-tianguis-turistico-digital-ha-sido-presentada-hoy.html\" target=\"_blank\" rel=\"noopener\"><img loading=\"lazy\" decoding=\"async\" src=\"http:\/\/nubesmgzdigital.com.ar\/wp-content\/uploads\/2021\/02\/travel2latam.logo_-1.gif\" alt=\"\" class=\"wp-image-6125\" width=\"74\" height=\"28\"\/><\/a><\/figure>\n","protected":false},"excerpt":{"rendered":"<p>El secretario de Turismo de M\u00e9xico dio a conocer que se llevar\u00e1 a cabo el 23 y 24 de marzo pr\u00f3ximo\u00a0y en esta ocasi\u00f3n Sinaloa ser\u00e1 el estado anfitri\u00f3n. El secretario de Turismo del Gobierno de M\u00e9xico, Miguel Torruco Marqu\u00e9s, junto con el gobernador de Sinaloa, Quirino Ordaz Coppel, anunci\u00f3 este mediod\u00eda la realizaci\u00f3n de [&hellip;]<\/p>\n","protected":false},"author":2,"featured_media":6131,"comment_status":"open","ping_status":"open","sticky":false,"template":"","format":"standard","meta":{"footnotes":""},"categories":[112],"tags":[],"class_list":["post-6130","post","type-post","status-publish","format-standard","has-post-thumbnail","hentry","category-eventos"],"post_mailing_queue_ids":[],"_links":{"self":[{"href":"https:\/\/nubesmgzdigital.com.ar\/index.php\/wp-json\/wp\/v2\/posts\/6130","targetHints":{"allow":["GET"]}}],"collection":[{"href":"https:\/\/nubesmgzdigital.com.ar\/index.php\/wp-json\/wp\/v2\/posts"}],"about":[{"href":"https:\/\/nubesmgzdigital.com.ar\/index.php\/wp-json\/wp\/v2\/types\/post"}],"author":[{"embeddable":true,"href":"https:\/\/nubesmgzdigital.com.ar\/index.php\/wp-json\/wp\/v2\/users\/2"}],"replies":[{"embeddable":true,"href":"https:\/\/nubesmgzdigital.com.ar\/index.php\/wp-json\/wp\/v2\/comments?post=6130"}],"version-history":[{"count":1,"href":"https:\/\/nubesmgzdigital.com.ar\/index.php\/wp-json\/wp\/v2\/posts\/6130\/revisions"}],"predecessor-version":[{"id":6132,"href":"https:\/\/nubesmgzdigital.com.ar\/index.php\/wp-json\/wp\/v2\/posts\/6130\/revisions\/6132"}],"wp:featuredmedia":[{"embeddable":true,"href":"https:\/\/nubesmgzdigital.com.ar\/index.php\/wp-json\/wp\/v2\/media\/6131"}],"wp:attachment":[{"href":"https:\/\/nubesmgzdigital.com.ar\/index.php\/wp-json\/wp\/v2\/media?parent=6130"}],"wp:term":[{"taxonomy":"category","embeddable":true,"href":"https:\/\/nubesmgzdigital.com.ar\/index.php\/wp-json\/wp\/v2\/categories?post=6130"},{"taxonomy":"post_tag","embeddable":true,"href":"https:\/\/nubesmgzdigital.com.ar\/index.php\/wp-json\/wp\/v2\/tags?post=6130"}],"curies":[{"name":"wp","href":"https:\/\/api.w.org\/{rel}","templated":true}]}}