{"id":6150,"date":"2021-02-13T10:02:42","date_gmt":"2021-02-13T13:02:42","guid":{"rendered":"http:\/\/nubesmgzdigital.com.ar\/?p=6150"},"modified":"2021-02-13T10:02:45","modified_gmt":"2021-02-13T13:02:45","slug":"intensa-actividad-de-yanina-martinez-en-el-sur","status":"publish","type":"post","link":"https:\/\/nubesmgzdigital.com.ar\/index.php\/2021\/02\/13\/intensa-actividad-de-yanina-martinez-en-el-sur\/","title":{"rendered":"Intensa actividad de Yanina Mart\u00ednez en el Sur"},"content":{"rendered":"\n<p><strong><em>Se reuni\u00f3 con autoridades locales y provinciales y representantes del sector privado.<\/em><\/strong><\/p>\n\n\n\n<p>La secretaria nacional de Promoci\u00f3n Tur\u00edstica,&nbsp;<strong>Yanina Mart\u00ednez<\/strong>, visit\u00f3&nbsp;<strong>San Carlos de Bariloche<\/strong>, donde se reuni\u00f3 con la ministra de Turismo y Deportes de R\u00edo Negro,&nbsp;<strong>Martha V\u00e9lez<\/strong>, y el intendente&nbsp;<strong>Gustavo Gennuso<\/strong>.<\/p>\n\n\n\n<p>Adem\u00e1s, mantuvo un encuentro de trabajo con representantes de las c\u00e1maras empresariales para analizar la marcha de la temporada en un escenario complicado por la situaci\u00f3n global de pandemia.<\/p>\n\n\n\n<figure class=\"wp-block-image size-large\"><img decoding=\"async\" src=\"https:\/\/www.argentina.gob.ar\/sites\/default\/files\/bariloche_interior.jpeg\" alt=\"\"\/><\/figure>\n\n\n\n<p>\u201c<em>Es una temporada muy exitosa para Bariloche, un destino que est\u00e1 siendo muy responsable. Se nota que el turista ha aprovechado mucho el programa PreViaje<\/em>\u201d, se\u00f1al\u00f3.<\/p>\n\n\n\n<p>\u201c<em>Tenemos que estar contentos por la cantidad de visitantes que recibi\u00f3 la ciudad y seguir apostando a la actividad, porque hacer turismo es bienestar, m\u00e1s a\u00fan luego de un a\u00f1o tan dif\u00edcil como el que nos toc\u00f3 atravesar<\/em>&#8220;, puntualiz\u00f3.<\/p>\n\n\n\n<p>La agenda incluy\u00f3 reuniones con el EMPROTUR (Ente Mixto de Promoci\u00f3n Tur\u00edstica de Bariloche), con Bariloche Bureau (asociaci\u00f3n de empresas vinculadas al turismo de reuniones) y con representantes de ASEET Patagonia (asociaci\u00f3n que trabaja por la igualdad del hombre y la mujer en el turismo, la prevenci\u00f3n de la explotaci\u00f3n de ni\u00f1os, ni\u00f1as y adolescentes en viajes y el turismo sostenible para todos y todas).<\/p>\n\n\n\n<figure class=\"wp-block-image size-large\"><img decoding=\"async\" src=\"https:\/\/www.argentina.gob.ar\/sites\/default\/files\/barilo_mas.jpeg\" alt=\"\"\/><\/figure>\n\n\n\n<p>M\u00e1s de 9,5 millones de argentinos y argentinas se movilizaron desde el inicio de la temporada de verano en la que Bariloche fue uno de los cinco destinos m\u00e1s elegidos.<\/p>\n\n\n\n<p>En la misma sinton\u00eda, R\u00edo Negro fue la provincia que despert\u00f3 el mayor inter\u00e9s de las y los turistas que utilizaron el programa PreViaje para comprar su vacaciones del 2021 de forma anticipada en 2020.<\/p>\n\n\n\n<figure class=\"wp-block-image size-large\"><img decoding=\"async\" src=\"https:\/\/www.argentina.gob.ar\/sites\/default\/files\/whatsapp_image_2021-02-11_at_11.04.31.jpeg\" alt=\"\"\/><\/figure>\n\n\n\n<p>Asimismo, la Secretaria de Promoci\u00f3n Tur\u00edstica recorri\u00f3 la localidad de El Bols\u00f3n donde se reuni\u00f3 con su intendente, Bruno Pogliano, con quien evalu\u00f3 el desarrollo de la temporada estival y la situaci\u00f3n con los incendios en la zona. Mart\u00ednez, tambi\u00e9n, mantuvo un encuentro con el sector privado y realiz\u00f3 una visita por la Cervecer\u00eda El Bols\u00f3n.<\/p>\n\n\n\n<figure class=\"wp-block-image size-large\"><img decoding=\"async\" src=\"https:\/\/www.argentina.gob.ar\/sites\/default\/files\/martinez_en_el_sur_.jpeg\" alt=\"\"\/><\/figure>\n\n\n\n<p>Tambi\u00e9n visit\u00f3 a Villa La Angostura, San Mart\u00edn de los Andes y Jun\u00edn de los Andes con la ministra de Turismo de Neuqu\u00e9n, Marisa Focarazzo, se reuni\u00f3 con los intendente Fabio Stafani, Omar Torres, Carlos Salonini y Carlos Corazini, visit\u00f3 al Parque Tem\u00e1tico V\u00eda Christi y mantuvo encuentros con representantes del sector privado.<\/p>\n\n\n\n<figure class=\"wp-block-image size-large\"><img decoding=\"async\" src=\"https:\/\/www.argentina.gob.ar\/sites\/default\/files\/martinez_dina_huapi.jpeg\" alt=\"\"\/><\/figure>\n\n\n\n<p>Para finalizar, recorri\u00f3 la localidad de Dina Huapi, donde se reuni\u00f3 con la intendenta, M\u00f3nica Balseiro.<\/p>\n\n\n\n<figure class=\"wp-block-image size-large\"><a href=\"https:\/\/www.argentina.gob.ar\/noticias\/intensa-actividad-de-yanina-martinez-en-el-sur\" target=\"_blank\" rel=\"noopener\"><img loading=\"lazy\" decoding=\"async\" width=\"852\" height=\"182\" src=\"http:\/\/nubesmgzdigital.com.ar\/wp-content\/uploads\/2021\/02\/argentina_unida-1.jpeg\" alt=\"\" class=\"wp-image-6039\" srcset=\"https:\/\/nubesmgzdigital.com.ar\/wp-content\/uploads\/2021\/02\/argentina_unida-1.jpeg 852w, https:\/\/nubesmgzdigital.com.ar\/wp-content\/uploads\/2021\/02\/argentina_unida-1-300x64.jpeg 300w, https:\/\/nubesmgzdigital.com.ar\/wp-content\/uploads\/2021\/02\/argentina_unida-1-768x164.jpeg 768w, https:\/\/nubesmgzdigital.com.ar\/wp-content\/uploads\/2021\/02\/argentina_unida-1-696x149.jpeg 696w\" sizes=\"auto, (max-width: 852px) 100vw, 852px\" \/><\/a><\/figure>\n","protected":false},"excerpt":{"rendered":"<p>Se reuni\u00f3 con autoridades locales y provinciales y representantes del sector privado. La secretaria nacional de Promoci\u00f3n Tur\u00edstica,&nbsp;Yanina Mart\u00ednez, visit\u00f3&nbsp;San Carlos de Bariloche, donde se reuni\u00f3 con la ministra de Turismo y Deportes de R\u00edo Negro,&nbsp;Martha V\u00e9lez, y el intendente&nbsp;Gustavo Gennuso. Adem\u00e1s, mantuvo un encuentro de trabajo con representantes de las c\u00e1maras empresariales para analizar [&hellip;]<\/p>\n","protected":false},"author":2,"featured_media":6151,"comment_status":"open","ping_status":"open","sticky":false,"template":"","format":"standard","meta":{"footnotes":""},"categories":[111],"tags":[],"class_list":["post-6150","post","type-post","status-publish","format-standard","has-post-thumbnail","hentry","category-nacional"],"post_mailing_queue_ids":[],"_links":{"self":[{"href":"https:\/\/nubesmgzdigital.com.ar\/index.php\/wp-json\/wp\/v2\/posts\/6150","targetHints":{"allow":["GET"]}}],"collection":[{"href":"https:\/\/nubesmgzdigital.com.ar\/index.php\/wp-json\/wp\/v2\/posts"}],"about":[{"href":"https:\/\/nubesmgzdigital.com.ar\/index.php\/wp-json\/wp\/v2\/types\/post"}],"author":[{"embeddable":true,"href":"https:\/\/nubesmgzdigital.com.ar\/index.php\/wp-json\/wp\/v2\/users\/2"}],"replies":[{"embeddable":true,"href":"https:\/\/nubesmgzdigital.com.ar\/index.php\/wp-json\/wp\/v2\/comments?post=6150"}],"version-history":[{"count":1,"href":"https:\/\/nubesmgzdigital.com.ar\/index.php\/wp-json\/wp\/v2\/posts\/6150\/revisions"}],"predecessor-version":[{"id":6152,"href":"https:\/\/nubesmgzdigital.com.ar\/index.php\/wp-json\/wp\/v2\/posts\/6150\/revisions\/6152"}],"wp:featuredmedia":[{"embeddable":true,"href":"https:\/\/nubesmgzdigital.com.ar\/index.php\/wp-json\/wp\/v2\/media\/6151"}],"wp:attachment":[{"href":"https:\/\/nubesmgzdigital.com.ar\/index.php\/wp-json\/wp\/v2\/media?parent=6150"}],"wp:term":[{"taxonomy":"category","embeddable":true,"href":"https:\/\/nubesmgzdigital.com.ar\/index.php\/wp-json\/wp\/v2\/categories?post=6150"},{"taxonomy":"post_tag","embeddable":true,"href":"https:\/\/nubesmgzdigital.com.ar\/index.php\/wp-json\/wp\/v2\/tags?post=6150"}],"curies":[{"name":"wp","href":"https:\/\/api.w.org\/{rel}","templated":true}]}}