{"id":6193,"date":"2021-02-19T17:44:04","date_gmt":"2021-02-19T20:44:04","guid":{"rendered":"http:\/\/nubesmgzdigital.com.ar\/?p=6193"},"modified":"2021-02-19T17:44:06","modified_gmt":"2021-02-19T20:44:06","slug":"el-ministro-lammens-se-reunio-con-la-presidenta-del-consejo-federal-de-turismo","status":"publish","type":"post","link":"https:\/\/nubesmgzdigital.com.ar\/index.php\/2021\/02\/19\/el-ministro-lammens-se-reunio-con-la-presidenta-del-consejo-federal-de-turismo\/","title":{"rendered":"El ministro Lammens se reuni\u00f3 con la presidenta del Consejo Federal de Turismo"},"content":{"rendered":"\n<p><strong><em>Realizaron un balance del desarrollo de la temporada estival.<\/em><\/strong><\/p>\n\n\n\n<p>El ministro de Turismo y Deportes de la Naci\u00f3n, Mat\u00edas Lammens, y la secretaria de Promoci\u00f3n Tur\u00edstica, Yanina Mart\u00ednez, recibieron a la presidenta del Consejo Federal de Turismo, y ministra de Turismo y Cultura de San Juan, Claudia Grynszpan. Durante el encuentro, analizaron el desarrollo de la temporada de verano y los proyectos tur\u00edsticos que est\u00e1 llevando adelante la provincia.<\/p>\n\n\n\n<p>Lammens destac\u00f3 que \u201cestamos teniendo una muy buena temporada, el \u00faltimo fin de semana de Carnaval fue muy positivo\u201d, a su vez resalt\u00f3 que \u201cse est\u00e1 realizando un trabajo articulado muy fruct\u00edfero con las provincias a trav\u00e9s del Consejo Federal de Turismo y puntualmente seguimos apoyando a San Juan en la promoci\u00f3n de su gran diversidad de destinos\u201d.<\/p>\n\n\n\n<p>En tanto, Grynszpan se\u00f1al\u00f3 que el fin de semana largo de Carnaval fue muy exitoso y que a partir de ahora tienen el desaf\u00edo de \u201cconstruir una nueva regularidad del movimiento tur\u00edstico en Argentina\u201d. Tambi\u00e9n resalt\u00f3 que en la reuni\u00f3n \u201ccompartieron los proyectos de San Juan vinculados al Parque Provincial Ischigualasto y al turismo de naturaleza\u201d.<\/p>\n\n\n\n<figure class=\"wp-block-image size-large\"><a href=\"https:\/\/www.argentina.gob.ar\/noticias\/el-ministro-lammens-se-reunio-con-la-presidenta-del-consejo-federal-de-turismo\" target=\"_blank\" rel=\"noopener\"><img loading=\"lazy\" decoding=\"async\" width=\"852\" height=\"182\" src=\"http:\/\/nubesmgzdigital.com.ar\/wp-content\/uploads\/2021\/02\/argentina_unida-1.jpeg\" alt=\"\" class=\"wp-image-6039\" srcset=\"https:\/\/nubesmgzdigital.com.ar\/wp-content\/uploads\/2021\/02\/argentina_unida-1.jpeg 852w, https:\/\/nubesmgzdigital.com.ar\/wp-content\/uploads\/2021\/02\/argentina_unida-1-300x64.jpeg 300w, https:\/\/nubesmgzdigital.com.ar\/wp-content\/uploads\/2021\/02\/argentina_unida-1-768x164.jpeg 768w, https:\/\/nubesmgzdigital.com.ar\/wp-content\/uploads\/2021\/02\/argentina_unida-1-696x149.jpeg 696w\" sizes=\"auto, (max-width: 852px) 100vw, 852px\" \/><\/a><\/figure>\n","protected":false},"excerpt":{"rendered":"<p>Realizaron un balance del desarrollo de la temporada estival. El ministro de Turismo y Deportes de la Naci\u00f3n, Mat\u00edas Lammens, y la secretaria de Promoci\u00f3n Tur\u00edstica, Yanina Mart\u00ednez, recibieron a la presidenta del Consejo Federal de Turismo, y ministra de Turismo y Cultura de San Juan, Claudia Grynszpan. Durante el encuentro, analizaron el desarrollo de [&hellip;]<\/p>\n","protected":false},"author":2,"featured_media":6194,"comment_status":"open","ping_status":"open","sticky":false,"template":"","format":"standard","meta":{"footnotes":""},"categories":[111],"tags":[],"class_list":["post-6193","post","type-post","status-publish","format-standard","has-post-thumbnail","hentry","category-nacional"],"post_mailing_queue_ids":[],"_links":{"self":[{"href":"https:\/\/nubesmgzdigital.com.ar\/index.php\/wp-json\/wp\/v2\/posts\/6193","targetHints":{"allow":["GET"]}}],"collection":[{"href":"https:\/\/nubesmgzdigital.com.ar\/index.php\/wp-json\/wp\/v2\/posts"}],"about":[{"href":"https:\/\/nubesmgzdigital.com.ar\/index.php\/wp-json\/wp\/v2\/types\/post"}],"author":[{"embeddable":true,"href":"https:\/\/nubesmgzdigital.com.ar\/index.php\/wp-json\/wp\/v2\/users\/2"}],"replies":[{"embeddable":true,"href":"https:\/\/nubesmgzdigital.com.ar\/index.php\/wp-json\/wp\/v2\/comments?post=6193"}],"version-history":[{"count":1,"href":"https:\/\/nubesmgzdigital.com.ar\/index.php\/wp-json\/wp\/v2\/posts\/6193\/revisions"}],"predecessor-version":[{"id":6195,"href":"https:\/\/nubesmgzdigital.com.ar\/index.php\/wp-json\/wp\/v2\/posts\/6193\/revisions\/6195"}],"wp:featuredmedia":[{"embeddable":true,"href":"https:\/\/nubesmgzdigital.com.ar\/index.php\/wp-json\/wp\/v2\/media\/6194"}],"wp:attachment":[{"href":"https:\/\/nubesmgzdigital.com.ar\/index.php\/wp-json\/wp\/v2\/media?parent=6193"}],"wp:term":[{"taxonomy":"category","embeddable":true,"href":"https:\/\/nubesmgzdigital.com.ar\/index.php\/wp-json\/wp\/v2\/categories?post=6193"},{"taxonomy":"post_tag","embeddable":true,"href":"https:\/\/nubesmgzdigital.com.ar\/index.php\/wp-json\/wp\/v2\/tags?post=6193"}],"curies":[{"name":"wp","href":"https:\/\/api.w.org\/{rel}","templated":true}]}}