{"id":6461,"date":"2021-03-23T21:52:43","date_gmt":"2021-03-24T00:52:43","guid":{"rendered":"http:\/\/nubesmgzdigital.com.ar\/?p=6461"},"modified":"2021-03-23T22:04:05","modified_gmt":"2021-03-24T01:04:05","slug":"aerolineas-argentinas-empieza-a-volar-a-lima-desde-aeroparque","status":"publish","type":"post","link":"https:\/\/nubesmgzdigital.com.ar\/index.php\/2021\/03\/23\/aerolineas-argentinas-empieza-a-volar-a-lima-desde-aeroparque\/","title":{"rendered":"Aerol\u00edneas Argentinas empieza a volar a Lima desde Aeroparque"},"content":{"rendered":"\n<p>Hoy a las 18:10 despeg\u00f3 desde el Aeroparque Jorge Newbery el primer vuelo de Aerol\u00edneas Argentinas con destino Lima. Hasta el 21 de marzo, todas las operaciones entre las capitales de Argentina y Per\u00fa hab\u00edan sido realizadas en Ezeiza.<\/p>\n\n\n\n<p>Ahora, durante el nuevo proceso de internacionalizaci\u00f3n del Aeroparque Jorge Newbery, han sido trasladadas a este aeropuerto junto con los vuelos desde y hacia Brasil, Bolivia, Chile, Paraguay y Uruguay.<\/p>\n\n\n\n<p>Debido a las restricciones a los viajes y la demanda, la empresa argentina tendr\u00e1 hasta finales de marzo una frecuencia semanal entre ambas ciudades en los Boeing 737-700, con una capacidad para 128 o 137 pasajeros, dependiendo de la configuraci\u00f3n de la aeronave.<\/p>\n\n\n\n<p><strong>Configuraci\u00f3n de asientos de los Boeing 737-700 de Aerol\u00edneas Argentinas<\/strong><\/p>\n\n\n\n<ul class=\"wp-block-list\"><li>LV-BYY:&nbsp;<strong>12 asientos en Premium Economy y 125 en Economy: 137.<\/strong><\/li><li>LV-GOO:&nbsp;<strong>12 asientos en Premium Economy y 125 en Economy: 137.<\/strong><\/li><li>LV-BZA:&nbsp;<strong>8 asientos en Premium Economy y 120 en Economy: 128.<\/strong><\/li><li>LV-BZO:&nbsp;<strong>8 asientos en Premium Economy y 120 en Economy: 128.<\/strong><\/li><li>LV-CAD:&nbsp;<strong>8 asientos en Premium Economy y 120 en Economy: 128.<\/strong><\/li><li>LV-CAP:&nbsp;<strong>8 asientos en Premium Economy y 120 en Economy: 128.<\/strong><\/li><li>LV-CBF:&nbsp;<strong>8 asientos en Premium Economy y 120 en Economy: 128.<\/strong><\/li><li>LV-CBT:&nbsp;<strong>8 asientos en Premium Economy y 120 en Economy: 128.<\/strong><\/li><\/ul>\n\n\n\n<p><strong>Horarios<\/strong><\/p>\n\n\n\n<figure class=\"wp-block-table\"><table><tbody><tr><td><strong>Vuelo<\/strong><\/td><td><strong>De<\/strong><\/td><td><strong>Salida<\/strong><\/td><td><strong>A<\/strong><\/td><td><strong>Llegada<\/strong><\/td><\/tr><tr><td>AR 1364<\/td><td><strong>Buenos Aires (AEP)<\/strong><\/td><td>18:10<\/td><td><strong>Lima (LIM)<\/strong><\/td><td>21:30<\/td><\/tr><tr><td>AR 1365<\/td><td><strong>Lima (LIM)<\/strong><\/td><td>23:00<\/td><td><strong>Buenos Aires (AEP)<\/strong><\/td><td>05:40&nbsp;<strong>+1<\/strong><\/td><\/tr><\/tbody><\/table><\/figure>\n\n\n\n<p>Frecuencias a partir del 3 de abril<\/p>\n\n\n\n<figure class=\"wp-block-table\"><table><tbody><tr><td><strong>Vuelo<\/strong><\/td><td><strong>Lun<\/strong><\/td><td><strong>Mar<\/strong><\/td><td><strong>Mi\u00e9<\/strong><\/td><td><strong>Jue<\/strong><\/td><td><strong>Vie<\/strong><\/td><td><strong>S\u00e1b<\/strong><\/td><td><strong>Dom<\/strong><\/td><\/tr><tr><td>AR 1364<\/td><td><\/td><td><strong>X<\/strong><\/td><td><\/td><td><\/td><td><\/td><td><strong>X<\/strong><\/td><td><\/td><\/tr><tr><td>AR 1365<\/td><td><\/td><td><strong>X<\/strong><\/td><td><\/td><td><\/td><td><\/td><td><strong>X<\/strong><\/td><td><\/td><\/tr><\/tbody><\/table><\/figure>\n\n\n\n<figure class=\"wp-block-image size-large\"><a href=\"https:\/\/www.aviacionline.com\/2021\/03\/aerolineas-argentinas-empieza-a-volar-a-lima-desde-aeroparque\/\"><img loading=\"lazy\" decoding=\"async\" width=\"760\" height=\"200\" src=\"https:\/\/nubesmgzdigital.com.ar\/wp-content\/uploads\/2021\/03\/Screenshot_20210323-214837.png\" alt=\"\" class=\"wp-image-6462\" srcset=\"https:\/\/nubesmgzdigital.com.ar\/wp-content\/uploads\/2021\/03\/Screenshot_20210323-214837.png 760w, https:\/\/nubesmgzdigital.com.ar\/wp-content\/uploads\/2021\/03\/Screenshot_20210323-214837-300x79.png 300w, https:\/\/nubesmgzdigital.com.ar\/wp-content\/uploads\/2021\/03\/Screenshot_20210323-214837-696x183.png 696w\" sizes=\"auto, (max-width: 760px) 100vw, 760px\" \/><\/a><\/figure>\n\n\n\n<p><\/p>\n","protected":false},"excerpt":{"rendered":"<p>Hoy a las 18:10 despeg\u00f3 desde el Aeroparque Jorge Newbery el primer vuelo de Aerol\u00edneas Argentinas con destino Lima. Hasta el 21 de marzo, todas las operaciones entre las capitales de Argentina y Per\u00fa hab\u00edan sido realizadas en Ezeiza. Ahora, durante el nuevo proceso de internacionalizaci\u00f3n del Aeroparque Jorge Newbery, han sido trasladadas a este [&hellip;]<\/p>\n","protected":false},"author":2,"featured_media":6463,"comment_status":"open","ping_status":"open","sticky":false,"template":"","format":"standard","meta":{"footnotes":""},"categories":[116],"tags":[],"class_list":["post-6461","post","type-post","status-publish","format-standard","has-post-thumbnail","hentry","category-aerolineas"],"post_mailing_queue_ids":[],"_links":{"self":[{"href":"https:\/\/nubesmgzdigital.com.ar\/index.php\/wp-json\/wp\/v2\/posts\/6461","targetHints":{"allow":["GET"]}}],"collection":[{"href":"https:\/\/nubesmgzdigital.com.ar\/index.php\/wp-json\/wp\/v2\/posts"}],"about":[{"href":"https:\/\/nubesmgzdigital.com.ar\/index.php\/wp-json\/wp\/v2\/types\/post"}],"author":[{"embeddable":true,"href":"https:\/\/nubesmgzdigital.com.ar\/index.php\/wp-json\/wp\/v2\/users\/2"}],"replies":[{"embeddable":true,"href":"https:\/\/nubesmgzdigital.com.ar\/index.php\/wp-json\/wp\/v2\/comments?post=6461"}],"version-history":[{"count":3,"href":"https:\/\/nubesmgzdigital.com.ar\/index.php\/wp-json\/wp\/v2\/posts\/6461\/revisions"}],"predecessor-version":[{"id":6468,"href":"https:\/\/nubesmgzdigital.com.ar\/index.php\/wp-json\/wp\/v2\/posts\/6461\/revisions\/6468"}],"wp:featuredmedia":[{"embeddable":true,"href":"https:\/\/nubesmgzdigital.com.ar\/index.php\/wp-json\/wp\/v2\/media\/6463"}],"wp:attachment":[{"href":"https:\/\/nubesmgzdigital.com.ar\/index.php\/wp-json\/wp\/v2\/media?parent=6461"}],"wp:term":[{"taxonomy":"category","embeddable":true,"href":"https:\/\/nubesmgzdigital.com.ar\/index.php\/wp-json\/wp\/v2\/categories?post=6461"},{"taxonomy":"post_tag","embeddable":true,"href":"https:\/\/nubesmgzdigital.com.ar\/index.php\/wp-json\/wp\/v2\/tags?post=6461"}],"curies":[{"name":"wp","href":"https:\/\/api.w.org\/{rel}","templated":true}]}}