{"id":6489,"date":"2021-03-28T22:13:49","date_gmt":"2021-03-29T01:13:49","guid":{"rendered":"http:\/\/nubesmgzdigital.com.ar\/?p=6489"},"modified":"2021-03-28T22:13:51","modified_gmt":"2021-03-29T01:13:51","slug":"impulsan-la-creacion-del-mayor-parque-nacional-del-pais-en-la-laguna-de-mar-chiquita","status":"publish","type":"post","link":"https:\/\/nubesmgzdigital.com.ar\/index.php\/2021\/03\/28\/impulsan-la-creacion-del-mayor-parque-nacional-del-pais-en-la-laguna-de-mar-chiquita\/","title":{"rendered":"Impulsan la creaci\u00f3n del mayor parque nacional del pa\u00eds en la laguna de Mar Chiquita"},"content":{"rendered":"\n<p>Por Iv\u00e1n Federico Hojman<\/p>\n\n\n\n<p>La laguna de Mar Chiquita y los Ba\u00f1ados del R\u00edo Dulce son un enorme humedal, de alrededor de un mill\u00f3n de hect\u00e1reas, donde solo el lago salado ronda las 600.000 hect\u00e1reas.<\/p>\n\n\n\n<p>La provincia de C\u00f3rdoba junto con organizaciones naturalistas y la Administraci\u00f3n de Parques Nacionales impulsan la creaci\u00f3n del Parque Nacional Ansenuza, localizado en la laguna de Mar Chiquita, en el noreste de la provincia, que podr\u00eda transformarse en el \u00e1rea protegida m\u00e1s grande del pa\u00eds&nbsp;<strong>con casi un mill\u00f3n de hect\u00e1reas.<\/strong><\/p>\n\n\n\n<p>El parque se emplazar\u00eda en la mayor cuenca endorreica de Argentina, que comprende a la laguna de Mar Chiquita, que es el lago salino m\u00e1s grande Sudam\u00e9rica y entre los cinco primeros del mundo, los extensos ba\u00f1ados del R\u00edo Dulce en la costa norte y las bocas de varios r\u00edos secundarios al sur.<\/p>\n\n\n\n<p><strong>Daniel Somma, presidente de Parques Nacionales<\/strong>, dijo en di\u00e1logo con T\u00e9lam que \u201ces un proyecto prioritario, es un humedal de importancia internacional\u201d.<\/p>\n\n\n\n<p>\u201cSe trata de un \u00e1rea de casi un mill\u00f3n de hect\u00e1reas. Adem\u00e1s en la zona hay un c\u00e1nido muy amenazado como es el aguar\u00e1 guaz\u00fa\u201d, detall\u00f3.<\/p>\n\n\n\n<p>Sostuvo que \u201chay que hacer el esfuerzo para tener la mejor calidad de&nbsp;<strong>conservaci\u00f3n de un humedal de esa extensi\u00f3n&nbsp;<\/strong>y de esa calidad dentro de la regi\u00f3n pampeana, que est\u00e1 inserto en un espacio fundamentalmente agropecuario\u201d, sostuvo.<\/p>\n\n\n\n<figure class=\"wp-block-embed is-type-video is-provider-youtube wp-block-embed-youtube wp-embed-aspect-16-9 wp-has-aspect-ratio\"><div class=\"wp-block-embed__wrapper\">\n<iframe loading=\"lazy\"  id=\"_ytid_77530\"  width=\"640\" height=\"360\"  data-origwidth=\"640\" data-origheight=\"360\" src=\"https:\/\/www.youtube.com\/embed\/02vwOSWRcjU?enablejsapi=1&#038;autoplay=0&#038;cc_load_policy=0&#038;cc_lang_pref=&#038;iv_load_policy=1&#038;loop=0&#038;rel=1&#038;fs=1&#038;playsinline=0&#038;autohide=2&#038;theme=dark&#038;color=red&#038;controls=1&#038;disablekb=0&#038;\" class=\"__youtube_prefs__  epyt-is-override  no-lazyload\" title=\"YouTube player\"  allow=\"fullscreen; accelerometer; autoplay; clipboard-write; encrypted-media; gyroscope; picture-in-picture; web-share\" referrerpolicy=\"strict-origin-when-cross-origin\" allowfullscreen data-no-lazy=\"1\" data-skipgform_ajax_framebjll=\"\"><\/iframe>\n<\/div><\/figure>\n\n\n\n<p>Por su parte,&nbsp;<strong>Hern\u00e1n Casa\u00f1as, director de la ONG Aves Argentinas<\/strong>, una de las principales organizaciones que viene impulsando la creaci\u00f3n del parque nacional, se\u00f1al\u00f3 a esta agencia que &#8220;<strong>queremos conservar este lugar a perpetuidad, es un ecosistema \u00fanico<\/strong>. Estamos a tiempo de cambiar la situaci\u00f3n acuciante en lo ambiental, la p\u00e9rdida de biodiversidad viene a un ritmo inusitado en la historia&#8221;.<\/p>\n\n\n\n<p>El \u00e1rea de la laguna de Mar Chiquita y los ba\u00f1ados del R\u00edo Dulce fueron declarados&nbsp;<strong>Reserva Provincial de Uso M\u00faltiple en 1994 y declarada Humedal de Importancia Internacional por la Convenci\u00f3n Ramsar en 2002<\/strong>, por la riqueza de su biodiversidad en el ecosistema.<\/p>\n\n\n\n<p>Desde 2017 se est\u00e1 trabajando para alcanzar la mayor protecci\u00f3n a nivel nacional, luego de que se firmara un convenio marco de cooperaci\u00f3n entre Naci\u00f3n, Provincia de C\u00f3rdoba y la Administraci\u00f3n de Parques Nacionales.<\/p>\n\n\n\n<p><img decoding=\"async\" src=\"https:\/\/www.telam.com.ar\/advf\/imagenes\/2021\/03\/6060ca77b9c83_1004x565.jpg\" alt=\"&quot;La gente est\u00e1 \u00e1vida de hacer cosas en la naturaleza. Queremos un parque sin restricciones, que sea por y para la gente&quot;, dice Laura Josens, bi\u00f3loga de la ONG Aves Argentinas.\">&#8220;La gente est\u00e1 \u00e1vida de hacer cosas en la naturaleza. Queremos un parque sin restricciones, que sea por y para la gente&#8221;, dice Laura Josens, bi\u00f3loga de la ONG Aves Argentinas.<\/p>\n\n\n\n<p>&#8220;Los parques nacionales son una herramienta para el desarrollo y para hacer crecer el sentido de pertenencia, que los argentinos nos sintamos orgullosos de lo nativo&#8221;, asegur\u00f3 Casa\u00f1as y destac\u00f3 que arribar a esa protecci\u00f3n &#8220;le va a dar a la zona una visibilidad nacional e internacional inmejorable&#8221;.<\/p>\n\n\n\n<p><strong>&#8220;Los parques son amortiguadores del cambio clim\u00e1tico<\/strong>, conservar y restaurar los ambientes naturales es la mejor manera&#8221;, explic\u00f3.<\/p>\n\n\n\n<p>La laguna de Mar Chiquita y los Ba\u00f1ados del R\u00edo Dulce son un enorme humedal, de alrededor de un mill\u00f3n de hect\u00e1reas, donde solo el lago salado ronda las 600.000 hect\u00e1reas.<\/p>\n\n\n\n<p><strong>Es un h\u00e1bitat \u00fanico ya que en la regi\u00f3n se encuentra el 66% de todas las especies de aves migratorias y playeras registradas en Argentina<\/strong>, y se concentran m\u00e1s de 380 especies de aves, casi el 36% de la avifauna total del pa\u00eds.<\/p>\n\n\n\n<p><img decoding=\"async\" src=\"https:\/\/www.telam.com.ar\/advf\/imagenes\/2021\/03\/6060ca77ca6be_1004x565.jpg\" alt=\"El avistaje de aves tiene miles de adeptos en Mar Chiquita.\">El avistaje de aves tiene miles de adeptos en Mar Chiquita.<\/p>\n\n\n\n<p>Mar Chiquita&nbsp;<strong>alberga las tres especies de flamencos que hay en Sudam\u00e9rica<\/strong>, donde el flamenco austral, que es la especie m\u00e1s abundante y se la encuentra durante todo el a\u00f1o, cuenta con poblaciones de hasta 350 mil individuos, seg\u00fan el \u00faltimo censo.<\/p>\n\n\n\n<p>Las costas de la laguna son el lugar ideal para observar aves acu\u00e1ticas como el cisne coscoroba, tero real, gaviota capucho caf\u00e9, bigu\u00e1, garza blanca, garza mora, entre otras.<\/p>\n\n\n\n<p>En las inmediaciones de la laguna, seg\u00fan \u00faltimos estudios que han hecho las organizaciones con c\u00e1maras trampa, se observaron&nbsp;<strong>pumas, pecar\u00edes y carpinchos y aguar\u00e1 guaz\u00fa, entre otros mam\u00edferos.<\/strong><\/p>\n\n\n\n<p><strong>Lucila Castro, bi\u00f3loga, directora de la ONG Natura International&nbsp;<\/strong>y oriunda de Miramar, uno de los pueblos costeros a la laguna, asegur\u00f3 que &#8220;este humedal necesita protecci\u00f3n, tenemos la oportunidad de crear el parque nacional m\u00e1s grande de Argentina&#8221;.<\/p>\n\n\n\n<p>&#8220;Las decisiones que hoy tomemos marcar\u00e1n el futuro de generaciones porque&nbsp;<strong>un parque nacional es la figura m\u00e1s fuerte de protecci\u00f3n por las leyes en Argentina.<\/strong>&nbsp;Sirve para ordenar las actividades que se pueden hacer y cu\u00e1les no en la zona&#8221;, aclar\u00f3.<\/p>\n\n\n\n<p><img decoding=\"async\" src=\"https:\/\/www.telam.com.ar\/advf\/imagenes\/2021\/03\/6060ca779eec2_1004x565.jpg\" alt=\"Las costas de la laguna son el lugar ideal para observar aves acu\u00e1ticas como el cisne coscoroba, tero real, gaviota capucho caf\u00e9, bigu\u00e1, garza blanca, garza mora, entre otras.\">Las costas de la laguna son el lugar ideal para observar aves acu\u00e1ticas como el cisne coscoroba, tero real, gaviota capucho caf\u00e9, bigu\u00e1, garza blanca, garza mora, entre otras.<\/p>\n\n\n\n<p><strong>Las principales amenazas&nbsp;<\/strong>para este complejo ecosistema y para toda su fauna y flora en general est\u00e1n asociadas a la degradaci\u00f3n del monte nativo, la tala, la caza, el sobrepastoreo, el avance de la frontera agr\u00edcola, la extracci\u00f3n de agua de los r\u00edos que la alimentan, y posterior reducci\u00f3n de humedales, la contaminaci\u00f3n del agua y el turismo no sustentable.<\/p>\n\n\n\n<p>Para la conformaci\u00f3n del parque resta resolver la situaci\u00f3n con los productores del norte de la laguna, donde una decena reclama por&nbsp;<strong>hect\u00e1reas que hoy est\u00e1n bajo el agua por la crecida de 2003&nbsp;<\/strong>y con otros poseedores de tierras que hacen ganader\u00eda trashumante en esa zona.<\/p>\n\n\n\n<p>Luego, la provincia de C\u00f3rdoba deber\u00eda sancionar una ley para la sesi\u00f3n de tierras hacia el Estado nacional, que pasar\u00edan a ser administradas por Parques Nacionales.<\/p>\n\n\n\n<p><img decoding=\"async\" src=\"https:\/\/www.telam.com.ar\/advf\/imagenes\/2021\/03\/6060ca77c2c87_1004x565.jpg\" alt=\"Las puestas de sol, otro atractivo del futuro parque nacional.\">Las puestas de sol, otro atractivo del futuro parque nacional.<\/p>\n\n\n\n<p>La Fundaci\u00f3n Wyss, de Suiza, decidi\u00f3 apoyar a trav\u00e9s de Aves Argentinas el proceso de creaci\u00f3n del Parque Nacional Ansenuza, firmando un acuerdo en el cual se comprometi\u00f3 a realizar&nbsp;<strong>un aporte de 5,8 millones de d\u00f3lares para la concreci\u00f3n del Parque Nacional.<\/strong><\/p>\n\n\n\n<p>&#8220;Ser\u00eda el primer parque que se inicie ya con la infraestructura conformada&#8221;, destac\u00f3 Casa\u00f1as y explic\u00f3 que quiere realizarse un proceso similar al del Parque Nacional Iber\u00e1, en Corrientes, donde las tierras fueron cedidas por Conservation Land Trust y Fundaci\u00f3n Flora y Fauna a trav\u00e9s de un proceso gradual de donaci\u00f3n a Parques Nacionales.<\/p>\n\n\n\n<h4 class=\"wp-block-heading\">Ideal para el ecoturismo<\/h4>\n\n\n\n<p>La propuesta de creaci\u00f3n del Parque Nacional Ansenuza es vista por intendentes locales como una oportunidad para desarrollar el ecoturismo y&nbsp;<strong>diversificar las econom\u00edas regionales de la zona<\/strong>, a la vez que para los bi\u00f3logos es una oportunidad para restaurar las poblaciones de fauna y flora nativas.<\/p>\n\n\n\n<p>Desde 2017, cuando comenz\u00f3 el proceso en busca de conformar el parque nacional, en la Regi\u00f3n de Ansenuza se vienen desarrollando diferentes actividades junto con las localidades que rodean este gran lago salado para estimular el turismo sustentable, basado en&nbsp;<strong>el avistamiento de aves<\/strong>, ya que all\u00ed se concentran 380 especies donde se destacan las bandadas de flamencos.<\/p>\n\n\n\n<p><strong>El turismo de naturaleza&nbsp;<\/strong>consta de senderismo, cabalgatas, kayaks, observaci\u00f3n de aves, mientras que en el turismo rural, el gastron\u00f3mico y religioso son los puntos fuertes del lugar.&nbsp;&#8220;Estamos ante un cambio de paradigma, nuestro mayor desaf\u00edo es la concientizaci\u00f3n de que tenemos que preservar esta zona&#8221;, asegur\u00f3&nbsp;<strong>Jorge Bria, intendente de Morteros.<\/strong><\/p>\n\n\n\n<p>&#8220;El parque nacional le dar\u00eda otra vuelta de rosca a nuestras econom\u00edas regionales, que hoy son s\u00f3lo agropecuarias&#8221;, asever\u00f3 el&nbsp;<strong>intendente de Brinkman, Gustavo Tevez.<\/strong><\/p>\n\n\n\n<p><strong>Mart\u00edn Guzm\u00e1n, intendente de La Para<\/strong>, asegur\u00f3 que la conformaci\u00f3n del Parque Nacional &#8220;da una imagen de la zona, nos hace visibles al mundo.&nbsp;Hay que valorar y cuidar lo que tenemos ya que una gran cantidad de biodiversidad, muchas veces ni la gente de ac\u00e1 la conoce. Adem\u00e1s, hay una cuesti\u00f3n de infraestructura que hay que resolver, ponerse a la altura de las circunstancias&#8221;, advirti\u00f3.<\/p>\n\n\n\n<p>La laguna de Mar Chiquita y los Ba\u00f1ados del R\u00edo Dulce forman&nbsp;una cuenca cerrada alimentada por&nbsp;<strong>tres r\u00edos: el Dulce tambi\u00e9n llamado Sal\u00ed, el Primero denominado Suqu\u00eda, y Segundo, conocido como Xanaes.<\/strong><\/p>\n\n\n\n<p>Este ecosistema complejo comprende una gran diversidad de ambientes que incluyen el enorme espejo de agua salina, los cauces de los r\u00edos, lagunas permanentes y temporarias, playas barrosas, matorrales de arbustos y cardones, bosques de tipo chaque\u00f1o y espinal, salinas, amplios pastizales y sabanas inundables.<\/p>\n\n\n\n<p><strong>La laguna pertenece a la Red Internacional de Lagos Vivientes&nbsp;<\/strong>y fue hermanado con los lagos salados Mono Lake y Salt Lake, en Estados Unidos, ya que en los tres se posa un ave migratoria.&nbsp;&#8220;Algunas poblaciones como los falaropos migran hacia Estados Unidos y Canad\u00e1, entonces sin la protecci\u00f3n de la Mar Chiquita ser\u00eda un desastre internacional&#8221;, explic\u00f3&nbsp;<strong>Laura Josens, bi\u00f3loga e integrante de la ONG Aves Argentinas.<\/strong><\/p>\n\n\n\n<p>&#8220;Hay una biodiversidad \u00fanica en \u00e1reas peque\u00f1as hoy en d\u00eda, si restauramos los ecosistemas habr\u00e1 m\u00e1s&#8221;, sostuvo sobre los avances que significar\u00eda declarar esta zona como parque nacional e impulsar pol\u00edticas de conservaci\u00f3n y restauraci\u00f3n de flora y fauna aut\u00f3ctona.&nbsp;<strong>&#8220;La gente est\u00e1 \u00e1vida de hacer cosas en la naturaleza.<\/strong>&nbsp;Queremos un parque sin restricciones, que sea por y para la gente&#8221;, concluy\u00f3.<\/p>\n\n\n\n<figure class=\"wp-block-image size-large\"><img loading=\"lazy\" decoding=\"async\" width=\"1024\" height=\"102\" src=\"http:\/\/nubesmgzdigital.com.ar\/wp-content\/uploads\/2021\/02\/telam-1-1024x102.jpg\" alt=\"\" class=\"wp-image-6018\" srcset=\"https:\/\/nubesmgzdigital.com.ar\/wp-content\/uploads\/2021\/02\/telam-1-1024x102.jpg 1024w, https:\/\/nubesmgzdigital.com.ar\/wp-content\/uploads\/2021\/02\/telam-1-300x30.jpg 300w, https:\/\/nubesmgzdigital.com.ar\/wp-content\/uploads\/2021\/02\/telam-1-768x77.jpg 768w, https:\/\/nubesmgzdigital.com.ar\/wp-content\/uploads\/2021\/02\/telam-1-696x70.jpg 696w, https:\/\/nubesmgzdigital.com.ar\/wp-content\/uploads\/2021\/02\/telam-1-1068x107.jpg 1068w, https:\/\/nubesmgzdigital.com.ar\/wp-content\/uploads\/2021\/02\/telam-1.jpg 1151w\" sizes=\"auto, (max-width: 1024px) 100vw, 1024px\" \/><\/figure>\n\n\n","protected":false},"excerpt":{"rendered":"<p>Por Iv\u00e1n Federico Hojman La laguna de Mar Chiquita y los Ba\u00f1ados del R\u00edo Dulce son un enorme humedal, de alrededor de un mill\u00f3n de hect\u00e1reas, donde solo el lago salado ronda las 600.000 hect\u00e1reas. La provincia de C\u00f3rdoba junto con organizaciones naturalistas y la Administraci\u00f3n de Parques Nacionales impulsan la creaci\u00f3n del Parque Nacional [&hellip;]<\/p>\n","protected":false},"author":2,"featured_media":6490,"comment_status":"open","ping_status":"open","sticky":false,"template":"","format":"standard","meta":{"footnotes":""},"categories":[114,135],"tags":[],"class_list":["post-6489","post","type-post","status-publish","format-standard","has-post-thumbnail","hentry","category-turismo-destinos","category-region-pampeana"],"post_mailing_queue_ids":[],"_links":{"self":[{"href":"https:\/\/nubesmgzdigital.com.ar\/index.php\/wp-json\/wp\/v2\/posts\/6489","targetHints":{"allow":["GET"]}}],"collection":[{"href":"https:\/\/nubesmgzdigital.com.ar\/index.php\/wp-json\/wp\/v2\/posts"}],"about":[{"href":"https:\/\/nubesmgzdigital.com.ar\/index.php\/wp-json\/wp\/v2\/types\/post"}],"author":[{"embeddable":true,"href":"https:\/\/nubesmgzdigital.com.ar\/index.php\/wp-json\/wp\/v2\/users\/2"}],"replies":[{"embeddable":true,"href":"https:\/\/nubesmgzdigital.com.ar\/index.php\/wp-json\/wp\/v2\/comments?post=6489"}],"version-history":[{"count":1,"href":"https:\/\/nubesmgzdigital.com.ar\/index.php\/wp-json\/wp\/v2\/posts\/6489\/revisions"}],"predecessor-version":[{"id":6491,"href":"https:\/\/nubesmgzdigital.com.ar\/index.php\/wp-json\/wp\/v2\/posts\/6489\/revisions\/6491"}],"wp:featuredmedia":[{"embeddable":true,"href":"https:\/\/nubesmgzdigital.com.ar\/index.php\/wp-json\/wp\/v2\/media\/6490"}],"wp:attachment":[{"href":"https:\/\/nubesmgzdigital.com.ar\/index.php\/wp-json\/wp\/v2\/media?parent=6489"}],"wp:term":[{"taxonomy":"category","embeddable":true,"href":"https:\/\/nubesmgzdigital.com.ar\/index.php\/wp-json\/wp\/v2\/categories?post=6489"},{"taxonomy":"post_tag","embeddable":true,"href":"https:\/\/nubesmgzdigital.com.ar\/index.php\/wp-json\/wp\/v2\/tags?post=6489"}],"curies":[{"name":"wp","href":"https:\/\/api.w.org\/{rel}","templated":true}]}}