{"id":6503,"date":"2021-03-30T16:35:33","date_gmt":"2021-03-30T19:35:33","guid":{"rendered":"http:\/\/nubesmgzdigital.com.ar\/?p=6503"},"modified":"2021-03-30T16:35:36","modified_gmt":"2021-03-30T19:35:36","slug":"reunion-de-cafiero-lammens-y-vizzotti-con-asesores-del-comite-de-expertos","status":"publish","type":"post","link":"https:\/\/nubesmgzdigital.com.ar\/index.php\/2021\/03\/30\/reunion-de-cafiero-lammens-y-vizzotti-con-asesores-del-comite-de-expertos\/","title":{"rendered":"Reuni\u00f3n de Cafiero, Lammens y Vizzotti con asesores del comit\u00e9 de expertos"},"content":{"rendered":"\n<p><strong><em>Con el objetivo de fortalecer el cumplimiento de los protocolos durante el fin de semana largo mientras se sostiene la actividad del sector tur\u00edstico.<\/em><\/strong><\/p>\n\n\n\n<p>Para reforzar el cumplimiento de las medidas de cuidado contra el COVID-19 de cara al fin de semana largo de Semana Santa, jefe de Gabinete de Ministros,&nbsp;<strong>Santiago Cafiero<\/strong>, el ministro de Turismo y Deportes,&nbsp;<strong>Mat\u00edas Lammens<\/strong>, y su par de Salud, **Carla Vizzotti*, se reunieron con el comit\u00e9 de expertos compuesto por asesores m\u00e9dicos y cient\u00edficos.<\/p>\n\n\n\n<p>Tras el encuentro, el ministro&nbsp;<strong>Lammens<\/strong>&nbsp;asegur\u00f3: \u201c<em>Tal como estaba previsto, no va a haber restricciones para viajar por el pa\u00eds durante Semana Santa. Por supuesto que la situaci\u00f3n epidemiol\u00f3gica de los pa\u00edses vecinos nos lleva a extremar los cuidados. Por eso estamos trabajando con el sector p\u00fablico y privado para garantizar el cumplimiento de los protocolos. Lo hemos hecho muy bien durante el verano, lo que nos permiti\u00f3, dentro de este contexto dif\u00edcil, tener una exitosa temporada, sin alterar la curva de contagios<\/em>\u201d.<\/p>\n\n\n\n<p>\u201c<em>Es importante para la salud mental poder descansar unos d\u00edas y es fundamental para las econom\u00edas regionales seguir reactivando el turismo. Vamos a reforzar los controles en aeropuertos, terminales y los principales destinos y queremos reforzar el mensaje de cuidado para que podamos disfrutar nuestros maravillosos destinos en este fin de semana largo<\/em>\u201d, agreg\u00f3 Lammens en conferencia de prensa desde Casa Rosada.<\/p>\n\n\n\n<figure class=\"wp-block-image size-large\"><img decoding=\"async\" src=\"https:\/\/www.argentina.gob.ar\/sites\/default\/files\/20210329_lammens_conf._prensa_semana_sta_covid_jgm_1596_is_envio_1.jpg\" alt=\"\"\/><\/figure>\n\n\n\n<p>Previo al encuentro, del que tambi\u00e9n participaron los ministros\u00a0<strong>Wado de Pedro<\/strong>\u00a0y\u00a0<strong>Mario Meoni<\/strong>, Lammens y Vizzoti tuvieron reuniones con\u00a0<a href=\"https:\/\/www.argentina.gob.ar\/noticias\/lammens-y-vizzotti-se-reunieron-con-representantes-del-sector-turistico\">autoridades de las c\u00e1maras y federaciones del turismo y hoteler\u00eda de todo el pa\u00eds<\/a>. En el mismo sentido, el titular de la cartera de Turismo y Deportes tendr\u00e1, durante la jornada del martes, una agenda de trabajo con intendentes de municipios tur\u00edsticos y con el Consejo Federal de Turismo (CFT), entre otras actividades.<\/p>\n\n\n\n<figure class=\"wp-block-embed is-type-video is-provider-youtube wp-block-embed-youtube wp-embed-aspect-16-9 wp-has-aspect-ratio\"><div class=\"wp-block-embed__wrapper\">\n<iframe loading=\"lazy\"  id=\"_ytid_87101\"  width=\"640\" height=\"360\"  data-origwidth=\"640\" data-origheight=\"360\" src=\"https:\/\/www.youtube.com\/embed\/0OZr61AGsX0?enablejsapi=1&#038;autoplay=0&#038;cc_load_policy=0&#038;cc_lang_pref=&#038;iv_load_policy=1&#038;loop=0&#038;rel=1&#038;fs=1&#038;playsinline=0&#038;autohide=2&#038;theme=dark&#038;color=red&#038;controls=1&#038;disablekb=0&#038;\" class=\"__youtube_prefs__  epyt-is-override  no-lazyload\" title=\"YouTube player\"  allow=\"fullscreen; accelerometer; autoplay; clipboard-write; encrypted-media; gyroscope; picture-in-picture; web-share\" referrerpolicy=\"strict-origin-when-cross-origin\" allowfullscreen data-no-lazy=\"1\" data-skipgform_ajax_framebjll=\"\"><\/iframe>\n<\/div><\/figure>\n\n\n\n<figure class=\"wp-block-image size-large\"><a href=\"https:\/\/www.argentina.gob.ar\/noticias\/reunion-de-cafiero-lammens-y-vizzotti-con-asesores-del-comite-de-expertos\" target=\"_blank\" rel=\"noopener\"><img loading=\"lazy\" decoding=\"async\" width=\"852\" height=\"182\" src=\"http:\/\/nubesmgzdigital.com.ar\/wp-content\/uploads\/2021\/03\/argentina_unida-2.jpeg\" alt=\"\" class=\"wp-image-6504\" srcset=\"https:\/\/nubesmgzdigital.com.ar\/wp-content\/uploads\/2021\/03\/argentina_unida-2.jpeg 852w, https:\/\/nubesmgzdigital.com.ar\/wp-content\/uploads\/2021\/03\/argentina_unida-2-300x64.jpeg 300w, https:\/\/nubesmgzdigital.com.ar\/wp-content\/uploads\/2021\/03\/argentina_unida-2-768x164.jpeg 768w, https:\/\/nubesmgzdigital.com.ar\/wp-content\/uploads\/2021\/03\/argentina_unida-2-696x149.jpeg 696w\" sizes=\"auto, (max-width: 852px) 100vw, 852px\" \/><\/a><\/figure>\n","protected":false},"excerpt":{"rendered":"<p>Con el objetivo de fortalecer el cumplimiento de los protocolos durante el fin de semana largo mientras se sostiene la actividad del sector tur\u00edstico. Para reforzar el cumplimiento de las medidas de cuidado contra el COVID-19 de cara al fin de semana largo de Semana Santa, jefe de Gabinete de Ministros,&nbsp;Santiago Cafiero, el ministro de [&hellip;]<\/p>\n","protected":false},"author":2,"featured_media":6505,"comment_status":"open","ping_status":"open","sticky":false,"template":"","format":"standard","meta":{"footnotes":""},"categories":[111],"tags":[],"class_list":["post-6503","post","type-post","status-publish","format-standard","has-post-thumbnail","hentry","category-nacional"],"post_mailing_queue_ids":[],"_links":{"self":[{"href":"https:\/\/nubesmgzdigital.com.ar\/index.php\/wp-json\/wp\/v2\/posts\/6503","targetHints":{"allow":["GET"]}}],"collection":[{"href":"https:\/\/nubesmgzdigital.com.ar\/index.php\/wp-json\/wp\/v2\/posts"}],"about":[{"href":"https:\/\/nubesmgzdigital.com.ar\/index.php\/wp-json\/wp\/v2\/types\/post"}],"author":[{"embeddable":true,"href":"https:\/\/nubesmgzdigital.com.ar\/index.php\/wp-json\/wp\/v2\/users\/2"}],"replies":[{"embeddable":true,"href":"https:\/\/nubesmgzdigital.com.ar\/index.php\/wp-json\/wp\/v2\/comments?post=6503"}],"version-history":[{"count":1,"href":"https:\/\/nubesmgzdigital.com.ar\/index.php\/wp-json\/wp\/v2\/posts\/6503\/revisions"}],"predecessor-version":[{"id":6506,"href":"https:\/\/nubesmgzdigital.com.ar\/index.php\/wp-json\/wp\/v2\/posts\/6503\/revisions\/6506"}],"wp:featuredmedia":[{"embeddable":true,"href":"https:\/\/nubesmgzdigital.com.ar\/index.php\/wp-json\/wp\/v2\/media\/6505"}],"wp:attachment":[{"href":"https:\/\/nubesmgzdigital.com.ar\/index.php\/wp-json\/wp\/v2\/media?parent=6503"}],"wp:term":[{"taxonomy":"category","embeddable":true,"href":"https:\/\/nubesmgzdigital.com.ar\/index.php\/wp-json\/wp\/v2\/categories?post=6503"},{"taxonomy":"post_tag","embeddable":true,"href":"https:\/\/nubesmgzdigital.com.ar\/index.php\/wp-json\/wp\/v2\/tags?post=6503"}],"curies":[{"name":"wp","href":"https:\/\/api.w.org\/{rel}","templated":true}]}}